{"id":6289,"date":"2020-11-29T14:58:00","date_gmt":"2020-11-29T14:58:00","guid":{"rendered":"http:\/\/hoycordobaweb.com\/index.php\/2020\/11\/29\/alemania-supero-el-umbral-de-las-16-000-muertes-y-notifico-mas-de-14-600-nuevos-contagios\/"},"modified":"2020-11-29T14:58:00","modified_gmt":"2020-11-29T14:58:00","slug":"alemania-supero-el-umbral-de-las-16-000-muertes-y-notifico-mas-de-14-600-nuevos-contagios","status":"publish","type":"post","link":"http:\/\/hoycordobaweb.com\/index.php\/2020\/11\/29\/alemania-supero-el-umbral-de-las-16-000-muertes-y-notifico-mas-de-14-600-nuevos-contagios\/","title":{"rendered":"Alemania super\u00f3 el umbral de las 16.000 muertes y notific\u00f3 m\u00e1s de 14.600 nuevos contagios"},"content":{"rendered":"<p><img src=\"http:\/\/hoycordobaweb.com\/wp-content\/uploads\/2020\/11\/alemania-supero-el-umbral-de-las-16-000-muertes-y-notifico-mas-de-14-600-nuevos-contagios.jpg\"><\/p>\n<div class=\"image\" id=\"image\" readability=\"8\"> <img src=\"http:\/\/hoycordobaweb.com\/wp-content\/uploads\/2020\/11\/alemania-supero-el-umbral-de-las-16-000-muertes-y-notifico-mas-de-14-600-nuevos-contagios-2.jpg\" alt=\"El pico de infecciones en un d\u00eda desde el comienzo de la pandemia en Alemania se alcanz\u00f3 el viernes pasado.\" title=\"El pico de infecciones en un d\u00eda desde el comienzo de la pandemia en Alemania se alcanz\u00f3 el viernes pasado.\"><\/p>\n<p>El pico de infecciones en un d\u00eda desde el comienzo de la pandemia en Alemania se alcanz\u00f3 el viernes pasado.<\/p>\n<\/div>\n<p>Alemania sum\u00f3 este domingo 14.600 nuevos contagios de coronavirus y 158 muertes en las \u00faltimas 24 horas, y <strong>super\u00f3 la barrera de los 16.000 decesos totales a causa de la Covid-19<\/strong>, seg\u00fan los datos proporcionados por el Instituto Robert Koch (RKI), el centro encargado del control de las enfermedades infecciosas en el pa\u00eds.<\/p>\n<p><strong>En concreto, las autoridades sanitarias alemanas constataron 14.611 nuevos casos, unos 1.130 menos en comparaci\u00f3n con los 15.741 confirmados el domingo anterior.<\/strong><\/p>\n<p>El pico de infecciones en un d\u00eda desde el comienzo de la pandemia en Alemania se alcanz\u00f3 el viernes pasado, con 23.648 nuevos contagios.<\/p>\n<p>Los domingos y lunes, el n\u00famero de casos reportados diariamente es menor que en otros d\u00edas de la semana porque, de acuerdo con el RKI, se toman menos muestras durante el fin de semana y por lo tanto se hacen menos pruebas en general.<\/p>\n<p><strong>En tanto, el presidente Frank-Walter Steinmeier asegur\u00f3 a los alemanes que, pese a que la situaci\u00f3n obligue a continuar con las restricciones impuestas, \u00abla pandemia no nos quitar\u00e1 nuestro futuro\u00bb.<\/strong><\/p>\n<p>Asimismo, record\u00f3 que los avances en investigaci\u00f3n m\u00e9dica permiten vislumbrar que los contagios disminuir\u00e1n.<\/p>\n<div class=\"image\" id=\"image\" readability=\"8\"> <img src=\"http:\/\/hoycordobaweb.com\/wp-content\/uploads\/2020\/11\/alemania-supero-el-umbral-de-las-16-000-muertes-y-notifico-mas-de-14-600-nuevos-contagios-3.jpg\" alt=\"El c\u00f3mputo global en Alemania es de 1.052.494 casos totales y 16.181 fallecidos desde el inicio de la pandemia.\" title=\"El c\u00f3mputo global en Alemania es de 1.052.494 casos totales y 16.181 fallecidos desde el inicio de la pandemia.\"><\/p>\n<p>El c\u00f3mputo global en Alemania es de 1.052.494 casos totales y 16.181 fallecidos desde el inicio de la pandemia.<\/p>\n<\/div>\n<p>\u00abLa consideraci\u00f3n y la solidaridad de la abrumadora mayor\u00eda de los alemanes muestran que nuestra sociedad se mantiene unida, incluso cuando los tiempos son m\u00e1s duros\u00bb, destac\u00f3 Steinmeier citado por el dominical Bild am Sonntag.<\/p>\n<p>En cuanto a la \u00e9poca navide\u00f1a, detall\u00f3 que <strong>\u00abaunque mantengamos nuestra distancia f\u00edsica, podemos estar cerca del otro\u00bb y apel\u00f3 a mostrar a las personas \u00abatenci\u00f3n y afecto\u00bb<\/strong>, inform\u00f3 la agencia de noticias Europa Press.<\/p>\n<p>\u00abPermanezcamos juntos y cuidemos el uno del otro: ahora en los tiempos de coronavirus, pero tambi\u00e9n despu\u00e9s\u00bb, remarc\u00f3.<\/p>\n<p>Desde principios de noviembre, los restaurantes y bares est\u00e1n cerrados en Alemania para combatir la pandemia, y solo se permite la venta de comida para llevar.<\/p>\n<p><strong>Las restricciones, que se prorrogaron hasta enero, tambi\u00e9n afectan a los aproximadamente 3.000 mercados navide\u00f1os alemanes que se celebran cada a\u00f1o.&nbsp;<\/strong>Una p\u00e9rdida significativa de ingresos para la mayor\u00eda de las grandes ciudades alemanas, que los cancelaron por temor a m\u00e1s contaminaciones.<\/p>\n<p>Estos mercados, que aparecieron en el siglo XV, nacieron en Alemania con el nombre de Mercado de San Nicol\u00e1s y son una instituci\u00f3n.<\/p>\n<p>Unos 160 millones de personas los visitan cada a\u00f1o y un cliente gasta una media de 18 euros, seg\u00fan la uni\u00f3n alemana de expositores.<\/p>\n<div class=\"image\" id=\"image\" readability=\"8\"> <img src=\"http:\/\/hoycordobaweb.com\/wp-content\/uploads\/2020\/11\/alemania-supero-el-umbral-de-las-16-000-muertes-y-notifico-mas-de-14-600-nuevos-contagios-4.jpg\" alt=\"Desde principios de noviembre, los restaurantes y bares est\u00e1n cerrados en Alemania.\" title=\"Desde principios de noviembre, los restaurantes y bares est\u00e1n cerrados en Alemania.\"><\/p>\n<p>Desde principios de noviembre, los restaurantes y bares est\u00e1n cerrados en Alemania.<\/p>\n<\/div>\n<p><strong>Este a\u00f1o, para que el esp\u00edritu navide\u00f1o y los beneficios econ\u00f3micos no desaparezcan del todo, est\u00e1n floreciendo iniciativas.<\/strong><\/p>\n<p>En Berl\u00edn, el distrito de Charlottenburg-Wilmersdorf repartir\u00e1 los puestos en peque\u00f1os grupos en varias calles, aunque no se pueda consumir comida y bebida en el lugar, inform\u00f3 la agencia de noticias AFP.<\/p>\n<p><strong>El mundialmente famoso mercado de Navidad de Nuremberg, tambi\u00e9n cancelado, decidi\u00f3 organizar virtualmente su tradicional ceremonia de apertura.<\/strong><\/p>\n<p>En el noroeste de Alemania, la ciudad de Kalkar tambi\u00e9n ofrece un mercado de Navidad sin bajarse del coche.<\/p>\n<p>Las regiones alemanas m\u00e1s afectadas por la pandemia son Renania del Norte-Westfalia, Baviera y Baden-Wurtemberg, con 258.390 casos, 205.211 y 147.887, respectivamente.<\/p>\n<p><strong>El c\u00f3mputo global en Alemania es de 1.052.494 casos totales y 16.181 fallecidos desde el inicio de la pandemia.<\/strong> <\/p>\n","protected":false},"excerpt":{"rendered":"<p>El pico de infecciones en un d\u00eda desde el comienzo de la pandemia en Alemania se alcanz\u00f3 el viernes pasado. Alemania sum\u00f3 este domingo 14.600 nuevos contagios de coronavirus y 158 muertes en las \u00faltimas 24 horas, y super\u00f3 la barrera de los 16.000 decesos totales a causa de la Covid-19, seg\u00fan los datos proporcionados [&hellip;]<\/p>\n","protected":false},"author":1,"featured_media":6290,"comment_status":"open","ping_status":"closed","sticky":false,"template":"","format":"standard","meta":[],"categories":[19],"tags":[],"_links":{"self":[{"href":"http:\/\/hoycordobaweb.com\/index.php\/wp-json\/wp\/v2\/posts\/6289"}],"collection":[{"href":"http:\/\/hoycordobaweb.com\/index.php\/wp-json\/wp\/v2\/posts"}],"about":[{"href":"http:\/\/hoycordobaweb.com\/index.php\/wp-json\/wp\/v2\/types\/post"}],"author":[{"embeddable":true,"href":"http:\/\/hoycordobaweb.com\/index.php\/wp-json\/wp\/v2\/users\/1"}],"replies":[{"embeddable":true,"href":"http:\/\/hoycordobaweb.com\/index.php\/wp-json\/wp\/v2\/comments?post=6289"}],"version-history":[{"count":0,"href":"http:\/\/hoycordobaweb.com\/index.php\/wp-json\/wp\/v2\/posts\/6289\/revisions"}],"wp:featuredmedia":[{"embeddable":true,"href":"http:\/\/hoycordobaweb.com\/index.php\/wp-json\/wp\/v2\/media\/6290"}],"wp:attachment":[{"href":"http:\/\/hoycordobaweb.com\/index.php\/wp-json\/wp\/v2\/media?parent=6289"}],"wp:term":[{"taxonomy":"category","embeddable":true,"href":"http:\/\/hoycordobaweb.com\/index.php\/wp-json\/wp\/v2\/categories?post=6289"},{"taxonomy":"post_tag","embeddable":true,"href":"http:\/\/hoycordobaweb.com\/index.php\/wp-json\/wp\/v2\/tags?post=6289"}],"curies":[{"name":"wp","href":"https:\/\/api.w.org\/{rel}","templated":true}]}}