{"id":62887,"date":"2023-07-07T03:23:00","date_gmt":"2023-07-07T03:23:00","guid":{"rendered":"http:\/\/hoycordobaweb.com\/index.php\/2023\/07\/07\/huracan-se-hunde-en-el-descenso-perdio-de-local-ante-atletico-tucuman\/"},"modified":"2023-07-07T03:23:00","modified_gmt":"2023-07-07T03:23:00","slug":"huracan-se-hunde-en-el-descenso-perdio-de-local-ante-atletico-tucuman","status":"publish","type":"post","link":"http:\/\/hoycordobaweb.com\/index.php\/2023\/07\/07\/huracan-se-hunde-en-el-descenso-perdio-de-local-ante-atletico-tucuman\/","title":{"rendered":"Hurac\u00e1n se hunde en el descenso: perdi\u00f3 de local ante Atl\u00e9tico Tucum\u00e1n"},"content":{"rendered":"<p><img src=\"http:\/\/hoycordobaweb.com\/wp-content\/uploads\/2023\/07\/huracan-se-hunde-en-el-descenso-perdio-de-local-ante-atletico-tucuman.jpg\"><\/p>\n<figure class=\"mb-3\"><img loading=\"lazy\" data-src=\"http:\/\/hoycordobaweb.com\/wp-content\/uploads\/2023\/07\/huracan-se-hunde-en-el-descenso-perdio-de-local-ante-atletico-tucuman-2.jpg\" src=\"https:\/\/www.telam.com.ar\/assets\/img\/not_image.png\" class=\" lazy \" width=\"100%\" height=\"100%\" alt=\"Foto Osvaldo Fantn \"><figcaption> Foto: Osvaldo Fant\u00f3n <\/figcaption><\/figure>\n<p>Hurac\u00e1n, en el debut del director t\u00e9cnico Diego Mart\u00ednez, perdi\u00f3 1-0, de local, contra Atl\u00e9tico Tucum\u00e1n, que tuvo el estreno de la dupla Sergio G\u00f3mez- Favio Orsi, y se hunde en la zona de descenso por Tabla Anual de la Liga Profesional.<\/p>\n<p>El delantero Marcelo Estigarribia, a los 20 minutos del segundo tiempo, marc\u00f3 de cabeza el gol del triunfazo del \u00abdecano\u00bb en un estadio Tom\u00e1s Adolfo Duc\u00f3 enardecido por el presente del \u00abGlobo\u00bb.<\/p>\n<p>Hurac\u00e1n tuvo las mejores situaciones y dos tiros en los palos, pero Atl\u00e9tico Tucum\u00e1n lo gan\u00f3 en la \u00fanica jugada de peligro.<\/p>\n<p>El \u00abGlobo\u00bb, que est\u00e1 pen\u00faltimo con 19 unidades, no gana ni cuando lo merece y el nuevo cuerpo t\u00e9cnico tampoco tuvo efecto en un equipo que arrastra una racha de 13 partidos sin ganar entre el campeonato local y la Copa Sudamericana.<\/p>\n<figure class=\"mb-3\"><img loading=\"lazy\" data-src=\"http:\/\/hoycordobaweb.com\/wp-content\/uploads\/2023\/07\/huracan-se-hunde-en-el-descenso-perdio-de-local-ante-atletico-tucuman-3.jpg\" src=\"https:\/\/www.telam.com.ar\/assets\/img\/not_image.png\" class=\" lazy \" width=\"100%\" height=\"100%\" alt=\"Foto Osvaldo Fantn \"><figcaption> Foto: Osvaldo Fant\u00f3n <\/figcaption><\/figure>\n<p>Atl\u00e9tico Tucum\u00e1n alcanz\u00f3 los 27 puntos y pas\u00f3 del puesto 24 al 17 sin escalas con su segundo triunfo en fila.<\/p>\n<p>El \u00abDecano\u00bb consigui\u00f3 su segunda victoria de visitante y volvi\u00f3 a ganar en la \u00abQuema\u00bb despu\u00e9s de 14 a\u00f1os.<\/p>\n<p>En un partido trabado y mal jugado por lo que arriesgaban los dos equipos, el conjunto de Diego Mart\u00ednez fue el que dej\u00f3 una mejor imagen.<\/p>\n<p>Sobre el final del primer tiempo, ya en adici\u00f3n, Hurac\u00e1n tuvo cuatro situaciones en un minuto pero incre\u00edblemente Atl\u00e9tico Tucum\u00e1n se fue al descanso con el arco invicto.<\/p>\n<p>La primera fue un remate de Mat\u00edas G\u00f3mez que sac\u00f3 el arquero Tom\u00e1s Marchiori, el rebote le qued\u00f3 a Acevedo y de nuevo apareci\u00f3 en la l\u00ednea el guardavallas, y all\u00ed surgi\u00f3 Mat\u00edas C\u00f3ccaro para estrellar su tiro en el travesa\u00f1o, pero la pelota le cay\u00f3 nuevamente al 30 del \u00abGlobo\u00bb que dispar\u00f3 al cuerpo del 1, la figura de la noche.<\/p>\n<figure class=\"mb-3\"><img loading=\"lazy\" data-src=\"http:\/\/hoycordobaweb.com\/wp-content\/uploads\/2023\/07\/huracan-se-hunde-en-el-descenso-perdio-de-local-ante-atletico-tucuman-4.jpg\" src=\"https:\/\/www.telam.com.ar\/assets\/img\/not_image.png\" class=\" lazy \" width=\"100%\" height=\"100%\" alt=\"Foto Osvaldo Fantn \"><figcaption> Foto: Osvaldo Fant\u00f3n <\/figcaption><\/figure>\n<p>El equipo local se fue al vestuario masticando bronca pero con el reconocimiento del p\u00fablico que valor\u00f3 el esfuerzo y algunas peque\u00f1as muestras de mejor\u00eda.<\/p>\n<p>En el segundo tiempo Atl\u00e9tico Tucum\u00e1n mantuvo su postura defensiva a la expectativa de un contraataque salvador.<\/p>\n<p>A los 16 minutos, el \u00abGlobo\u00bb lleg\u00f3 una vez con peligro con un centro desde la izquierda que conect\u00f3 Acevedo y la pelota peg\u00f3 en el palo izquierdo de Marchiori.<\/p>\n<p>Pero en una jugada aislada, a los 20 minutos, el \u00abDecano\u00bb se anim\u00f3 y con un centro largo desde la derecha encontr\u00f3 la cabeza de Estigarribia, que le gan\u00f3 a todos de arriba y la puso al lado del palo derecho de Lucas Chaves.<\/p>\n<p>Con esa \u00fanica aproximaci\u00f3n el equipo tucumano se llev\u00f3 un premio gigante de Parque de los Patricios para iniciar el ciclo de la dupla con el tan ansiado triunfo de visitante.<\/p>\n<p>Hurac\u00e1n no encuentra el rumbo y el pr\u00f3ximo lunes visitar\u00e1 a Boca Juniors en La Bombonera, en busca de una victoria que lo empiece a sacar del fondo de una buena vez.<\/p>\n","protected":false},"excerpt":{"rendered":"<p>Foto: Osvaldo Fant\u00f3n Hurac\u00e1n, en el debut del director t\u00e9cnico Diego Mart\u00ednez, perdi\u00f3 1-0, de local, contra Atl\u00e9tico Tucum\u00e1n, que tuvo el estreno de la dupla Sergio G\u00f3mez- Favio Orsi, y se hunde en la zona de descenso por Tabla Anual de la Liga Profesional. El delantero Marcelo Estigarribia, a los 20 minutos del segundo [&hellip;]<\/p>\n","protected":false},"author":1,"featured_media":62888,"comment_status":"open","ping_status":"closed","sticky":false,"template":"","format":"standard","meta":[],"categories":[19],"tags":[],"_links":{"self":[{"href":"http:\/\/hoycordobaweb.com\/index.php\/wp-json\/wp\/v2\/posts\/62887"}],"collection":[{"href":"http:\/\/hoycordobaweb.com\/index.php\/wp-json\/wp\/v2\/posts"}],"about":[{"href":"http:\/\/hoycordobaweb.com\/index.php\/wp-json\/wp\/v2\/types\/post"}],"author":[{"embeddable":true,"href":"http:\/\/hoycordobaweb.com\/index.php\/wp-json\/wp\/v2\/users\/1"}],"replies":[{"embeddable":true,"href":"http:\/\/hoycordobaweb.com\/index.php\/wp-json\/wp\/v2\/comments?post=62887"}],"version-history":[{"count":0,"href":"http:\/\/hoycordobaweb.com\/index.php\/wp-json\/wp\/v2\/posts\/62887\/revisions"}],"wp:featuredmedia":[{"embeddable":true,"href":"http:\/\/hoycordobaweb.com\/index.php\/wp-json\/wp\/v2\/media\/62888"}],"wp:attachment":[{"href":"http:\/\/hoycordobaweb.com\/index.php\/wp-json\/wp\/v2\/media?parent=62887"}],"wp:term":[{"taxonomy":"category","embeddable":true,"href":"http:\/\/hoycordobaweb.com\/index.php\/wp-json\/wp\/v2\/categories?post=62887"},{"taxonomy":"post_tag","embeddable":true,"href":"http:\/\/hoycordobaweb.com\/index.php\/wp-json\/wp\/v2\/tags?post=62887"}],"curies":[{"name":"wp","href":"https:\/\/api.w.org\/{rel}","templated":true}]}}