{"id":62837,"date":"2023-07-05T20:09:30","date_gmt":"2023-07-05T20:09:30","guid":{"rendered":"https:\/\/fono.fcm.unc.edu.ar\/?p=10912"},"modified":"2023-07-05T20:09:30","modified_gmt":"2023-07-05T20:09:30","slug":"60-aniversario-mesa-intersectorial-reunion-por-especialidades","status":"publish","type":"post","link":"http:\/\/hoycordobaweb.com\/index.php\/2023\/07\/05\/60-aniversario-mesa-intersectorial-reunion-por-especialidades\/","title":{"rendered":"60\u00b0 Aniversario \u2013 Mesa Intersectorial: Reuni\u00f3n por Especialidades"},"content":{"rendered":"<h2 class=\"fusion-post-title\">60\u00b0 Aniversario \u2013 Mesa Intersectorial: Reuni\u00f3n por Especialidades<\/h2>\n<div class=\"post-content\" readability=\"39\">\n<p><img loading=\"lazy\" class=\"alignright size-fusion-400 wp-image-10913\" src=\"https:\/\/fono.fcm.unc.edu.ar\/wp-content\/uploads\/sites\/14\/2023\/07\/CURSADA-400x400.jpg\" alt width=\"400\" height=\"400\" srcset=\"https:\/\/fono.fcm.unc.edu.ar\/wp-content\/uploads\/sites\/14\/2023\/07\/CURSADA-66x66.jpg 66w, https:\/\/fono.fcm.unc.edu.ar\/wp-content\/uploads\/sites\/14\/2023\/07\/CURSADA-150x150.jpg 150w, https:\/\/fono.fcm.unc.edu.ar\/wp-content\/uploads\/sites\/14\/2023\/07\/CURSADA-200x200.jpg 200w, https:\/\/fono.fcm.unc.edu.ar\/wp-content\/uploads\/sites\/14\/2023\/07\/CURSADA-300x300.jpg 300w, https:\/\/fono.fcm.unc.edu.ar\/wp-content\/uploads\/sites\/14\/2023\/07\/CURSADA-400x400.jpg 400w, https:\/\/fono.fcm.unc.edu.ar\/wp-content\/uploads\/sites\/14\/2023\/07\/CURSADA-600x600.jpg 600w, https:\/\/fono.fcm.unc.edu.ar\/wp-content\/uploads\/sites\/14\/2023\/07\/CURSADA-768x768.jpg 768w, https:\/\/fono.fcm.unc.edu.ar\/wp-content\/uploads\/sites\/14\/2023\/07\/CURSADA-800x800.jpg 800w, https:\/\/fono.fcm.unc.edu.ar\/wp-content\/uploads\/sites\/14\/2023\/07\/CURSADA-1024x1024.jpg 1024w, https:\/\/fono.fcm.unc.edu.ar\/wp-content\/uploads\/sites\/14\/2023\/07\/CURSADA.jpg 1080w\" sizes=\"(max-width: 400px) 100vw, 400px\">Durante la jornada de hoy se llev\u00f3 a cabo una mesa de trabajo intersectorial, con colegas profesionales de nuestra disciplina, representantes de Hospitales y Centros Formadores, autoridades del Colegio de Fonoaudi\u00f3logos de C\u00f3rdoba, equipo docente de la Escuela de Fonoaudiolog\u00eda junto al Gabinete para trabajar las Especialidades.<\/p>\n<\/p><\/div>\n","protected":false},"excerpt":{"rendered":"<p>60\u00b0 Aniversario \u2013 Mesa Intersectorial: Reuni\u00f3n por Especialidades Durante la jornada de hoy se llev\u00f3 a cabo una mesa de trabajo intersectorial, con colegas profesionales de nuestra disciplina, representantes de Hospitales y Centros Formadores, autoridades del Colegio de Fonoaudi\u00f3logos de C\u00f3rdoba, equipo docente de la Escuela de Fonoaudiolog\u00eda junto al Gabinete para trabajar las Especialidades.<\/p>\n","protected":false},"author":1,"featured_media":0,"comment_status":"closed","ping_status":"closed","sticky":false,"template":"","format":"standard","meta":[],"categories":[1],"tags":[],"_links":{"self":[{"href":"http:\/\/hoycordobaweb.com\/index.php\/wp-json\/wp\/v2\/posts\/62837"}],"collection":[{"href":"http:\/\/hoycordobaweb.com\/index.php\/wp-json\/wp\/v2\/posts"}],"about":[{"href":"http:\/\/hoycordobaweb.com\/index.php\/wp-json\/wp\/v2\/types\/post"}],"author":[{"embeddable":true,"href":"http:\/\/hoycordobaweb.com\/index.php\/wp-json\/wp\/v2\/users\/1"}],"replies":[{"embeddable":true,"href":"http:\/\/hoycordobaweb.com\/index.php\/wp-json\/wp\/v2\/comments?post=62837"}],"version-history":[{"count":0,"href":"http:\/\/hoycordobaweb.com\/index.php\/wp-json\/wp\/v2\/posts\/62837\/revisions"}],"wp:attachment":[{"href":"http:\/\/hoycordobaweb.com\/index.php\/wp-json\/wp\/v2\/media?parent=62837"}],"wp:term":[{"taxonomy":"category","embeddable":true,"href":"http:\/\/hoycordobaweb.com\/index.php\/wp-json\/wp\/v2\/categories?post=62837"},{"taxonomy":"post_tag","embeddable":true,"href":"http:\/\/hoycordobaweb.com\/index.php\/wp-json\/wp\/v2\/tags?post=62837"}],"curies":[{"name":"wp","href":"https:\/\/api.w.org\/{rel}","templated":true}]}}