{"id":62829,"date":"2023-07-06T02:49:00","date_gmt":"2023-07-06T02:49:00","guid":{"rendered":"http:\/\/hoycordobaweb.com\/index.php\/2023\/07\/06\/river-fue-efectivo-en-el-momento-justo-y-se-recupero-ante-colon\/"},"modified":"2023-07-06T02:49:00","modified_gmt":"2023-07-06T02:49:00","slug":"river-fue-efectivo-en-el-momento-justo-y-se-recupero-ante-colon","status":"publish","type":"post","link":"http:\/\/hoycordobaweb.com\/index.php\/2023\/07\/06\/river-fue-efectivo-en-el-momento-justo-y-se-recupero-ante-colon\/","title":{"rendered":"River fue efectivo en el momento justo y se recuper\u00f3 ante Col\u00f3n"},"content":{"rendered":"<p><img src=\"http:\/\/hoycordobaweb.com\/wp-content\/uploads\/2023\/07\/river-fue-efectivo-en-el-momento-justo-y-se-recupero-ante-colon.jpg\"><\/p>\n<figure class=\"mb-3\"><img loading=\"lazy\" data-src=\"http:\/\/hoycordobaweb.com\/wp-content\/uploads\/2023\/07\/river-fue-efectivo-en-el-momento-justo-y-se-recupero-ante-colon-2.jpg\" src=\"https:\/\/www.telam.com.ar\/assets\/img\/not_image.png\" class=\" lazy \" width=\"100%\" height=\"100%\" alt=\"Foto Osvaldo Fanton\"><figcaption> Foto Osvaldo Fanton. <\/figcaption><\/figure>\n<p>River Plate venci\u00f3 este jueves a Col\u00f3n, de Santa Fe, por 2 a 0, con total autoridad, y dio un paso fundamental hacia el t\u00edtulo, cuando le restan tan s\u00f3lo cuatro fechas para definirse la Liga Profesional de F\u00fatbol.<\/p>\n<p>El uruguayo Nicol\u00e1s De La Cruz, con una definici\u00f3n exquisita de tiro libre, y el ex Col\u00f3n, Lucas Beltr\u00e1n fueron los goleadores del puntero del campeonato en un M\u00e1s Monumental copado por 86 mil hinchas.<\/p>\n<p>Con este triunfo, River alcanz\u00f3 los 53 puntos y le sac\u00f3 11 de diferencia a San Lorenzo (42), su pr\u00f3ximo rival, que hoy empat\u00f3 1-1 con Racing, a la espera de lo que Talleres, de C\u00f3rdoba (41) realice ma\u00f1ana ante Sarmiento, de Jun\u00edn, como visitante.<\/p>\n<p>El equipo de Mart\u00edn Demichelis, con varios regresos en la formaci\u00f3n titular, logr\u00f3 su noveno triunfo consecutivo de local y no pierde desde el 2-1 ante Arsenal, por la 5ta. fecha, el pasado 26 de febrero.<\/p>\n<p>River se recuper\u00f3 del traspi\u00e9 que signific\u00f3 la derrota 2-1 contra Barracas Central, que cont\u00f3 con varios suplentes, y dej\u00f3 en claro la diferencia futbol\u00edstica con Col\u00f3n. El equipo santafesino ven\u00eda del 0-4 con Racing y si bien no fue goleado en N\u00fa\u00f1ez, tampoco hizo pie ante el puntero.<\/p>\n<p>La primera parte se jug\u00f3 al ritmo de River, con Rodrigo Aliendro (otro ex Col\u00f3n) y De La Cruz como motores, para acorralar a los santafesinos en su campo.<\/p>\n<figure class=\"mb-3\"><img loading=\"lazy\" data-src=\"http:\/\/hoycordobaweb.com\/wp-content\/uploads\/2023\/07\/river-fue-efectivo-en-el-momento-justo-y-se-recupero-ante-colon-3.jpg\" src=\"https:\/\/www.telam.com.ar\/assets\/img\/not_image.png\" class=\" lazy \" width=\"100%\" height=\"100%\" alt=\"Foto Osvaldo Fanton\"><figcaption> Foto Osvaldo Fanton. <\/figcaption><\/figure>\n<p>Enzo P\u00e9rez, que jug\u00f3 un partido especial por el pedido de los hinchas para que contin\u00fae en el club, tambi\u00e9n aport\u00f3 su experiencia con visi\u00f3n de juego y quite en el mediocampo.<\/p>\n<p>River hizo el despliegue con ataques por la zona media y las bandas en busca de un espacio que el visitante le negaba con una l\u00ednea de cinco definida y la colaboraci\u00f3n del resto de sus jugadores.<\/p>\n<p>El puntero del campeonato se arm\u00f3 de paciencia. Traslad\u00f3 la pelota con intensidad y cont\u00f3 con la participaci\u00f3n activa de Esequiel Barco, algunos destellos de Ignacio Fern\u00e1ndez y el trabajo sacrificado de Beltr\u00e1n, en su rol de pivot.<\/p>\n<p>Las pocas veces que Col\u00f3n recuper\u00f3 la pelota a trav\u00e9s del colombiano Baldomero Perlaza, sufri\u00f3 de inmediato la presi\u00f3n de dos o tres jugadores de River.<\/p>\n<p>La \u00fanica vez que el Sabalero cruz\u00f3 la cancha en el primer tiempo fue por un pelotazo largo a Eric Meza, quien se las arregl\u00f3 para eludir a Milton Casco y sacar un remate que pas\u00f3 cerca del primer palo de Franco Armani.<\/p>\n<figure class=\"mb-3\"><img loading=\"lazy\" data-src=\"http:\/\/hoycordobaweb.com\/wp-content\/uploads\/2023\/07\/river-fue-efectivo-en-el-momento-justo-y-se-recupero-ante-colon-4.jpg\" src=\"https:\/\/www.telam.com.ar\/assets\/img\/not_image.png\" class=\" lazy \" width=\"100%\" height=\"100%\" alt=\"Foto Osvaldo Fanton\"><figcaption> Foto Osvaldo Fanton. <\/figcaption><\/figure>\n<p>River era m\u00e1s que Col\u00f3n, pero sus proyecciones carec\u00edan de profundidad con toques sucesivos en la puerta del \u00e1rea.<\/p>\n<p>El gol de De La Cruz abri\u00f3 el partido. El uruguayo ejecut\u00f3 de manera brillante el tiro libre que encendi\u00f3 las gargantas de los jubilosos hinchas de River, quienes empezaron la segunda parte insultando a Ram\u00f3n \u00c1bila por su pasado en Boca.<\/p>\n<p>El delantero fue amonestado a los pocos minutos cuando no hab\u00eda ingresado a\u00fan. En su duelo particular con la hinchada de River, entr\u00f3 a la cancha para mostrar un proyectil que le lanzaron y el \u00e1rbitro Nicol\u00e1s Ram\u00edrez le mostr\u00f3 la amarilla.<\/p>\n<p>Poco antes del ingreso de \u00c1bila, River extendi\u00f3 la ventaja con Beltr\u00e1n. La defensa de Col\u00f3n \u00abse olvid\u00f3\u00bb de \u00abNacho\u00bb Fern\u00e1ndez en un saque lateral, el ex Gimnasia y Esgrima La Plata recibi\u00f3 en la l\u00ednea y con viveza sac\u00f3 el centro atr\u00e1s para la entrada franca de Beltr\u00e1n, quien cumpli\u00f3 la \u00abley del ex\u00bb y no lo grit\u00f3.<\/p>\n<figure class=\"mb-3\"><img loading=\"lazy\" data-src=\"http:\/\/hoycordobaweb.com\/wp-content\/uploads\/2023\/07\/river-fue-efectivo-en-el-momento-justo-y-se-recupero-ante-colon-5.jpg\" src=\"https:\/\/www.telam.com.ar\/assets\/img\/not_image.png\" class=\" lazy \" width=\"100%\" height=\"100%\" alt=\"Foto Osvaldo Fanton\"><figcaption> Foto Osvaldo Fanton. <\/figcaption><\/figure>\n<p>Con el 2-0, River manej\u00f3 el partido a voluntad. Hubo ovaci\u00f3n para De La Cruz, Enzo P\u00e9rez y Aliendro en sus reemplazos y aplausos para cada gambeta del ingresado Claudio \u00abDiablito\u00bb Echeverri. Sobre el final, sus hinchas ya daban fe que el pr\u00f3ximo campe\u00f3n del f\u00fatbol argentino \u00absaldr\u00e1 de N\u00fa\u00f1ez\u00bb.<\/p>\n<p>En la pr\u00f3xima fecha, River visitar\u00e1 a San Lorenzo y Col\u00f3n recibir\u00e1 a Belgrano, de C\u00f3rdoba.<\/p>\n","protected":false},"excerpt":{"rendered":"<p>Foto Osvaldo Fanton. River Plate venci\u00f3 este jueves a Col\u00f3n, de Santa Fe, por 2 a 0, con total autoridad, y dio un paso fundamental hacia el t\u00edtulo, cuando le restan tan s\u00f3lo cuatro fechas para definirse la Liga Profesional de F\u00fatbol. El uruguayo Nicol\u00e1s De La Cruz, con una definici\u00f3n exquisita de tiro libre, [&hellip;]<\/p>\n","protected":false},"author":1,"featured_media":62830,"comment_status":"open","ping_status":"closed","sticky":false,"template":"","format":"standard","meta":[],"categories":[19],"tags":[],"_links":{"self":[{"href":"http:\/\/hoycordobaweb.com\/index.php\/wp-json\/wp\/v2\/posts\/62829"}],"collection":[{"href":"http:\/\/hoycordobaweb.com\/index.php\/wp-json\/wp\/v2\/posts"}],"about":[{"href":"http:\/\/hoycordobaweb.com\/index.php\/wp-json\/wp\/v2\/types\/post"}],"author":[{"embeddable":true,"href":"http:\/\/hoycordobaweb.com\/index.php\/wp-json\/wp\/v2\/users\/1"}],"replies":[{"embeddable":true,"href":"http:\/\/hoycordobaweb.com\/index.php\/wp-json\/wp\/v2\/comments?post=62829"}],"version-history":[{"count":0,"href":"http:\/\/hoycordobaweb.com\/index.php\/wp-json\/wp\/v2\/posts\/62829\/revisions"}],"wp:featuredmedia":[{"embeddable":true,"href":"http:\/\/hoycordobaweb.com\/index.php\/wp-json\/wp\/v2\/media\/62830"}],"wp:attachment":[{"href":"http:\/\/hoycordobaweb.com\/index.php\/wp-json\/wp\/v2\/media?parent=62829"}],"wp:term":[{"taxonomy":"category","embeddable":true,"href":"http:\/\/hoycordobaweb.com\/index.php\/wp-json\/wp\/v2\/categories?post=62829"},{"taxonomy":"post_tag","embeddable":true,"href":"http:\/\/hoycordobaweb.com\/index.php\/wp-json\/wp\/v2\/tags?post=62829"}],"curies":[{"name":"wp","href":"https:\/\/api.w.org\/{rel}","templated":true}]}}