{"id":62803,"date":"2023-07-06T03:06:48","date_gmt":"2023-07-06T03:06:48","guid":{"rendered":"https:\/\/www.ole.com.ar\/river-plate\/beltran-river-copa-libertadores_0_B8Jjs9IV9k.html"},"modified":"2023-07-06T03:06:48","modified_gmt":"2023-07-06T03:06:48","slug":"beltran-somos-river-y-tenemos-que-estar-preparados-para-el-que-sea","status":"publish","type":"post","link":"http:\/\/hoycordobaweb.com\/index.php\/2023\/07\/06\/beltran-somos-river-y-tenemos-que-estar-preparados-para-el-que-sea\/","title":{"rendered":"Beltr\u00e1n: \u00abSomos River y tenemos que estar preparados para el que sea\u00bb"},"content":{"rendered":"<p><img src=\"http:\/\/hoycordobaweb.com\/wp-content\/uploads\/2023\/07\/beltran-somos-river-y-tenemos-que-estar-preparados-para-el-que-sea.jpg\"><\/p>\n<p><time class=\"createDate\" datetime=\"2023-07-06T00:06:48-03:00\">06\/07\/2023 00:06hs.<\/time><time class=\"modificatedDate\" datetime=\"2023-07-06T00:06:47-03:00\"><\/time><\/p>\n<div id=\"storyBody\">\n<div class=\"custom-text \" readability=\"33.982300884956\">\n<p><strong>\u00abEstamos contentos. Dimos un paso muy grande hacia el final\u00bb.<\/strong> <strong><a href=\"https:\/\/www.ole.com.ar\/tema\/lucas-beltran.html\" title=\"Lucas Beltr\u00e1n\" alt=\"Lucas Beltr\u00e1n\" class=\"slug\">Lucas Beltr\u00e1n <\/a><\/strong>sabe que <strong><a href=\"https:\/\/www.ole.com.ar\/tema\/river-plate.html\" title=\"River Plate\" alt=\"River Plate\" class=\"slug\">River<\/a><\/strong> est\u00e1 a nada de salir campe\u00f3n. Con 11 puntos de diferencia sobre Talleres y la posibilidad de salir campe\u00f3n ante San Lorenzo (para eso necesita que la T pierda vs. Sarmiento)<strong>, el Vikingo sabe que su equipo est\u00e1 cada vez m\u00e1s cerca del objetivo.<\/strong><\/p>\n<\/div>\n<div class=\"custom-text \" readability=\"38\">\n<p>Y es justamente con respecto al partido que Beltr\u00e1n se fue conforme ya que <strong>\u00abhicimos un buen partido. Fuimos muy dominantes y tuvimos mucho la pelota\u00bb.<\/strong> Adem\u00e1s, el autor del segundo tanto en la victoria ante el Sabalero, tambi\u00e9n ya se ilusiona con dar la vuelta ol\u00edmpica:<strong> \u00abVeremos si el fin de semana se dan los resultados y nosotros hacemos lo nuestro para festejar\u00bb<\/strong>, agreg\u00f3.<\/p>\n<\/div>\n<div class=\"sc-e7b891c4-0 jPbnQF\"><img alt=\"El Vikingo ya lleva 15 goles en el a\u00f1o (Photo by JUAN MABROMATA \/ AFP)\" src=\"http:\/\/hoycordobaweb.com\/wp-content\/uploads\/2023\/07\/beltran-somos-river-y-tenemos-que-estar-preparados-para-el-que-sea-2.jpg\" width=\"720\" height=\"100\" decoding=\"async\" data-nimg=\"future\" loading=\"lazy\"><span class=\"epigraphe\">El Vikingo ya lleva 15 goles en el a\u00f1o (Photo by JUAN MABROMATA \/ AFP)<\/span><\/div>\n<p><h2><strong>Beltr\u00e1n, sobre el partido ante Internacional<\/strong><\/h2>\n<\/p>\n<div class=\"custom-text \" readability=\"31.639130434783\">\n<p>De este modo, <strong>el Vikingo es el goleador absoluto del River en el a\u00f1o, donde ya lleg\u00f3 a los 15 festejos gracias a <a href=\"https:\/\/www.ole.com.ar\/river-plate\/segundo-gol-river-colon-lateral_0_DDwoJS5K8I.html\" target=\"_blank\" rel=\"noopener noreferrer\">ese tanto que lleg\u00f3 de un lateral r\u00e1pido que agarr\u00f3 desprevenido a Col\u00f3n.<\/a> <\/strong>Pero lo cierto es que Beltr\u00e1n va por todo y ya mira de reojo al Inter de Porto Alegre, rival que tendr\u00e1 el CARP en los octavos de la Libertadores:<strong> \u00abTodos los equipos en esta instancia son muy complicados. Somos River y tenemos que estar preparados para el que sea\u00bb.<\/strong><\/p>\n<\/div>\n<div class=\"custom-text \" readability=\"35\">\n<p>Adem\u00e1s, el goleador agreg\u00f3 que <strong>\u00abestamos tranquilos. Primero tenemos que pensar en los partidos que nos quedan del torneo y despu\u00e9s nos prepararemos para los octavos\u00bb<\/strong>, cerr\u00f3. <\/p>\n<\/div>\n<p><h2><strong>El gol de Beltr\u00e1n para sellar la victoria ante Col\u00f3n<\/strong><\/h2>\n<\/p>\n<div class=\"sc-7ce6049-0 dwIKul\">\n<div class=\"sc-7ce6049-1 bdcBBS videoText\" id=\"contentTitleundefinedkd78kFRn\"><svg fill=\"#ffffff\"><symbol id=\"play\" viewBox=\"0 0 512 512\"><path d=\"M512 256C512 397.4 397.4 512 256 512C114.6 512 0 397.4 0 256C0 114.6 114.6 0 256 0C397.4 0 512 114.6 512 256zM176 168V344C176 352.7 180.7 360.7 188.3 364.9C195.8 369.2 205.1 369 212.5 364.5L356.5 276.5C363.6 272.1 368 264.4 368 256C368 247.6 363.6 239.9 356.5 235.5L212.5 147.5C205.1 142.1 195.8 142.8 188.3 147.1C180.7 151.3 176 159.3 176 168V168z\" \/><\/symbol><use xlink:href=\"#play\" \/><\/svg><\/p>\n<div class=\"right\">\n<p>River Plate<!-- --> &#8211;<!-- --> <span>6-7-2023<\/span><\/p>\n<h2 class=\"title-vid\">Beltr\u00e1n aument\u00f3 la diferencia ante Col\u00f3n<\/h2>\n<\/div>\n<\/div>\n<p><span class=\"back\" id=\"spanBackundefinedkd78kFRn\"><\/span><\/div>\n<div class=\"sc-a7166897-0 exHLBh\" readability=\"6\">\n<section readability=\"2\"><picture><img alt=\"River camp... 2-0 a Col\u00f3n y el t\u00edtulo a mano\" src=\"http:\/\/hoycordobaweb.com\/wp-content\/uploads\/2023\/07\/beltran-somos-river-y-tenemos-que-estar-preparados-para-el-que-sea-3.jpg\" width=\"290\" height=\"290\" decoding=\"async\" data-nimg=\"future\" loading=\"lazy\"><\/picture>\n<p><span>Mir\u00e1 tambi\u00e9n<\/span><\/p>\n<hr>\n<h3>River camp&#8230; 2-0 a Col\u00f3n y el t\u00edtulo a mano<\/h3>\n<\/p>\n<\/section>\n<\/div>\n<div class=\"sc-a7166897-0 exHLBh\" readability=\"6\">\n<section readability=\"2\"><picture><img alt=\"\u00bfDe qu\u00e9 forma River puede ser campe\u00f3n el pr\u00f3ximo s\u00e1bado en el Nuevo Gas\u00f3metro?\" src=\"http:\/\/hoycordobaweb.com\/wp-content\/uploads\/2023\/07\/beltran-somos-river-y-tenemos-que-estar-preparados-para-el-que-sea-4.jpg\" width=\"290\" height=\"290\" decoding=\"async\" data-nimg=\"future\" loading=\"lazy\"><\/picture>\n<p><span>Mir\u00e1 tambi\u00e9n<\/span><\/p>\n<hr>\n<h3>\u00bfDe qu\u00e9 forma River puede ser campe\u00f3n el pr\u00f3ximo s\u00e1bado en el Nuevo Gas\u00f3metro?<\/h3>\n<\/p>\n<\/section>\n<\/div>\n<div class=\"sc-a7166897-0 exHLBh\" readability=\"6\">\n<section readability=\"2\"><picture><img alt=\"Tabla de la Liga: River les sac\u00f3 11 puntos a San Lorenzo y 12 a Talleres\" src=\"http:\/\/hoycordobaweb.com\/wp-content\/uploads\/2023\/07\/beltran-somos-river-y-tenemos-que-estar-preparados-para-el-que-sea-5.jpg\" width=\"290\" height=\"290\" decoding=\"async\" data-nimg=\"future\" loading=\"lazy\"><\/picture>\n<p><span>Mir\u00e1 tambi\u00e9n<\/span><\/p>\n<hr>\n<h3>Tabla de la Liga: River les sac\u00f3 11 puntos a San Lorenzo y 12 a Talleres<\/h3>\n<\/p>\n<\/section>\n<\/div>\n<div class=\"sc-a7166897-0 exHLBh\" readability=\"6.5\">\n<section readability=\"3\"><picture><img alt=\"Wanchope en el Monumental: insultos, proyectiles y una frase lapidaria\" src=\"http:\/\/hoycordobaweb.com\/wp-content\/uploads\/2023\/07\/beltran-somos-river-y-tenemos-que-estar-preparados-para-el-que-sea-6.jpg\" width=\"290\" height=\"290\" decoding=\"async\" data-nimg=\"future\" loading=\"lazy\"><\/picture>\n<p><span>Mir\u00e1 tambi\u00e9n<\/span><\/p>\n<hr>\n<h3>Wanchope en el Monumental: insultos, proyectiles y una frase lapidaria<\/h3>\n<\/p>\n<\/section>\n<\/div>\n<div class=\"sc-a7166897-0 exHLBh\" readability=\"6\">\n<section readability=\"2\"><picture><img alt=\"El uno por uno del triunfo de River ante Col\u00f3n que lo deja ah\u00ed del t\u00edtulo\" src=\"http:\/\/hoycordobaweb.com\/wp-content\/uploads\/2023\/07\/beltran-somos-river-y-tenemos-que-estar-preparados-para-el-que-sea-7.jpg\" width=\"290\" height=\"290\" decoding=\"async\" data-nimg=\"future\" loading=\"lazy\"><\/picture>\n<p><span>Mir\u00e1 tambi\u00e9n<\/span><\/p>\n<hr>\n<h3>El uno por uno del triunfo de River ante Col\u00f3n que lo deja ah\u00ed del t\u00edtulo<\/h3>\n<\/p>\n<\/section>\n<\/div>\n<\/div>\n","protected":false},"excerpt":{"rendered":"<p>06\/07\/2023 00:06hs. \u00abEstamos contentos. Dimos un paso muy grande hacia el final\u00bb. Lucas Beltr\u00e1n sabe que River est\u00e1 a nada de salir campe\u00f3n. Con 11 puntos de diferencia sobre Talleres y la posibilidad de salir campe\u00f3n ante San Lorenzo (para eso necesita que la T pierda vs. Sarmiento), el Vikingo sabe que su equipo est\u00e1 [&hellip;]<\/p>\n","protected":false},"author":1,"featured_media":62804,"comment_status":"open","ping_status":"closed","sticky":false,"template":"","format":"standard","meta":[],"categories":[16],"tags":[],"_links":{"self":[{"href":"http:\/\/hoycordobaweb.com\/index.php\/wp-json\/wp\/v2\/posts\/62803"}],"collection":[{"href":"http:\/\/hoycordobaweb.com\/index.php\/wp-json\/wp\/v2\/posts"}],"about":[{"href":"http:\/\/hoycordobaweb.com\/index.php\/wp-json\/wp\/v2\/types\/post"}],"author":[{"embeddable":true,"href":"http:\/\/hoycordobaweb.com\/index.php\/wp-json\/wp\/v2\/users\/1"}],"replies":[{"embeddable":true,"href":"http:\/\/hoycordobaweb.com\/index.php\/wp-json\/wp\/v2\/comments?post=62803"}],"version-history":[{"count":0,"href":"http:\/\/hoycordobaweb.com\/index.php\/wp-json\/wp\/v2\/posts\/62803\/revisions"}],"wp:featuredmedia":[{"embeddable":true,"href":"http:\/\/hoycordobaweb.com\/index.php\/wp-json\/wp\/v2\/media\/62804"}],"wp:attachment":[{"href":"http:\/\/hoycordobaweb.com\/index.php\/wp-json\/wp\/v2\/media?parent=62803"}],"wp:term":[{"taxonomy":"category","embeddable":true,"href":"http:\/\/hoycordobaweb.com\/index.php\/wp-json\/wp\/v2\/categories?post=62803"},{"taxonomy":"post_tag","embeddable":true,"href":"http:\/\/hoycordobaweb.com\/index.php\/wp-json\/wp\/v2\/tags?post=62803"}],"curies":[{"name":"wp","href":"https:\/\/api.w.org\/{rel}","templated":true}]}}