{"id":62799,"date":"2023-07-06T03:22:54","date_gmt":"2023-07-06T03:22:54","guid":{"rendered":"https:\/\/www.ole.com.ar\/river-plate\/river-plate-colon-conferencia-martin-demichelis_0_cszfNv68ws.html"},"modified":"2023-07-06T03:22:54","modified_gmt":"2023-07-06T03:22:54","slug":"demichelis-el-inminente-titulo-el-futuro-de-enzo-perez-y-el-sorteo-de-la-copa-que-no-lo-cruzo-con-boca","status":"publish","type":"post","link":"http:\/\/hoycordobaweb.com\/index.php\/2023\/07\/06\/demichelis-el-inminente-titulo-el-futuro-de-enzo-perez-y-el-sorteo-de-la-copa-que-no-lo-cruzo-con-boca\/","title":{"rendered":"Demichelis: el inminente t\u00edtulo, el futuro de Enzo P\u00e9rez y el sorteo de la Copa que no lo cruz\u00f3 con Boca"},"content":{"rendered":"<p><img src=\"http:\/\/hoycordobaweb.com\/wp-content\/uploads\/2023\/07\/demichelis-el-inminente-titulo-el-futuro-de-enzo-perez-y-el-sorteo-de-la-copa-que-no-lo-cruzo-con-boca.jpg\"><\/p>\n<p><time class=\"createDate\" datetime=\"2023-07-06T00:22:54-03:00\">06\/07\/2023 00:22hs.<\/time><time class=\"modificatedDate\" datetime=\"2023-07-06T00:31:14-03:00\"> Actualizado al 06\/07\/2023 00:31hs.<\/time><\/p>\n<div id=\"storyBody\">\n<div class=\"custom-text \" readability=\"31.04347826087\">\n<p>River acaricia un nuevo t\u00edtulo local. Venci\u00f3 a Col\u00f3n por 2-0 y <a href=\"https:\/\/www.ole.com.ar\/futbol-primera\/river-san-lorenzo-talleres-liga-profesional-puede-campeon_0_nTiQXvs2ci.html\" target=\"_blank\" rel=\"noopener noreferrer\">podr\u00eda consagrarse el pr\u00f3ximo s\u00e1bado ante San Lorenzo en el Nuevo Gas\u00f3metro. <\/a>A las puertas de calzarse la corona. Muy conforme con el rendimiento de su equipo, Mart\u00edn Demichelis habl\u00f3 en conferencia de prensa. Entre sus frases m\u00e1s destacadas, la latente chance de una nueva vuelta ol\u00edmpica y el futuro del capit\u00e1n Enzo P\u00e9rez. A continuaci\u00f3n, lo que dijo el DT. <\/p>\n<\/div>\n<p><h2><strong>Las mejores frases de Demichelis<\/strong><\/h2>\n<\/p>\n<div class=\"sc-e7b891c4-0 jPbnQF\"><img alt=\"Demichelis, DT de River (Fotobaires).\" src=\"http:\/\/hoycordobaweb.com\/wp-content\/uploads\/2023\/07\/demichelis-el-inminente-titulo-el-futuro-de-enzo-perez-y-el-sorteo-de-la-copa-que-no-lo-cruzo-con-boca-2.jpg\" width=\"720\" height=\"100\" decoding=\"async\" data-nimg=\"future\" loading=\"lazy\"><span class=\"epigraphe\">Demichelis, DT de River (Fotobaires).<\/span><\/div>\n<div class=\"custom-text \" readability=\"39\">\n<p><strong>El partido de River:<\/strong> \u00abHicimos un grand\u00edsimo partido, sobre todo en el primer tiempo. Hostigamos mucho al rival, tuvimos mucha posesi\u00f3n, recuperamos de inmediato y hab\u00eda que tener paciencia de seguir insistiendo y mover al rival muchas veces para encontrar la ventaja. Controlamos muy bien el partido, presionamos alto&#8230; Me llen\u00f3 de orgullo ver al equipo en el nivel que tiene River y recuperamos frescura por eso es necesario la rotaci\u00f3n. No la hubi\u00e9semos tenido sino preserv\u00e1bamos algunos jugadores\u00bb.<\/p>\n<\/div>\n<div class=\"custom-text \" readability=\"39\">\n<p><strong>La chance de salir campe\u00f3n: <\/strong>\u00abLa gente se escucha. Somos muchos en el estadio y se escuch\u00f3 la petici\u00f3n. Quiero cumplir el sue\u00f1o de salir campe\u00f3n y aportar un granito de arena en la historia de la instituci\u00f3n. \u00bfCu\u00e1ndo? Hay que manejar la calma, la tranquilidad, valorar lo que se hizo, terminamos en cancha con seis chicos del club y ya tenemos que pensar en San Lorenzo. Hace mucho que no le hacen un gol de local, no ser\u00e1 un partido f\u00e1cil y ojal\u00e1 podamos coronar el s\u00e1bado\u00bb.<\/p>\n<\/div>\n<div class=\"custom-text \" readability=\"38\">\n<p><strong>El futuro de Enzo P\u00e9rez: <\/strong>\u00abCon el primer jugador que me puse en comunicaci\u00f3n cuando me designaron DT fue con Enzo. No a diario, pero hablo mucho con \u00e9l y me dijo que cuando no me sienta capaz de rendir lo que exige esta instituci\u00f3n, voy a ser el primero en avisarte que no voy a continuar. Si sigue jugando as\u00ed, va a tener ganas de quedarse y m\u00e1s con el aliento de la gente. Vimos un gran Enzo y d\u00e9jenme disfrutar de su partido y el del equipo. No me anticip\u00f3 no querer continuar\u00bb.<\/p>\n<\/div>\n<div class=\"sc-e7b891c4-0 jPbnQF\"><img alt=\"Micho habla con Enzo (AFP). \" src=\"http:\/\/hoycordobaweb.com\/wp-content\/uploads\/2023\/07\/demichelis-el-inminente-titulo-el-futuro-de-enzo-perez-y-el-sorteo-de-la-copa-que-no-lo-cruzo-con-boca-3.jpg\" width=\"720\" height=\"100\" decoding=\"async\" data-nimg=\"future\" loading=\"lazy\"><span class=\"epigraphe\">Micho habla con Enzo (AFP). <\/span><\/div>\n<div class=\"custom-text \" readability=\"36\">\n<p><strong>Lo que le toc\u00f3 en la Libertadores:<\/strong> \u00abDespu\u00e9s de los rivales vamos a analizar el sorteo. No quiero ir m\u00e1s all\u00e1. Imag\u00ednense si en esas \u00faltimas dos bolillas tocaba la que para ustedes hubiese sido una gran noticia. Hubiesen hablado de eso y no de lo que viene haciendo River. Le ganamos a Col\u00f3n jugando como le gusta al hincha de River, terminamos con muchos chicos de Inferiores en cancha\u00bb.<\/p>\n<\/div>\n<div class=\"custom-text \" readability=\"36\">\n<p>*\u00bbHabiendo vivido el grupo de la muerte y habiendo perdido dos de los primeros tres partidos y teniendo que ganar partidos sin competer pasos en falsos, nos sirvi\u00f3 de gran preparaci\u00f3n para lo que viene. Siendo River, no debemos de temer a nadie y la fase de grupos nos sirvi\u00f3 para fortalecernos\u00bb.<\/p>\n<\/div>\n<div class=\"custom-text \" readability=\"37\">\n<p><strong>\u00bfQu\u00e9 habl\u00f3 con Gallardo el d\u00eda de la presentaci\u00f3n de la estatua?<\/strong> \u00abA nada del evento, ameritaba que me acerque a saludar a Marcelo. Fue un honor y un placer y no deb\u00eda ocupar mucho m\u00e1s tiempo en un acontecimiento y no quer\u00eda que los jugadores se sintieran inc\u00f3modos. Habl\u00e9 poco y nada, pero fue un placer saludarlo\u00bb.<\/p>\n<\/div>\n<div class=\"custom-text \" readability=\"35\">\n<p><strong>La comparaci\u00f3n con Gallardo<\/strong>: \u00abSoy muy feliz de ser el DT de River. Disfruto el d\u00eda a d\u00eda, soy un agradecido y as\u00ed vivo la profesi\u00f3n. No me fijo en las estad\u00edsticas y las comparaciones. Fui feliz hoy y se los dije en el entretiempo\u00bb.<\/p>\n<\/div>\n<div class=\"custom-text \" readability=\"34\">\n<p><strong>El futuro de Nico de la Cruz<\/strong>: \u00abEs un jugador diferente. Estando bien f\u00edsicamente y tiene una din\u00e1mica diferente al resto. El de las \u00faltimas semanas no tiene comparaci\u00f3n con el del arranque. River no es un equipo que pone a sus jugadores a la venta y cuento con \u00e9l en el resto de lo que queda.<\/p>\n<\/div>\n<div class=\"custom-text \" readability=\"33\">\n<p><strong>La zaga y refuerzos:<\/strong> \u00abLo de Gonz\u00e1lez Pirez y Paulo D\u00edaz fue para sacarse el sombrero. M\u00e1s adelante hablaremos de refuerzos\u00bb.<\/p>\n<\/div>\n<p><h2><strong>El resumen de River 2 &#8211; Col\u00f3n 0<\/strong><\/h2>\n<\/p>\n<div class=\"sc-7ce6049-0 dwIKul\">\n<div class=\"sc-7ce6049-1 bdcBBS videoText\" id=\"contentTitleundefinedSZgOoeVo\"><svg fill=\"#ffffff\"><symbol id=\"play\" viewBox=\"0 0 512 512\"><path d=\"M512 256C512 397.4 397.4 512 256 512C114.6 512 0 397.4 0 256C0 114.6 114.6 0 256 0C397.4 0 512 114.6 512 256zM176 168V344C176 352.7 180.7 360.7 188.3 364.9C195.8 369.2 205.1 369 212.5 364.5L356.5 276.5C363.6 272.1 368 264.4 368 256C368 247.6 363.6 239.9 356.5 235.5L212.5 147.5C205.1 142.1 195.8 142.8 188.3 147.1C180.7 151.3 176 159.3 176 168V168z\" \/><\/symbol><use xlink:href=\"#play\" \/><\/svg><\/p>\n<div class=\"right\">\n<p>River Plate<!-- --> &#8211;<!-- --> <span>6-7-2023<\/span><\/p>\n<h2 class=\"title-vid\">El resumen de la victoria de River ante Col\u00f3n<\/h2>\n<\/div>\n<\/div>\n<p><span class=\"back\" id=\"spanBackundefinedSZgOoeVo\"><\/span><\/div>\n<div class=\"sc-a7166897-0 exHLBh\" readability=\"6.5\">\n<section readability=\"3\"><picture><img alt=\"Operativo clamor: &quot;Enzo P\u00e9rez es de River, de River no se va&quot;\" src=\"http:\/\/hoycordobaweb.com\/wp-content\/uploads\/2023\/07\/demichelis-el-inminente-titulo-el-futuro-de-enzo-perez-y-el-sorteo-de-la-copa-que-no-lo-cruzo-con-boca-4.jpg\" width=\"290\" height=\"290\" decoding=\"async\" data-nimg=\"future\" loading=\"lazy\"><\/picture>\n<p><span>Mir\u00e1 tambi\u00e9n<\/span><\/p>\n<hr>\n<h3>Operativo clamor: \u00abEnzo P\u00e9rez es de River, de River no se va\u00bb<\/h3>\n<\/p>\n<\/section>\n<\/div>\n<div class=\"sc-a7166897-0 exHLBh\" readability=\"6\">\n<section readability=\"2\"><picture><img alt=\"Video: nuevo look de Juli\u00e1n \u00c1lvarez y momento especial en el Monumental\" src=\"http:\/\/hoycordobaweb.com\/wp-content\/uploads\/2023\/07\/demichelis-el-inminente-titulo-el-futuro-de-enzo-perez-y-el-sorteo-de-la-copa-que-no-lo-cruzo-con-boca-5.jpg\" width=\"290\" height=\"290\" decoding=\"async\" data-nimg=\"future\" loading=\"lazy\"><\/picture>\n<p><span>Mir\u00e1 tambi\u00e9n<\/span><\/p>\n<hr>\n<h3>Video: nuevo look de Juli\u00e1n \u00c1lvarez y momento especial en el Monumental<\/h3>\n<\/p>\n<\/section>\n<\/div>\n<div class=\"sc-a7166897-0 exHLBh\" readability=\"6.5\">\n<section readability=\"3\"><picture><img alt=\"La Banda cant\u00f3: &quot;De ac\u00e1 de N\u00fa\u00f1ez, sali\u00f3 el nuevo campe\u00f3n&quot;\" src=\"http:\/\/hoycordobaweb.com\/wp-content\/uploads\/2023\/07\/demichelis-el-inminente-titulo-el-futuro-de-enzo-perez-y-el-sorteo-de-la-copa-que-no-lo-cruzo-con-boca-6.jpg\" width=\"290\" height=\"290\" decoding=\"async\" data-nimg=\"future\" loading=\"lazy\"><\/picture>\n<p><span>Mir\u00e1 tambi\u00e9n<\/span><\/p>\n<hr>\n<h3>La Banda cant\u00f3: \u00abDe ac\u00e1 de N\u00fa\u00f1ez, sali\u00f3 el nuevo campe\u00f3n\u00bb<\/h3>\n<\/p>\n<\/section>\n<\/div>\n<div class=\"sc-a7166897-0 exHLBh\" readability=\"6\">\n<section readability=\"2\"><picture><img alt=\"River camp... 2-0 a Col\u00f3n y el t\u00edtulo a mano\" src=\"http:\/\/hoycordobaweb.com\/wp-content\/uploads\/2023\/07\/demichelis-el-inminente-titulo-el-futuro-de-enzo-perez-y-el-sorteo-de-la-copa-que-no-lo-cruzo-con-boca-7.jpg\" width=\"290\" height=\"290\" decoding=\"async\" data-nimg=\"future\" loading=\"lazy\"><\/picture>\n<p><span>Mir\u00e1 tambi\u00e9n<\/span><\/p>\n<hr>\n<h3>River camp&#8230; 2-0 a Col\u00f3n y el t\u00edtulo a mano<\/h3>\n<\/p>\n<\/section>\n<\/div>\n<\/div>\n","protected":false},"excerpt":{"rendered":"<p>06\/07\/2023 00:22hs. Actualizado al 06\/07\/2023 00:31hs. River acaricia un nuevo t\u00edtulo local. Venci\u00f3 a Col\u00f3n por 2-0 y podr\u00eda consagrarse el pr\u00f3ximo s\u00e1bado ante San Lorenzo en el Nuevo Gas\u00f3metro. A las puertas de calzarse la corona. Muy conforme con el rendimiento de su equipo, Mart\u00edn Demichelis habl\u00f3 en conferencia de prensa. Entre sus frases [&hellip;]<\/p>\n","protected":false},"author":1,"featured_media":62800,"comment_status":"open","ping_status":"closed","sticky":false,"template":"","format":"standard","meta":[],"categories":[16],"tags":[],"_links":{"self":[{"href":"http:\/\/hoycordobaweb.com\/index.php\/wp-json\/wp\/v2\/posts\/62799"}],"collection":[{"href":"http:\/\/hoycordobaweb.com\/index.php\/wp-json\/wp\/v2\/posts"}],"about":[{"href":"http:\/\/hoycordobaweb.com\/index.php\/wp-json\/wp\/v2\/types\/post"}],"author":[{"embeddable":true,"href":"http:\/\/hoycordobaweb.com\/index.php\/wp-json\/wp\/v2\/users\/1"}],"replies":[{"embeddable":true,"href":"http:\/\/hoycordobaweb.com\/index.php\/wp-json\/wp\/v2\/comments?post=62799"}],"version-history":[{"count":0,"href":"http:\/\/hoycordobaweb.com\/index.php\/wp-json\/wp\/v2\/posts\/62799\/revisions"}],"wp:featuredmedia":[{"embeddable":true,"href":"http:\/\/hoycordobaweb.com\/index.php\/wp-json\/wp\/v2\/media\/62800"}],"wp:attachment":[{"href":"http:\/\/hoycordobaweb.com\/index.php\/wp-json\/wp\/v2\/media?parent=62799"}],"wp:term":[{"taxonomy":"category","embeddable":true,"href":"http:\/\/hoycordobaweb.com\/index.php\/wp-json\/wp\/v2\/categories?post=62799"},{"taxonomy":"post_tag","embeddable":true,"href":"http:\/\/hoycordobaweb.com\/index.php\/wp-json\/wp\/v2\/tags?post=62799"}],"curies":[{"name":"wp","href":"https:\/\/api.w.org\/{rel}","templated":true}]}}