{"id":62768,"date":"2023-07-05T01:50:00","date_gmt":"2023-07-05T01:50:00","guid":{"rendered":"http:\/\/hoycordobaweb.com\/index.php\/2023\/07\/05\/el-exdirector-de-arba-santiago-montoya-se-sumo-como-asesor-del-ministro-sergio-massa\/"},"modified":"2023-07-05T01:50:00","modified_gmt":"2023-07-05T01:50:00","slug":"el-exdirector-de-arba-santiago-montoya-se-sumo-como-asesor-del-ministro-sergio-massa","status":"publish","type":"post","link":"http:\/\/hoycordobaweb.com\/index.php\/2023\/07\/05\/el-exdirector-de-arba-santiago-montoya-se-sumo-como-asesor-del-ministro-sergio-massa\/","title":{"rendered":"El exdirector de ARBA Santiago Montoya se sum\u00f3 como asesor del ministro Sergio Massa"},"content":{"rendered":"<p><img src=\"http:\/\/hoycordobaweb.com\/wp-content\/uploads\/2023\/07\/el-exdirector-de-arba-santiago-montoya-se-sumo-como-asesor-del-ministro-sergio-massa.jpg\"><\/p>\n<figure class=\"mb-3\"><img loading=\"lazy\" data-src=\"http:\/\/hoycordobaweb.com\/wp-content\/uploads\/2023\/07\/el-exdirector-de-arba-santiago-montoya-se-sumo-como-asesor-del-ministro-sergio-massa-2.jpg\" src=\"https:\/\/www.telam.com.ar\/assets\/img\/not_image.png\" class=\" lazy \" width=\"100%\" height=\"100%\" alt=\"Santiago Montoya concret su llegada al equipo del ministro de Economa Sergio Massa y trabajar en temas vinculados a las Fuerzas Armadas Foto Prensa Mecon\"><figcaption> Santiago Montoya concret\u00f3 su llegada al equipo del ministro de Econom\u00eda Sergio Massa y trabajar\u00e1 en temas vinculados a las Fuerzas Armadas \/ Foto: Prensa Mecon. <\/figcaption><\/figure>\n<p><strong>El exdirector de la Agencia de Recaudaci\u00f3n de Buenos Aires (ARBA), Santiago Montoya, se incorpor\u00f3 al equipo<\/strong> de asesores del ministro de Econom\u00eda, Sergio Massa, seg\u00fan confirmaron este martes voceros del Palacio de Hacienda.<\/p>\n<p>Massa recibi\u00f3 este martes en horas de la noche a Montoya <strong>en la sede de la cartera econ\u00f3mica<\/strong> en una reuni\u00f3n de la cual particip\u00f3 tambi\u00e9n el director general de Aduanas, Guillermo Michel.<\/p>\n<p>Montoya, a trav\u00e9s de su cuenta en la red social Twitter, dijo que fue una <strong>\u00abjugosa reuni\u00f3n con mi amigo @sergiomassa quien jug\u00f3 un papel important\u00edsimo en la jerarquizaci\u00f3n salarial de las FFAA\u00bb.<\/strong><\/p>\n<p>El ex funcionario sostuvo que fue <strong>\u00abfull agenda geopol\u00edtica.<\/strong> Diciendo y haciendo. Ahora, le interesan mis propuestas para recomponer la ecuaci\u00f3n econ\u00f3mica de la Defensa Nacional\u00bb.<\/p>\n<blockquote class=\"twitter-tweet\" readability=\"10.639664804469\">\n<p lang=\"es\" dir=\"ltr\">2\/2 <a href=\"https:\/\/twitter.com\/SergioMassa?ref_src=twsrc%5Etfw\">@sergiomassa<\/a> Sin Defensa no hay Nacion. Muchos no ven a\u00fan que el mundo unipolar de los \u201890 QEPD. Lo ayudar\u00e9, en forma personal, a su objetivo presidencial y para concretar un proyecto de FFAA profesionales, tecnol\u00f3gicas, equipadas, operativas y democr\u00e1ticas <a href=\"https:\/\/twitter.com\/MichelGuilleOK?ref_src=twsrc%5Etfw\">@michelguilleok<\/a> <a href=\"https:\/\/t.co\/hARIr9TbLg\">pic.twitter.com\/hARIr9TbLg<\/a><\/p>\n<p>\u2014 Santiago Montoya (@stgomontoya) <a href=\"https:\/\/twitter.com\/stgomontoya\/status\/1676387643498676227?ref_src=twsrc%5Etfw\">July 5, 2023<\/a><\/p><\/blockquote>\n<p>Montoya agreg\u00f3 que \u00absin Defensa no hay Naci\u00f3n.<strong> Muchos no ven a\u00fan que el mundo unipolar de los &#8217;90 QEPD. <\/strong>Lo ayudar\u00e9, en forma personal, a su objetivo presidencial y para concretar un proyecto de FFAA profesionales, tecnol\u00f3gicas, equipadas, operativas y democr\u00e1ticas\u00bb.<\/p>\n<p>La incorporaci\u00f3n de Montoya como asesor ad-honorem del jefe del Palacio de Hacienda<strong> es la tercera, luego de los ingresos del embajador en Brasil, Daniel Scioli, y del ex-ministro de Agricultura, Ganader\u00eda y Pesca, Juli\u00e1n Dom\u00ednguez.<\/strong> <\/p>\n","protected":false},"excerpt":{"rendered":"<p>Santiago Montoya concret\u00f3 su llegada al equipo del ministro de Econom\u00eda Sergio Massa y trabajar\u00e1 en temas vinculados a las Fuerzas Armadas \/ Foto: Prensa Mecon. El exdirector de la Agencia de Recaudaci\u00f3n de Buenos Aires (ARBA), Santiago Montoya, se incorpor\u00f3 al equipo de asesores del ministro de Econom\u00eda, Sergio Massa, seg\u00fan confirmaron este martes [&hellip;]<\/p>\n","protected":false},"author":1,"featured_media":62769,"comment_status":"open","ping_status":"closed","sticky":false,"template":"","format":"standard","meta":[],"categories":[19],"tags":[],"_links":{"self":[{"href":"http:\/\/hoycordobaweb.com\/index.php\/wp-json\/wp\/v2\/posts\/62768"}],"collection":[{"href":"http:\/\/hoycordobaweb.com\/index.php\/wp-json\/wp\/v2\/posts"}],"about":[{"href":"http:\/\/hoycordobaweb.com\/index.php\/wp-json\/wp\/v2\/types\/post"}],"author":[{"embeddable":true,"href":"http:\/\/hoycordobaweb.com\/index.php\/wp-json\/wp\/v2\/users\/1"}],"replies":[{"embeddable":true,"href":"http:\/\/hoycordobaweb.com\/index.php\/wp-json\/wp\/v2\/comments?post=62768"}],"version-history":[{"count":0,"href":"http:\/\/hoycordobaweb.com\/index.php\/wp-json\/wp\/v2\/posts\/62768\/revisions"}],"wp:featuredmedia":[{"embeddable":true,"href":"http:\/\/hoycordobaweb.com\/index.php\/wp-json\/wp\/v2\/media\/62769"}],"wp:attachment":[{"href":"http:\/\/hoycordobaweb.com\/index.php\/wp-json\/wp\/v2\/media?parent=62768"}],"wp:term":[{"taxonomy":"category","embeddable":true,"href":"http:\/\/hoycordobaweb.com\/index.php\/wp-json\/wp\/v2\/categories?post=62768"},{"taxonomy":"post_tag","embeddable":true,"href":"http:\/\/hoycordobaweb.com\/index.php\/wp-json\/wp\/v2\/tags?post=62768"}],"curies":[{"name":"wp","href":"https:\/\/api.w.org\/{rel}","templated":true}]}}