{"id":62756,"date":"2023-07-05T06:04:53","date_gmt":"2023-07-05T06:04:53","guid":{"rendered":"https:\/\/www.mujerhoy.com\/moda\/no-te-pierdas\/monica-belucci-vestidos-pantalones-instagram-estilo-famosas-novedades-entretiempo-20230705080230-nt.html"},"modified":"2023-07-05T06:04:53","modified_gmt":"2023-07-05T06:04:53","slug":"los-siete-looks-de-monica-belucci-para-conseguir-el-estilo-mas-sofisticado-del-verano-espectaculares-vestidos-accesorios-de-lujo-y-muchas-otras-ideas","status":"publish","type":"post","link":"http:\/\/hoycordobaweb.com\/index.php\/2023\/07\/05\/los-siete-looks-de-monica-belucci-para-conseguir-el-estilo-mas-sofisticado-del-verano-espectaculares-vestidos-accesorios-de-lujo-y-muchas-otras-ideas\/","title":{"rendered":"Los siete looks de Monica Belucci para conseguir el estilo m\u00e1s sofisticado del verano: espectaculares vestidos, accesorios de lujo y muchas otras ideas"},"content":{"rendered":"<p><!-- AUTHOR --><\/p>\n<div class=\"voc-author-timesocial \"><!-- AUTHOR --><\/p>\n<div class=\"voc-author-timesocial__signature\"><!-- IMAGE AUTHOR --><picture class=\"voc-image-signature\"><img class=\"voc-image-signature__img\" src=\"http:\/\/hoycordobaweb.com\/wp-content\/uploads\/2023\/07\/los-siete-looks-de-monica-belucci-para-conseguir-el-estilo-mas-sofisticado-del-verano-espectaculares-vestidos-accesorios-de-lujo-y-muchas-otras-ideas.jpg\" alt=\"Gemma Cano\"><\/picture><!-- INFO AUTHOR --><\/div>\n<\/div>\n<p><!-- COMPONENTS --><\/p>\n<p class=\"voc-paragraph\">Monica Bellucci irrumpi\u00f3 en la escena cinematogr\u00e1fica italiana a principios de los 90, despu\u00e9s de una breve pero intensa carrera como modelo, en la que lleg\u00f3 a ser <strong>imagen de Dolce &amp; Gabbana<\/strong>. Su importante carrera cinematogr\u00e1fica ha ido siempre acompa\u00f1ada por un inconfundible estilo personal, que nos ha dejado algunos de los <a data-voc-vtm-id=\"in-text-traffic\" href=\"https:\/\/www.mujerhoy.com\/moda\/no-te-pierdas\/kate-middleton-princesa-gales-looks-vestidos-midi-zara-royals-20230409022514-nt.html\">looks m\u00e1s ic\u00f3nicos<\/a> de todos los tiempos.\n<\/p>\n<p class=\"voc-paragraph\">A sus casi 60 a\u00f1os, si una cosa siempre ha dejado clara, es que la sensualidad es su sello de identidad: vestidos ajustados, escotes pronunciados, tejidos satinados, zapatos de tac\u00f3n y accesorios metalizados son <a data-voc-vtm-id=\"in-text-traffic\" href=\"https:\/\/www.mujerhoy.com\/moda\/no-te-pierdas\/paula-echevarria-mejores-looks-primark-instagram-actriz-mejor-vestida-20230407005323-nt.html\">sus imprescindibles<\/a>. Aqu\u00ed est\u00e1n <strong>algunos de sus mejores looks <\/strong>de los \u00faltimos tiempos de esta modelo y actriz italiana.\n<\/p>\n<div class=\"voc-detail-photo-zoom\"><picture data-toggle=\"modal\" data-target=\"#photoZoomModal-309\" target=\"modal\">\n<div class=\"voc-img-icon-link\"><img loading=\"lazy\" data-original=\"\/\/static2.mujerhoy.com\/www\/multimedia\/202307\/03\/media\/cortadas\/vestido-monica-belucci-look-rejuvenecedor-kwNB--460x637@MujerHoy.jpg\" class=\"lazy\" alt=\"Lunes: Estampado de lunares\"><noscript><img src=\"http:\/\/hoycordobaweb.com\/wp-content\/uploads\/2023\/07\/los-siete-looks-de-monica-belucci-para-conseguir-el-estilo-mas-sofisticado-del-verano-espectaculares-vestidos-accesorios-de-lujo-y-muchas-otras-ideas-1.jpg\" alt=\"Lunes: Estampado de lunares\"><\/noscript><i class=\"voc-icons zoom voc-multimedia-box voc-ico-l\"><\/i><\/div><figcaption class=\"figure-caption\">Lunes: Estampado de lunares<\/figcaption><\/picture><\/div>\n<div id=\"photoZoomModal-309\" class=\"voc-lightbox modal fade voc-lightbox--photo-zoom\" role=\"dialog\" data-voc-photozoom-lightbox>\n<div class=\"voc-lightbox__dialog\" role=\"document\">\n<div class=\"voc-lightbox__content\"><!-- Modal header --><!-- Modal content --><\/p>\n<div class=\"voc-lightbox__photo-container\"><picture class><img loading=\"lazy\" data-original=\"\/\/static2.mujerhoy.com\/www\/multimedia\/202307\/03\/media\/cortadas\/vestido-monica-belucci-look-rejuvenecedor-kwNB--460x637@MujerHoy.jpg\" alt=\"Lunes: Estampado de lunares\" class=\"lazy\"><noscript><img src=\"http:\/\/hoycordobaweb.com\/wp-content\/uploads\/2023\/07\/los-siete-looks-de-monica-belucci-para-conseguir-el-estilo-mas-sofisticado-del-verano-espectaculares-vestidos-accesorios-de-lujo-y-muchas-otras-ideas-1.jpg\" alt=\"Lunes: Estampado de lunares\"><\/noscript><\/picture><\/div>\n<\/div>\n<\/div>\n<\/div>\n<p><h3 class=\"voc-detail__title\"> Lunes: Estampado de lunares<br \/>\n<\/h3>\n<\/p>\n<p class=\"voc-paragraph\">Con la subida de las temperaturas resurgen los estampados t\u00edpicamente veraniegos. Monica Belucci los lleva a su terreno a\u00f1adiendo zapatos de tac\u00f3n infinito y plataforma. <\/p>\n<p class=\"voc-paragraph\">Truco de estilo: Aunque los lunares suelen ser peque\u00f1os, siempre puedes probar la versi\u00f3n XXL. Siempre en blanco y negro.\n<\/p>\n<div class=\"voc-detail-photo-zoom\"><picture data-toggle=\"modal\" data-target=\"#photoZoomModal-913\" target=\"modal\">\n<div class=\"voc-img-icon-link\"><img loading=\"lazy\" data-original=\"\/\/static.mujerhoy.com\/www\/multimedia\/202307\/03\/media\/cortadas\/camisa-monica-belucci-look-rejuvenecedor-kwNB--460x637@MujerHoy.jpg\" class=\"lazy\" alt=\"Martes: Todo al blanco\"><noscript><img src=\"http:\/\/hoycordobaweb.com\/wp-content\/uploads\/2023\/07\/los-siete-looks-de-monica-belucci-para-conseguir-el-estilo-mas-sofisticado-del-verano-espectaculares-vestidos-accesorios-de-lujo-y-muchas-otras-ideas-2.jpg\" alt=\"Martes: Todo al blanco\"><\/noscript><i class=\"voc-icons zoom voc-multimedia-box voc-ico-l\"><\/i><\/div><figcaption class=\"figure-caption\">Martes: Todo al blanco<\/figcaption><\/picture><\/div>\n<div id=\"photoZoomModal-913\" class=\"voc-lightbox modal fade voc-lightbox--photo-zoom\" role=\"dialog\" data-voc-photozoom-lightbox>\n<div class=\"voc-lightbox__dialog\" role=\"document\">\n<div class=\"voc-lightbox__content\"><!-- Modal header --><!-- Modal content --><\/p>\n<div class=\"voc-lightbox__photo-container\"><picture class><img loading=\"lazy\" data-original=\"\/\/static.mujerhoy.com\/www\/multimedia\/202307\/03\/media\/cortadas\/camisa-monica-belucci-look-rejuvenecedor-kwNB--460x637@MujerHoy.jpg\" alt=\"Martes: Todo al blanco\" class=\"lazy\"><noscript><img src=\"http:\/\/hoycordobaweb.com\/wp-content\/uploads\/2023\/07\/los-siete-looks-de-monica-belucci-para-conseguir-el-estilo-mas-sofisticado-del-verano-espectaculares-vestidos-accesorios-de-lujo-y-muchas-otras-ideas-2.jpg\" alt=\"Martes: Todo al blanco\"><\/noscript><\/picture><\/div>\n<\/div>\n<\/div>\n<\/div>\n<p><h3 class=\"voc-detail__title\"> Martes: Todo al blanco<br \/>\n<\/h3>\n<\/p>\n<p class=\"voc-paragraph\">Utiliza los recursos estil\u00edsticos de Monica Belucci para poner renovar tu armario de verano, de la manera m\u00e1s elegante. <\/p>\n<p class=\"voc-paragraph\">Truco de estilo: Un conjunto formal con camisa blanca y pantal\u00f3n ancho es todo lo que necesitas para triunfar este verano. Busca alternativas, al mejor precio, en Zara o Mango.\n<\/p>\n<div class=\"voc-detail-photo-zoom\"><picture data-toggle=\"modal\" data-target=\"#photoZoomModal-735\" target=\"modal\">\n<div class=\"voc-img-icon-link\"><img loading=\"lazy\" data-original=\"\/\/static2.mujerhoy.com\/www\/multimedia\/202307\/03\/media\/cortadas\/vestidos-monica-belucci-look-rejuvenecedor-kwNB--460x637@MujerHoy.jpg\" class=\"lazy\" alt=\"Mi\u00e9rcoles: El vestido perfecto\"><noscript><img src=\"http:\/\/hoycordobaweb.com\/wp-content\/uploads\/2023\/07\/los-siete-looks-de-monica-belucci-para-conseguir-el-estilo-mas-sofisticado-del-verano-espectaculares-vestidos-accesorios-de-lujo-y-muchas-otras-ideas-3.jpg\" alt=\"Mi\u00e9rcoles: El vestido perfecto\"><\/noscript><i class=\"voc-icons zoom voc-multimedia-box voc-ico-l\"><\/i><\/div><figcaption class=\"figure-caption\">Mi\u00e9rcoles: El vestido perfecto<\/figcaption><\/picture><\/div>\n<div id=\"photoZoomModal-735\" class=\"voc-lightbox modal fade voc-lightbox--photo-zoom\" role=\"dialog\" data-voc-photozoom-lightbox>\n<div class=\"voc-lightbox__dialog\" role=\"document\">\n<div class=\"voc-lightbox__content\"><!-- Modal header --><!-- Modal content --><\/p>\n<div class=\"voc-lightbox__photo-container\"><picture class><img loading=\"lazy\" data-original=\"\/\/static2.mujerhoy.com\/www\/multimedia\/202307\/03\/media\/cortadas\/vestidos-monica-belucci-look-rejuvenecedor-kwNB--460x637@MujerHoy.jpg\" alt=\"Mi\u00e9rcoles: El vestido perfecto\" class=\"lazy\"><noscript><img src=\"http:\/\/hoycordobaweb.com\/wp-content\/uploads\/2023\/07\/los-siete-looks-de-monica-belucci-para-conseguir-el-estilo-mas-sofisticado-del-verano-espectaculares-vestidos-accesorios-de-lujo-y-muchas-otras-ideas-3.jpg\" alt=\"Mi\u00e9rcoles: El vestido perfecto\"><\/noscript><\/picture><\/div>\n<\/div>\n<\/div>\n<\/div>\n<p><h3 class=\"voc-detail__title\"> Mi\u00e9rcoles: El vestido perfecto<br \/>\n<\/h3>\n<\/p>\n<p class=\"voc-paragraph\">Monica Belucci nos propone un look veraniego que siempre funciona. <\/p>\n<p class=\"voc-paragraph\">Truco de estilo: un vestido con estampado de flores y un par de sandalias de tac\u00f3n son los elementos de esta combinaci\u00f3n ganadora.\n<\/p>\n<div class=\"voc-detail-photo-zoom\"><picture data-toggle=\"modal\" data-target=\"#photoZoomModal-919\" target=\"modal\">\n<div class=\"voc-img-icon-link\"><img loading=\"lazy\" data-original=\"\/\/static1.mujerhoy.com\/www\/multimedia\/202307\/03\/media\/cortadas\/blanco-monica-belucci-look-rejuvenecedor-kwNB--460x637@MujerHoy.jpg\" class=\"lazy\" alt=\"Jueves: Tejidos calados\"><noscript><img src=\"http:\/\/hoycordobaweb.com\/wp-content\/uploads\/2023\/07\/los-siete-looks-de-monica-belucci-para-conseguir-el-estilo-mas-sofisticado-del-verano-espectaculares-vestidos-accesorios-de-lujo-y-muchas-otras-ideas-4.jpg\" alt=\"Jueves: Tejidos calados\"><\/noscript><i class=\"voc-icons zoom voc-multimedia-box voc-ico-l\"><\/i><\/div><figcaption class=\"figure-caption\">Jueves: Tejidos calados<\/figcaption><\/picture><\/div>\n<div id=\"photoZoomModal-919\" class=\"voc-lightbox modal fade voc-lightbox--photo-zoom\" role=\"dialog\" data-voc-photozoom-lightbox>\n<div class=\"voc-lightbox__dialog\" role=\"document\">\n<div class=\"voc-lightbox__content\"><!-- Modal header --><!-- Modal content --><\/p>\n<div class=\"voc-lightbox__photo-container\"><picture class><img loading=\"lazy\" data-original=\"\/\/static1.mujerhoy.com\/www\/multimedia\/202307\/03\/media\/cortadas\/blanco-monica-belucci-look-rejuvenecedor-kwNB--460x637@MujerHoy.jpg\" alt=\"Jueves: Tejidos calados\" class=\"lazy\"><noscript><img src=\"http:\/\/hoycordobaweb.com\/wp-content\/uploads\/2023\/07\/los-siete-looks-de-monica-belucci-para-conseguir-el-estilo-mas-sofisticado-del-verano-espectaculares-vestidos-accesorios-de-lujo-y-muchas-otras-ideas-4.jpg\" alt=\"Jueves: Tejidos calados\"><\/noscript><\/picture><\/div>\n<\/div>\n<\/div>\n<\/div>\n<p><h3 class=\"voc-detail__title\"> Jueves: Tejidos calados<br \/>\n<\/h3>\n<\/p>\n<p class=\"voc-paragraph\">Monica Belucci recurre siempre que puede a los vestidos estampados blancos, en formato midi.\n<\/p>\n<p class=\"voc-paragraph\">Truco de estilo: Una propuesta de fiesta que tambi\u00e9n puedes llevar en tu d\u00eda a d\u00eda con sandalias planas.\n<\/p>\n<div class=\"voc-detail-photo-zoom\"><picture data-toggle=\"modal\" data-target=\"#photoZoomModal-136\" target=\"modal\">\n<div class=\"voc-img-icon-link\"><img loading=\"lazy\" data-original=\"\/\/static.mujerhoy.com\/www\/multimedia\/202307\/03\/media\/cortadas\/negro-monica-belucci-look-rejuvenecedor-kwNB--460x637@MujerHoy.jpg\" class=\"lazy\" alt=\"Viernes: Negro y dorado \"><noscript><img src=\"http:\/\/hoycordobaweb.com\/wp-content\/uploads\/2023\/07\/los-siete-looks-de-monica-belucci-para-conseguir-el-estilo-mas-sofisticado-del-verano-espectaculares-vestidos-accesorios-de-lujo-y-muchas-otras-ideas-5.jpg\" alt=\"Viernes: Negro y dorado \"><\/noscript><i class=\"voc-icons zoom voc-multimedia-box voc-ico-l\"><\/i><\/div><figcaption class=\"figure-caption\">Viernes: Negro y dorado <\/figcaption><\/picture><\/div>\n<div id=\"photoZoomModal-136\" class=\"voc-lightbox modal fade voc-lightbox--photo-zoom\" role=\"dialog\" data-voc-photozoom-lightbox>\n<div class=\"voc-lightbox__dialog\" role=\"document\">\n<div class=\"voc-lightbox__content\"><!-- Modal header --><!-- Modal content --><\/p>\n<div class=\"voc-lightbox__photo-container\"><picture class><img loading=\"lazy\" data-original=\"\/\/static.mujerhoy.com\/www\/multimedia\/202307\/03\/media\/cortadas\/negro-monica-belucci-look-rejuvenecedor-kwNB--460x637@MujerHoy.jpg\" alt=\"Viernes: Negro y dorado \" class=\"lazy\"><noscript><img src=\"http:\/\/hoycordobaweb.com\/wp-content\/uploads\/2023\/07\/los-siete-looks-de-monica-belucci-para-conseguir-el-estilo-mas-sofisticado-del-verano-espectaculares-vestidos-accesorios-de-lujo-y-muchas-otras-ideas-5.jpg\" alt=\"Viernes: Negro y dorado \"><\/noscript><\/picture><\/div>\n<\/div>\n<\/div>\n<\/div>\n<p><h3 class=\"voc-detail__title\"> Viernes: Negro y dorado <\/h3>\n<\/p>\n<p class=\"voc-paragraph\">Se acaba la semana y es hora de lucir un estilismo de nota. Monica no renuncia a los looks m\u00e1s sofisticados en ning\u00fan momento del d\u00eda. <\/p>\n<p class=\"voc-paragraph\">Truco de estilo: Un vestido negro ajustado, un bolso de mano dorado y por supuesto, un buen par de zapatos de tac\u00f3n. <\/p>\n<div class=\"voc-detail-photo-zoom\"><picture data-toggle=\"modal\" data-target=\"#photoZoomModal-788\" target=\"modal\">\n<div class=\"voc-img-icon-link\"><img loading=\"lazy\" data-original=\"\/\/static.mujerhoy.com\/www\/multimedia\/202307\/03\/media\/cortadas\/vestidos-monica-belucci-blanco-rejuvenecedor-kwNB--460x637@MujerHoy.jpg\" class=\"lazy\" alt=\"S\u00e1bado: El vestido de canal\u00e9\"><noscript><img src=\"http:\/\/hoycordobaweb.com\/wp-content\/uploads\/2023\/07\/los-siete-looks-de-monica-belucci-para-conseguir-el-estilo-mas-sofisticado-del-verano-espectaculares-vestidos-accesorios-de-lujo-y-muchas-otras-ideas-6.jpg\" alt=\"S\u00e1bado: El vestido de canal\u00e9\"><\/noscript><i class=\"voc-icons zoom voc-multimedia-box voc-ico-l\"><\/i><\/div><figcaption class=\"figure-caption\">S\u00e1bado: El vestido de canal\u00e9<\/figcaption><\/picture><\/div>\n<div id=\"photoZoomModal-788\" class=\"voc-lightbox modal fade voc-lightbox--photo-zoom\" role=\"dialog\" data-voc-photozoom-lightbox>\n<div class=\"voc-lightbox__dialog\" role=\"document\">\n<div class=\"voc-lightbox__content\"><!-- Modal header --><!-- Modal content --><\/p>\n<div class=\"voc-lightbox__photo-container\"><picture class><img loading=\"lazy\" data-original=\"\/\/static.mujerhoy.com\/www\/multimedia\/202307\/03\/media\/cortadas\/vestidos-monica-belucci-blanco-rejuvenecedor-kwNB--460x637@MujerHoy.jpg\" alt=\"S\u00e1bado: El vestido de canal\u00e9\" class=\"lazy\"><noscript><img src=\"http:\/\/hoycordobaweb.com\/wp-content\/uploads\/2023\/07\/los-siete-looks-de-monica-belucci-para-conseguir-el-estilo-mas-sofisticado-del-verano-espectaculares-vestidos-accesorios-de-lujo-y-muchas-otras-ideas-6.jpg\" alt=\"S\u00e1bado: El vestido de canal\u00e9\"><\/noscript><\/picture><\/div>\n<\/div>\n<\/div>\n<\/div>\n<p><h3 class=\"voc-detail__title\"> S\u00e1bado: El vestido de canal\u00e9<br \/>\n<\/h3>\n<\/p>\n<p class=\"voc-paragraph\">Monica Belucci maneja como nadie el arte de vestir en las ocasiones especiales. <\/p>\n<p class=\"voc-paragraph\">Truco de estilo: si quieres impactar en cualquier evento esta primavera, elige un vestido en un color neutro y ll\u00e9valo con sandalias de taconazo. <\/p>\n<div class=\"voc-detail-photo-zoom\"><picture data-toggle=\"modal\" data-target=\"#photoZoomModal-680\" target=\"modal\">\n<div class=\"voc-img-icon-link\"><img loading=\"lazy\" data-original=\"\/\/static3.mujerhoy.com\/www\/multimedia\/202307\/03\/media\/cortadas\/traje-monica-belucci-look-rejuvenecedor-kwNB--460x637@MujerHoy.jpg\" class=\"lazy\" alt=\"Domingo: Estampado de flores\"><noscript><img src=\"http:\/\/hoycordobaweb.com\/wp-content\/uploads\/2023\/07\/los-siete-looks-de-monica-belucci-para-conseguir-el-estilo-mas-sofisticado-del-verano-espectaculares-vestidos-accesorios-de-lujo-y-muchas-otras-ideas-7.jpg\" alt=\"Domingo: Estampado de flores\"><\/noscript><i class=\"voc-icons zoom voc-multimedia-box voc-ico-l\"><\/i><\/div><figcaption class=\"figure-caption\">Domingo: Estampado de flores<\/figcaption><\/picture><\/div>\n<div id=\"photoZoomModal-680\" class=\"voc-lightbox modal fade voc-lightbox--photo-zoom\" role=\"dialog\" data-voc-photozoom-lightbox>\n<div class=\"voc-lightbox__dialog\" role=\"document\">\n<div class=\"voc-lightbox__content\"><!-- Modal header --><!-- Modal content --><\/p>\n<div class=\"voc-lightbox__photo-container\"><picture class><img loading=\"lazy\" data-original=\"\/\/static3.mujerhoy.com\/www\/multimedia\/202307\/03\/media\/cortadas\/traje-monica-belucci-look-rejuvenecedor-kwNB--460x637@MujerHoy.jpg\" alt=\"Domingo: Estampado de flores\" class=\"lazy\"><noscript><img src=\"http:\/\/hoycordobaweb.com\/wp-content\/uploads\/2023\/07\/los-siete-looks-de-monica-belucci-para-conseguir-el-estilo-mas-sofisticado-del-verano-espectaculares-vestidos-accesorios-de-lujo-y-muchas-otras-ideas-7.jpg\" alt=\"Domingo: Estampado de flores\"><\/noscript><\/picture><\/div>\n<\/div>\n<\/div>\n<\/div>\n<p><h3 class=\"voc-detail__title\"> Domingo: Estampado de flores<br \/>\n<\/h3>\n<\/p>\n<p class=\"voc-paragraph\">La moda es una gran arma de expresi\u00f3n para Monica Belucci, que siempre luce estilismos muy especiales. <\/p>\n<p class=\"voc-paragraph\">Truco de estilo: Los trajes tambi\u00e9n son para el verano. Ll\u00e9valos con estampados de flores en colores vibrantes.\n<\/p>\n<p><!-- TOPICS --><\/p>\n","protected":false},"excerpt":{"rendered":"<p>Monica Bellucci irrumpi\u00f3 en la escena cinematogr\u00e1fica italiana a principios de los 90, despu\u00e9s de una breve pero intensa carrera como modelo, en la que lleg\u00f3 a ser imagen de Dolce &amp; Gabbana. Su importante carrera cinematogr\u00e1fica ha ido siempre acompa\u00f1ada por un inconfundible estilo personal, que nos ha dejado algunos de los looks m\u00e1s [&hellip;]<\/p>\n","protected":false},"author":1,"featured_media":62757,"comment_status":"closed","ping_status":"closed","sticky":false,"template":"","format":"standard","meta":[],"categories":[1],"tags":[],"_links":{"self":[{"href":"http:\/\/hoycordobaweb.com\/index.php\/wp-json\/wp\/v2\/posts\/62756"}],"collection":[{"href":"http:\/\/hoycordobaweb.com\/index.php\/wp-json\/wp\/v2\/posts"}],"about":[{"href":"http:\/\/hoycordobaweb.com\/index.php\/wp-json\/wp\/v2\/types\/post"}],"author":[{"embeddable":true,"href":"http:\/\/hoycordobaweb.com\/index.php\/wp-json\/wp\/v2\/users\/1"}],"replies":[{"embeddable":true,"href":"http:\/\/hoycordobaweb.com\/index.php\/wp-json\/wp\/v2\/comments?post=62756"}],"version-history":[{"count":0,"href":"http:\/\/hoycordobaweb.com\/index.php\/wp-json\/wp\/v2\/posts\/62756\/revisions"}],"wp:featuredmedia":[{"embeddable":true,"href":"http:\/\/hoycordobaweb.com\/index.php\/wp-json\/wp\/v2\/media\/62757"}],"wp:attachment":[{"href":"http:\/\/hoycordobaweb.com\/index.php\/wp-json\/wp\/v2\/media?parent=62756"}],"wp:term":[{"taxonomy":"category","embeddable":true,"href":"http:\/\/hoycordobaweb.com\/index.php\/wp-json\/wp\/v2\/categories?post=62756"},{"taxonomy":"post_tag","embeddable":true,"href":"http:\/\/hoycordobaweb.com\/index.php\/wp-json\/wp\/v2\/tags?post=62756"}],"curies":[{"name":"wp","href":"https:\/\/api.w.org\/{rel}","templated":true}]}}