{"id":62754,"date":"2023-07-04T23:57:01","date_gmt":"2023-07-04T23:57:01","guid":{"rendered":"https:\/\/www.ole.com.ar\/informacion-general\/toto-da-silveira-mundial_0_eIuLYl4VVp.html"},"modified":"2023-07-04T23:57:01","modified_gmt":"2023-07-04T23:57:01","slug":"murio-el-toto-da-silveira-el-periodista-uruguayo-que-cubrio-15-mundiales","status":"publish","type":"post","link":"http:\/\/hoycordobaweb.com\/index.php\/2023\/07\/04\/murio-el-toto-da-silveira-el-periodista-uruguayo-que-cubrio-15-mundiales\/","title":{"rendered":"Muri\u00f3 el Toto da Silveira, el periodista uruguayo que cubri\u00f3 15 Mundiales"},"content":{"rendered":"<p><img src=\"http:\/\/hoycordobaweb.com\/wp-content\/uploads\/2023\/07\/murio-el-toto-da-silveira-el-periodista-uruguayo-que-cubrio-15-mundiales.jpg\"><\/p>\n<div><img src=\"http:\/\/hoycordobaweb.com\/wp-content\/uploads\/2023\/07\/murio-el-toto-da-silveira-el-periodista-uruguayo-que-cubrio-15-mundiales.jpg\" class=\"ff-og-image-inserted\"><\/div>\n<p><time class=\"createDate\" datetime=\"2023-07-04T20:57:001-03:00\">04\/07\/2023 20:57hs.<\/time><time class=\"modificatedDate\" datetime=\"2023-07-04T21:12:43-03:00\"> Actualizado al 04\/07\/2023 21:12hs.<\/time><\/p>\n<div id=\"storyBody\">\n<div class=\"custom-text \" readability=\"41\">\n<p>Jorge Urbano Da Silveira Silva\u200b fue para el mundo del deporte el Toto, un periodista que dej\u00f3 su marca indeleble en el deporte uruguayo durante m\u00e1s de seis d\u00e9cadas. Luchaba contra un c\u00e1ncer desde el a\u00f1o pasado, pero, aun as\u00ed, hizo todo por estar en Qatar 2022, su Mundial n\u00famero 15. En mayo se hab\u00eda despedido de su programa de radio. Este martes muri\u00f3, a los 79 a\u00f1os.<\/p>\n<\/div>\n<div class=\"custom-text \" readability=\"37\">\n<p>\u00abLamentamos con dolor el fallecimiento de Jorge Da Silveira, hist\u00f3rico periodista deportivo\u00bb, despidi\u00f3 la AUF a quien, para muchos, cambi\u00f3 la historia de las coberturas de f\u00fatbol en Uruguay.<\/p>\n<\/div>\n<div class=\"custom-text \" readability=\"36\">\n<p>Da Silveira no falt\u00f3 a un Mundial desde Inglaterra 1966. Con 15 coberturas seguidas, es el segundo periodista con m\u00e1s presencias, solo superado por Enrique Macaya M\u00e1rquez, que acumula 17.<\/p>\n<\/div>\n<div class=\"custom-text \" readability=\"38\">\n<p>\u00abHa sido un enorme privilegio estar todos estos a\u00f1os haciendo las cosas como uno quer\u00eda, donde uno quer\u00eda, con quienes uno quer\u00eda\u00bb, dijo en mayo cuando se despidi\u00f3 del programa radial A Fondo, en Carve deportiva.<\/p>\n<\/div>\n<div class=\"custom-text \" readability=\"42\">\n<p>Comenz\u00f3 su carrera en Radio Sarand\u00ed cuando ten\u00eda 17 a\u00f1os. Lider\u00f3 Clan 10 por Radio Ariel, en una etapa en la que cambi\u00f3 la forma de las transmisiones deportivas. \u00abFue el mejor relator con el que trabaj\u00e9\u00bb, dijo hace un tiempo V\u00edctor Hugo Morales, uno de los que form\u00f3 parte de ese proyecto. Pas\u00f3 por decenas de programas de radio y televisi\u00f3n. Adem\u00e1s, fue jefe de deportes del Diario El Pa\u00eds de Uruguay y columnista durante m\u00e1s de 30 a\u00f1os. En fin, dej\u00f3 su impronta, su pasi\u00f3n, su voz para siempre en la memoria de muchas generaciones. Dej\u00f3 el legado de un periodista de raza.<\/p>\n<\/div>\n<\/div>\n","protected":false},"excerpt":{"rendered":"<p>04\/07\/2023 20:57hs. Actualizado al 04\/07\/2023 21:12hs. Jorge Urbano Da Silveira Silva\u200b fue para el mundo del deporte el Toto, un periodista que dej\u00f3 su marca indeleble en el deporte uruguayo durante m\u00e1s de seis d\u00e9cadas. Luchaba contra un c\u00e1ncer desde el a\u00f1o pasado, pero, aun as\u00ed, hizo todo por estar en Qatar 2022, su Mundial [&hellip;]<\/p>\n","protected":false},"author":1,"featured_media":62755,"comment_status":"open","ping_status":"closed","sticky":false,"template":"","format":"standard","meta":[],"categories":[16],"tags":[],"_links":{"self":[{"href":"http:\/\/hoycordobaweb.com\/index.php\/wp-json\/wp\/v2\/posts\/62754"}],"collection":[{"href":"http:\/\/hoycordobaweb.com\/index.php\/wp-json\/wp\/v2\/posts"}],"about":[{"href":"http:\/\/hoycordobaweb.com\/index.php\/wp-json\/wp\/v2\/types\/post"}],"author":[{"embeddable":true,"href":"http:\/\/hoycordobaweb.com\/index.php\/wp-json\/wp\/v2\/users\/1"}],"replies":[{"embeddable":true,"href":"http:\/\/hoycordobaweb.com\/index.php\/wp-json\/wp\/v2\/comments?post=62754"}],"version-history":[{"count":0,"href":"http:\/\/hoycordobaweb.com\/index.php\/wp-json\/wp\/v2\/posts\/62754\/revisions"}],"wp:featuredmedia":[{"embeddable":true,"href":"http:\/\/hoycordobaweb.com\/index.php\/wp-json\/wp\/v2\/media\/62755"}],"wp:attachment":[{"href":"http:\/\/hoycordobaweb.com\/index.php\/wp-json\/wp\/v2\/media?parent=62754"}],"wp:term":[{"taxonomy":"category","embeddable":true,"href":"http:\/\/hoycordobaweb.com\/index.php\/wp-json\/wp\/v2\/categories?post=62754"},{"taxonomy":"post_tag","embeddable":true,"href":"http:\/\/hoycordobaweb.com\/index.php\/wp-json\/wp\/v2\/tags?post=62754"}],"curies":[{"name":"wp","href":"https:\/\/api.w.org\/{rel}","templated":true}]}}