{"id":62748,"date":"2023-07-05T02:01:39","date_gmt":"2023-07-05T02:01:39","guid":{"rendered":"https:\/\/www.ole.com.ar\/boca-juniors\/almendra-carta-despedida-boca_0_84jaMfEjPq.html"},"modified":"2023-07-05T02:01:39","modified_gmt":"2023-07-05T02:01:39","slug":"el-apoyo-de-marcos-rojo-para-agustin-almendra-tras-irse-de-boca","status":"publish","type":"post","link":"http:\/\/hoycordobaweb.com\/index.php\/2023\/07\/05\/el-apoyo-de-marcos-rojo-para-agustin-almendra-tras-irse-de-boca\/","title":{"rendered":"El apoyo de Marcos Rojo para Agust\u00edn Almendra tras irse de Boca"},"content":{"rendered":"<p><img src=\"http:\/\/hoycordobaweb.com\/wp-content\/uploads\/2023\/07\/el-apoyo-de-marcos-rojo-para-agustin-almendra-tras-irse-de-boca.jpg\"><\/p>\n<p><time class=\"createDate\" datetime=\"2023-07-04T23:01:39-03:00\">04\/07\/2023 23:01hs.<\/time><time class=\"modificatedDate\" datetime=\"2023-07-04T23:01:38-03:00\"><\/time><\/p>\n<div id=\"storyBody\">\n<div class=\"custom-text \" readability=\"37\">\n<p>La novela entre Boca y Agust\u00edn Almendra lleg\u00f3 a su fin. Luego de oficializar su salida con un crudo posteo, las repercusiones no tardaron en llegar. Hasta Marcos Rojo, quien tambi\u00e9n afronta una situaci\u00f3n particular con el club, le dedic\u00f3 unas palabras.<\/p>\n<\/div>\n<div class=\"custom-text \" readability=\"34\">\n<p>El volante de 23 a\u00f1os dej\u00f3 de ser jugador de Boca el 30 de junio, pero algunas cuentas pendientes en la Ribera hicieron que su salida definitiva se demorara. \u00bfSu destino? Racing.<\/p>\n<\/div>\n<div class=\"custom-text \" readability=\"37\">\n<p>Tras la extensa carta abierta que public\u00f3 Almendra, Rojo no quiso dejar pasar la oportunidad y decidi\u00f3 responderle de manera p\u00fablica. \u00abLo mejor Agus para todo lo que venga amigo, te lo merec\u00e9s\u00bb, escribi\u00f3 el defensor.<\/p>\n<\/div>\n<div class=\"sc-e7b891c4-0 jPbnQF\"><img alt=\"El mensaje de Marcos Rojo para Almendra.\" src=\"http:\/\/hoycordobaweb.com\/wp-content\/uploads\/2023\/07\/el-apoyo-de-marcos-rojo-para-agustin-almendra-tras-irse-de-boca-2.jpg\" width=\"720\" height=\"100\" decoding=\"async\" data-nimg=\"future\" loading=\"lazy\"><span class=\"epigraphe\">El mensaje de Marcos Rojo para Almendra.<\/span><\/div>\n<p><h2><strong>El crudo posteo de Almendra: cr\u00edticas a la dirigencia y foto con Rom\u00e1n<\/strong><\/h2>\n<\/p>\n<div class=\"custom-text \" readability=\"33\">\n<p>El volante public\u00f3 un mensaje en la que mezcla<strong> <\/strong>sentimientos y una cr\u00edtica a la actual conducci\u00f3n de su ahora exequipo. <strong>Hasta incluy\u00f3 una foto con Juan Rom\u00e1n Riquelme&#8230;<\/strong><\/p>\n<\/div>\n<div class=\"custom-text \" readability=\"36\">\n<p><strong>El descargo sigui\u00f3 con un reclamo al propio Rom\u00e1n<\/strong>, como responsable del Consejo de F\u00fatbol.<strong> \u00ab<\/strong>Aunque esta despedida no es como esperaba, lamentablemente no tuve otra opci\u00f3n debido a varias ofertas que fueron rechazadas por el club\u00bb.<\/p>\n<\/div>\n<div class=\"sc-e7b891c4-0 jPbnQF\"><img alt=\"Agust\u00edn Almendra seguir\u00e1 su carrera en Racing.\" src=\"http:\/\/hoycordobaweb.com\/wp-content\/uploads\/2023\/07\/el-apoyo-de-marcos-rojo-para-agustin-almendra-tras-irse-de-boca-3.jpg\" width=\"720\" height=\"100\" decoding=\"async\" data-nimg=\"future\" loading=\"lazy\"><span class=\"epigraphe\">Agust\u00edn Almendra seguir\u00e1 su carrera en Racing.<\/span><\/div>\n<div class=\"custom-text \" readability=\"36\">\n<p>\u00abQuiero -escribi\u00f3 Almendra- expresar mi m\u00e1s sincero agradecimiento a todos aquellos que me acompa\u00f1aron en este camino: <strong>compa\u00f1eros de equipo, cuerpo t\u00e9cnicos, utileros y todos los empleados del club\u00bb.<\/strong> <\/p>\n<\/div>\n<div class=\"custom-text \" readability=\"37\">\n<p>Hubo m\u00e1s: \u00abQuiero disculparme con los hinchas, <strong>ya que en ocasiones comet\u00ed errores<\/strong>, pero me voy del club con los mejores recuerdos. <strong>Los verdaderos hinchas de Boca son m\u00e1s importantes que cualquier gesti\u00f3n transitoria.<\/strong> De coraz\u00f3n, muchas gracias a todos los bosteros\u00bb.<\/p>\n<\/div>\n<div class=\"custom-text \" readability=\"38\">\n<p><strong>En su relato, el volante repasa diferentes situaciones, incluso con varias fotos de distintos momentos en el club. <\/strong>Pero a la hora de los agradecimientos, y m\u00e1s all\u00e1 de la imagen con Rom\u00e1n, no menciona a ning\u00fan dirigente. <\/p>\n<\/div>\n<div class=\"custom-text \" readability=\"36\">\n<p>Y defiende su salida en libertad de acci\u00f3n diciendo que, si el club hubiera aceptado algunas de las ofertas que llegaron por \u00e9l,<strong> no se habr\u00eda ido sin dejarle un peso a la instituci\u00f3n que lo form\u00f3.<\/strong><\/p>\n<\/div>\n<div class=\"sc-e7b891c4-0 jPbnQF\"><img alt=\"En su posteo, entre las fotos, aparece Riquelme.\" src=\"http:\/\/hoycordobaweb.com\/wp-content\/uploads\/2023\/07\/el-apoyo-de-marcos-rojo-para-agustin-almendra-tras-irse-de-boca-4.jpg\" width=\"720\" height=\"100\" decoding=\"async\" data-nimg=\"future\" loading=\"lazy\"><span class=\"epigraphe\">En su posteo, entre las fotos, aparece Riquelme.<\/span><\/div>\n<p><h2><strong>Almendra, su posteo y su autocr\u00edtica<\/strong><\/h2>\n<\/p>\n<div class=\"custom-text \" readability=\"35\">\n<p>Tambi\u00e9n en esta carta, Almendra se mostr\u00f3 arrepentido sobre c\u00f3mo termin\u00f3 su carrera en Boca. Sobre todo, a partir de dos situaciones de conflicto que marcaron sus \u00faltimos tiempos.<\/p>\n<\/div>\n<div class=\"custom-text \" readability=\"2.1\">\n<p>\u00bfCu\u00e1les? <a href=\"https:\/\/www.ole.com.ar\/boca-juniors\/boca-almendra-pensar-retiro_0_LKoqB8iB0.html\" target=\"_blank\" rel=\"noopener noreferrer\">Cuando en el 2020 dej\u00f3 de ir a entrenarse al predio de Ezeiza y luego dijo que pens\u00f3 en dejar de jugar<\/a>; o <a href=\"https:\/\/www.ole.com.ar\/boca-juniors\/agustin-almendra_0_yBF9AWu5w7.html\" target=\"_blank\" rel=\"noopener noreferrer\">cuando tuvo su incidente con Battaglia, por el que termin\u00f3 apartado del plantel y ya nunca m\u00e1s volvi\u00f3 a jugar con la azul y oro.<\/a><\/p>\n<\/div>\n<div class=\"custom-text \" readability=\"35\">\n<p> Ni con el Le\u00f3n, ni con Hugo Ibarra. Todo eso termin\u00f3 con su decisi\u00f3n de no renovar su v\u00ednculo con Boca y el fin de su contrato, el pasado 30 de junio.<\/p>\n<\/div>\n<div class=\"sc-e7b891c4-0 jPbnQF\"><img alt=\"De pibito, en Inferiores, otra de las im\u00e1genes que eligi\u00f3 en la publicaci\u00f3n.\" src=\"http:\/\/hoycordobaweb.com\/wp-content\/uploads\/2023\/07\/el-apoyo-de-marcos-rojo-para-agustin-almendra-tras-irse-de-boca-5.jpg\" width=\"720\" height=\"100\" decoding=\"async\" data-nimg=\"future\" loading=\"lazy\"><span class=\"epigraphe\">De pibito, en Inferiores, otra de las im\u00e1genes que eligi\u00f3 en la publicaci\u00f3n.<\/span><\/div>\n<div class=\"custom-text \" readability=\"40\">\n<p><strong>Ahora, Almendra se sumar\u00e1 a Racing, donde comenzar\u00e1 una nueva etapa de su carrera. Por lo pronto,<\/strong> todav\u00eda no se sum\u00f3 al grupo, aunque seguramente, sellada su salida de Boca, lo har\u00e1 en estos d\u00edas&#8230;<\/p>\n<\/div>\n<p><h2><strong>La situaci\u00f3n de Marcos Rojo: lesi\u00f3n y demoras en la renovaci\u00f3n<\/strong><\/h2>\n<\/p>\n<div class=\"custom-text \" readability=\"36\">\n<p>El defensor acaba de sufrir un nuevo desgarro, esta vez en otra zona (el gemelo izquierdo), que hace que la vuelta a las canchas se demore una vez m\u00e1s: <strong>ya ni siquiera es seguro que pueda jugar los octavos de la Copa<\/strong>.<\/p>\n<\/div>\n<div class=\"custom-text \" readability=\"37\">\n<p>Eso no lo es todo. Ahora, su renovaci\u00f3n est\u00e1 en stand by, sobre todo, por su situaci\u00f3n f\u00edsica: <strong>el Consejo quiere evaluar primero en qu\u00e9 condiciones vuelve <\/strong>antes de hacerle un ofrecimiento para una continuidad. <\/p>\n<\/div>\n<div class=\"sc-e7b891c4-0 jPbnQF\"><img alt=\"Marcos Rojo, en un entrenamiento de Boca. Foto: Prensa Boca\" src=\"http:\/\/hoycordobaweb.com\/wp-content\/uploads\/2023\/07\/el-apoyo-de-marcos-rojo-para-agustin-almendra-tras-irse-de-boca-6.jpg\" width=\"720\" height=\"100\" decoding=\"async\" data-nimg=\"future\" loading=\"lazy\"><span class=\"epigraphe\">Marcos Rojo, en un entrenamiento de Boca. Foto: Prensa Boca<\/span><\/div>\n<div class=\"custom-text \" readability=\"36\">\n<p>Entonces, Riquelme y el resto de la dirigencia asumen el riesgo de que Rojo hoy ya est\u00e9 en condiciones de negociar como agente libre con cualquier otro club (el Palmeiras hace tiempo est\u00e1 interesado en \u00e9l), ya que<strong> su v\u00ednculo con Boca se vence en diciembre de este a\u00f1o<\/strong>.<\/p>\n<\/div>\n<\/div>\n","protected":false},"excerpt":{"rendered":"<p>04\/07\/2023 23:01hs. La novela entre Boca y Agust\u00edn Almendra lleg\u00f3 a su fin. Luego de oficializar su salida con un crudo posteo, las repercusiones no tardaron en llegar. Hasta Marcos Rojo, quien tambi\u00e9n afronta una situaci\u00f3n particular con el club, le dedic\u00f3 unas palabras. El volante de 23 a\u00f1os dej\u00f3 de ser jugador de Boca [&hellip;]<\/p>\n","protected":false},"author":1,"featured_media":62749,"comment_status":"open","ping_status":"closed","sticky":false,"template":"","format":"standard","meta":[],"categories":[16],"tags":[],"_links":{"self":[{"href":"http:\/\/hoycordobaweb.com\/index.php\/wp-json\/wp\/v2\/posts\/62748"}],"collection":[{"href":"http:\/\/hoycordobaweb.com\/index.php\/wp-json\/wp\/v2\/posts"}],"about":[{"href":"http:\/\/hoycordobaweb.com\/index.php\/wp-json\/wp\/v2\/types\/post"}],"author":[{"embeddable":true,"href":"http:\/\/hoycordobaweb.com\/index.php\/wp-json\/wp\/v2\/users\/1"}],"replies":[{"embeddable":true,"href":"http:\/\/hoycordobaweb.com\/index.php\/wp-json\/wp\/v2\/comments?post=62748"}],"version-history":[{"count":0,"href":"http:\/\/hoycordobaweb.com\/index.php\/wp-json\/wp\/v2\/posts\/62748\/revisions"}],"wp:featuredmedia":[{"embeddable":true,"href":"http:\/\/hoycordobaweb.com\/index.php\/wp-json\/wp\/v2\/media\/62749"}],"wp:attachment":[{"href":"http:\/\/hoycordobaweb.com\/index.php\/wp-json\/wp\/v2\/media?parent=62748"}],"wp:term":[{"taxonomy":"category","embeddable":true,"href":"http:\/\/hoycordobaweb.com\/index.php\/wp-json\/wp\/v2\/categories?post=62748"},{"taxonomy":"post_tag","embeddable":true,"href":"http:\/\/hoycordobaweb.com\/index.php\/wp-json\/wp\/v2\/tags?post=62748"}],"curies":[{"name":"wp","href":"https:\/\/api.w.org\/{rel}","templated":true}]}}