{"id":62682,"date":"2023-07-03T23:02:49","date_gmt":"2023-07-03T23:02:49","guid":{"rendered":"https:\/\/ladecimaweb.com\/?p=17391"},"modified":"2023-07-03T23:02:49","modified_gmt":"2023-07-03T23:02:49","slug":"la-oposicion-es-experta-en-devaluar-nuestros-logros","status":"publish","type":"post","link":"http:\/\/hoycordobaweb.com\/index.php\/2023\/07\/03\/la-oposicion-es-experta-en-devaluar-nuestros-logros\/","title":{"rendered":"\u201cLa oposici\u00f3n es experta en devaluar nuestros logros\u201d"},"content":{"rendered":"<div class=\"boldgrid-section\">\n<div class=\"container\">\n<div class=\"row\">\n<div class=\"col-md-12 col-xs-12 col-sm-12\">\n<p class=\"\">El vice intendente y candidato a intendente de Hacemos Unidos por C\u00f3rdoba, Daniel Passerini, encabez\u00f3 hoy un acto de encendido de 90 luminarias leds en barrio Parque Latino, en la zona sur. Al t\u00e9rmino del acto, mantuvo una entrevista con este medio:&nbsp;<\/p>\n<p class=\"\"><strong>\u00bfSe va a profundizar la descentralizaci\u00f3n municipal en caso de ser intendente?<\/strong><\/p>\n<p class=\"\">S\u00ed, estamos avanzado. De hecho, van a ocurrir dos hechos importantes en los pr\u00f3ximos d\u00edas: se van a inaugurar dos centros operativos m\u00e1s, el de CPC Barrio Jard\u00edn y el de CPC Villa El Libertador. Nuestra decisi\u00f3n es seguir avanzando. Lo hacemos no solo con los servicios b\u00e1sicos, sino tambi\u00e9n con la salud. Los hospitales de pronta atenci\u00f3n son un formato de descentralizaci\u00f3n de las urgencias para que sean contenidas en el lugar de referencia. Zona sur ahora tiene el hospital de Villa Adela, que est\u00e1 funcionando muy bien y est\u00e1 resolviendo el 80 por ciento de las urgencias que antes iban al hospital de Urgencias.&nbsp;<\/p>\n<p class=\"\"><strong>\u00bfCu\u00e1l ser\u00e1 la impronta de una eventual gesti\u00f3n como intendente?<\/strong><\/p>\n<p class=\"\">Que al final de mi gesti\u00f3n la ciudad tenga todas las calles pavimentadas. Que no haya m\u00e1s una excusa de una empresa de transporte, de un servicio de ambulancia o de las fuerzas de seguridad, que no pueden entrar a un barrio porque las calles est\u00e1n intransitables. Ese es el objetivo que tenemos que lograr, y est\u00e1 sustentado en una transformaci\u00f3n que hicimos del presupuesto. Hemos hecho dos mil cuadras de pavimento, que las vamos a terminar a fin de a\u00f1o, en dos a\u00f1os de gesti\u00f3n. Tenemos la ecuaci\u00f3n presupuestaria que nos permitir\u00e1 hacer las cuatro mil cuadras que faltan, hacer mil por a\u00f1os hasta el 2027. Otra cosa tambi\u00e9n es que toda la ciudad tenga conexi\u00f3n a la red cloacal.<\/p>\n<p class=\"\"><img loading=\"lazy\" class=\"alignnone wp-image-17396\" src=\"http:\/\/hoycordobaweb.com\/wp-content\/uploads\/2023\/07\/la-oposicion-es-experta-en-devaluar-nuestros-logros.jpg\" alt=\"\" width=\"546\" height=\"307\" srcset=\"http:\/\/hoycordobaweb.com\/wp-content\/uploads\/2023\/07\/la-oposicion-es-experta-en-devaluar-nuestros-logros.jpg 1600w, http:\/\/hoycordobaweb.com\/wp-content\/uploads\/2023\/07\/la-oposicion-es-experta-en-devaluar-nuestros-logros-2.jpg 788w, http:\/\/hoycordobaweb.com\/wp-content\/uploads\/2023\/07\/la-oposicion-es-experta-en-devaluar-nuestros-logros-3.jpg 768w, http:\/\/hoycordobaweb.com\/wp-content\/uploads\/2023\/07\/la-oposicion-es-experta-en-devaluar-nuestros-logros-4.jpg 1536w\" sizes=\"(max-width: 546px) 100vw, 546px\" \/><\/p>\n<p class=\"\"><strong>El voto de la Capital result\u00f3 clave para el triunfo en la Provincia. \u00bfQu\u00e9 reflexi\u00f3n le merece?<\/strong><\/p>\n<p class=\"\">Claramente. Obtuvimos una ventaja que el escrutinio definitivo va a terminar colocando en 60 mil votos en la ciudad y una ventaja que se construy\u00f3 en los barrios. Cuando se ve el resultado seccional por seccional, se ve que la gente ha aprobado la gesti\u00f3n. Sacamos el 38 por ciento de los votos en el 2019, en el tramo de intendente, y en esta elecci\u00f3n vamos a estar terminando casi en un 45 por ciento, lo que significa que la gente ha convalidado esta forma de resolver los problemas de la ciudad.&nbsp;<\/p>\n<p class=\"\"><strong>\u00bfCree que esos porcentajes son f\u00e1cilmente transferibles para la elecci\u00f3n del 23 de julio?<\/strong><\/p>\n<p class=\"\">Todas las elecciones son diferentes; soy muy respetuoso de la voluntad de la gente. Pero s\u00ed, desde la elecci\u00f3n del pasado domingo a la fecha, no hemos dejado de seguir gestionando. Siempre digo que mi responsabilidad es diferente a la del resto de los candidatos porque yo represento al partido gobernante y soy el vice intendente. Nuestra campa\u00f1a es hacer una buena gesti\u00f3n, dar respuestas a diario, resolver problemas, y la gente valora y eval\u00faa a los que le dan respuestas. Por eso estoy convencido de que vamos a ganar.&nbsp;<\/p>\n<p class=\"\"><img loading=\"lazy\" class=\"alignnone wp-image-17397\" src=\"http:\/\/hoycordobaweb.com\/wp-content\/uploads\/2023\/07\/la-oposicion-es-experta-en-devaluar-nuestros-logros-1.jpg\" alt=\"\" width=\"554\" height=\"312\" srcset=\"http:\/\/hoycordobaweb.com\/wp-content\/uploads\/2023\/07\/la-oposicion-es-experta-en-devaluar-nuestros-logros-5.jpg 1600w, http:\/\/hoycordobaweb.com\/wp-content\/uploads\/2023\/07\/la-oposicion-es-experta-en-devaluar-nuestros-logros-6.jpg 788w, http:\/\/hoycordobaweb.com\/wp-content\/uploads\/2023\/07\/la-oposicion-es-experta-en-devaluar-nuestros-logros-7.jpg 768w, http:\/\/hoycordobaweb.com\/wp-content\/uploads\/2023\/07\/la-oposicion-es-experta-en-devaluar-nuestros-logros-8.jpg 1536w\" sizes=\"(max-width: 554px) 100vw, 554px\" \/><\/p>\n<p class=\"\"><strong>La oposici\u00f3n reconoce la recuperaci\u00f3n de espacios p\u00fablicos y obras de infraestructura realizadas, pero argumentan que fue por la billetera gorda del gobierno de la Provincia. \u00bfQu\u00e9 opina usted?<\/strong><\/p>\n<p class=\"\">La oposici\u00f3n es experta en devaluar los logros de nuestra gesti\u00f3n. Ellos hablan solamente de que hemos pintado cordones. Nosotros hemos hecho ya 1550 cuadras de pavimento y vamos a terminar haciendo dos mil. Incorporamos 210 colectivos nuevos a la Tamse, que ellos nunca reconocieron. Hemos construido 51 aulas nuevas en las escuelas municipales, con equipamiento de \u00faltima generaci\u00f3n; inversi\u00f3n que no se hab\u00eda hecho desde la \u00e9poca de la gesti\u00f3n de Ram\u00f3n Mestre padre. Hemos hecho cuatro colectores cloacales; 49 aliviadores cloacales y hemos recuperado el servicio de agua potable para m\u00e1s de 70 mil vecinos. Inauguramos tres CPC, 11 centros operativos, los hospitales de pronta atenci\u00f3n&#8230; hemos hecho muchas cosas en poco tiempo y con recursos propios. Y el trabajo articulado con la Provincia permiti\u00f3 que la Provincia en tiempo r\u00e9cord pudiera hacer los seis intercambiadores de Circunvalaci\u00f3n porque nosotros hemos facilitado la tierra para que la gesti\u00f3n se haga. Lo que pasaba antes era que los intendentes constru\u00edan su aspiraci\u00f3n personal con los recursos de los cordobeses; nosotros, esos recursos los ponemos en obras.&nbsp;<\/p>\n<p class=\"\"><strong>Usted fue ministro de Jos\u00e9 Manuel de la Sota que gan\u00f3 el poder provincial bajando impuestos. \u00bfTiene previsto bajar la carga impositiva a los cordobeses?<\/strong><\/p>\n<p class=\"\">Como queremos promover la creaci\u00f3n de puestos de empleo, todas las inversiones que generen empleo van a tener un r\u00e9gimen similar al de la promoci\u00f3n industrial. Por cada inversi\u00f3n habr\u00e1 una exenci\u00f3n impositiva.&nbsp;<\/p>\n<p class=\"\">\n<div class=\"ubm_banner\"><a href=\"http:\/\/www.cba.gov.ar\/prevencion-incendios\" target=\"_blank\" rel=\"dofollow noopener noreferrer\"><img src=\"http:\/\/hoycordobaweb.com\/wp-content\/uploads\/2023\/07\/la-oposicion-es-experta-en-devaluar-nuestros-logros.gif\" alt=\"\"><\/a><\/div>\n<p>&nbsp;<\/p>\n<\/div>\n<\/div>\n<\/div>\n<\/div>\n<p>La entrada <a rel=\"nofollow\" href=\"https:\/\/ladecimaweb.com\/la-oposicion-es-experta-en-devaluar-nuestros-logros\/\">&#8220;La oposici\u00f3n es experta en devaluar nuestros logros&#8221;<\/a> se public\u00f3 primero en <a rel=\"nofollow\" href=\"https:\/\/ladecimaweb.com\">LaDecima<\/a>.<\/p>\n","protected":false},"excerpt":{"rendered":"<p>El vice intendente y candidato a intendente de Hacemos Unidos por C\u00f3rdoba, Daniel Passerini, encabez\u00f3 hoy un acto de encendido de 90 luminarias leds en barrio Parque Latino, en la zona sur. Al t\u00e9rmino del acto, mantuvo una entrevista con este medio:&nbsp; \u00bfSe va a profundizar la descentralizaci\u00f3n municipal en caso de ser intendente? S\u00ed, [&hellip;]<\/p>\n","protected":false},"author":1,"featured_media":62683,"comment_status":"closed","ping_status":"closed","sticky":false,"template":"","format":"standard","meta":[],"categories":[19],"tags":[],"_links":{"self":[{"href":"http:\/\/hoycordobaweb.com\/index.php\/wp-json\/wp\/v2\/posts\/62682"}],"collection":[{"href":"http:\/\/hoycordobaweb.com\/index.php\/wp-json\/wp\/v2\/posts"}],"about":[{"href":"http:\/\/hoycordobaweb.com\/index.php\/wp-json\/wp\/v2\/types\/post"}],"author":[{"embeddable":true,"href":"http:\/\/hoycordobaweb.com\/index.php\/wp-json\/wp\/v2\/users\/1"}],"replies":[{"embeddable":true,"href":"http:\/\/hoycordobaweb.com\/index.php\/wp-json\/wp\/v2\/comments?post=62682"}],"version-history":[{"count":0,"href":"http:\/\/hoycordobaweb.com\/index.php\/wp-json\/wp\/v2\/posts\/62682\/revisions"}],"wp:featuredmedia":[{"embeddable":true,"href":"http:\/\/hoycordobaweb.com\/index.php\/wp-json\/wp\/v2\/media\/62683"}],"wp:attachment":[{"href":"http:\/\/hoycordobaweb.com\/index.php\/wp-json\/wp\/v2\/media?parent=62682"}],"wp:term":[{"taxonomy":"category","embeddable":true,"href":"http:\/\/hoycordobaweb.com\/index.php\/wp-json\/wp\/v2\/categories?post=62682"},{"taxonomy":"post_tag","embeddable":true,"href":"http:\/\/hoycordobaweb.com\/index.php\/wp-json\/wp\/v2\/tags?post=62682"}],"curies":[{"name":"wp","href":"https:\/\/api.w.org\/{rel}","templated":true}]}}