{"id":62525,"date":"2023-06-30T23:36:00","date_gmt":"2023-06-30T23:36:00","guid":{"rendered":"https:\/\/www.ole.com.ar\/futbol-internacional\/sudamericana\/oficial-dias-horarios-16avos-copa-sudamericana_0_poPDFvW0hu.html"},"modified":"2023-06-30T23:36:00","modified_gmt":"2023-06-30T23:36:00","slug":"oficial-dias-y-horarios-de-16avos-de-sudamericana","status":"publish","type":"post","link":"http:\/\/hoycordobaweb.com\/index.php\/2023\/06\/30\/oficial-dias-y-horarios-de-16avos-de-sudamericana\/","title":{"rendered":"Oficial: d\u00edas y horarios de 16avos de Sudamericana"},"content":{"rendered":"<p><img src=\"http:\/\/hoycordobaweb.com\/wp-content\/uploads\/2023\/07\/oficial-dias-y-horarios-de-16avos-de-sudamericana.jpg\"><\/p>\n<p><time class=\"createDate\" datetime=\"2023-06-30T20:36:000-03:00\">30\/06\/2023 20:36hs.<\/time><time class=\"modificatedDate\" datetime=\"2023-06-30T20:36:000-03:00\"><\/time><\/p>\n<div id=\"storyBody\">\n<div class=\"custom-text \" readability=\"29.961089494163\">\n<p>La <strong><a href=\"https:\/\/www.ole.com.ar\/tema\/conmebol.html\" title=\"Conmebol\" alt=\"Conmebol\" class=\"slug\">Conmebol <\/a><\/strong>difundi\u00f3 los d\u00edas y horarios de los partidos por los 16avos de final de la <a href=\"https:\/\/www.ole.com.ar\/tema\/copa-sudamericana.html\" title=\"Copa Sudamericana\" alt=\"Copa Sudamericana\" class=\"slug\">Copa Sudamericana<\/a>, que enfrentar\u00e1 a los segundos de ese torneo contra los terceros de la<a href=\"https:\/\/www.ole.com.ar\/tema\/copa-libertadores.html\" title=\"Copa Libertadores\" alt=\"Copa Libertadores\" class=\"slug\"> Libertadores<\/a>. Los ganadores de cada grupo esperan al vencedor de estos cruces.<\/p>\n<\/div>\n<p><h2><strong>Todos los partidos<\/strong><\/h2>\n<\/p>\n<div class=\"custom-text \" readability=\"32\">\n<p><strong>Colo Colo &#8211; Am\u00e9rica-Mineiro<\/strong><\/p>\n<\/div>\n<div class=\"custom-text \" readability=\"33\">\n<p>Ida 11 de julio a las 19.00, en Santiago.<\/p>\n<\/div>\n<div class=\"custom-text \" readability=\"33\">\n<p>Revancha: 18 de julio a las 19.00, en Belo Horizonte.<\/p>\n<\/div>\n<div class=\"custom-text \" readability=\"32\">\n<p><strong>Barcelona &#8211; Estudiantes LP<\/strong><\/p>\n<\/div>\n<div class=\"sc-e7b891c4-0 jPbnQF\"><img alt=\"Boselli, clave en Estudiantes.\" src=\"http:\/\/hoycordobaweb.com\/wp-content\/uploads\/2023\/07\/oficial-dias-y-horarios-de-16avos-de-sudamericana-2.jpg\" width=\"720\" height=\"100\" decoding=\"async\" data-nimg=\"future\" loading=\"lazy\"><span class=\"epigraphe\">Boselli, clave en Estudiantes.<\/span><\/div>\n<div class=\"custom-text \" readability=\"32\">\n<p>Ida: 11 de julio a las 21.00 en Guayaquil.<\/p>\n<\/div>\n<div class=\"custom-text \" readability=\"32\">\n<p>Revancha: 18 de julio: a las 21.00 en La Plata.<\/p>\n<\/div>\n<div class=\"custom-text \" readability=\"32\">\n<p><strong>Corinthians &#8211; Universitario<\/strong><\/p>\n<\/div>\n<div class=\"custom-text \" readability=\"33\">\n<p>Ida: 11 de julio a las 21.30, en San Pablo.<\/p>\n<\/div>\n<div class=\"custom-text \" readability=\"34\">\n<p>Revancha: 18 de julio, a las 21.30, en Lima.<\/p>\n<\/div>\n<div class=\"custom-text \">\n<p><strong>Patronato &#8211; Botafogo<\/strong><\/p>\n<\/div>\n<div class=\"custom-text \" readability=\"34\">\n<p>Ida: 12 de julio, a las 19.00, en Paran\u00e1 (Entre R\u00edos).<\/p>\n<\/div>\n<div class=\"custom-text \" readability=\"34\">\n<p>Revancha: 19 de julio, a las 19.00, en R\u00edo de Janeiro.<\/p>\n<\/div>\n<div class=\"custom-text \" readability=\"32\">\n<p><strong>Sporting Cristal &#8211; Emelec<\/strong><\/p>\n<\/div>\n<div class=\"custom-text \" readability=\"34\">\n<p>Ida: 12 de julio, a las 19.00, en Lima.<\/p>\n<\/div>\n<div class=\"custom-text \" readability=\"32\">\n<p>Revancha: 19 de julio a las 19.00 en Guayaquil.<\/p>\n<\/div>\n<div class=\"custom-text \" readability=\"32\">\n<p><strong>Independiente de Medell\u00edn &#8211; San Lorenzo<\/strong><\/p>\n<\/div>\n<div class=\"sc-e7b891c4-0 jPbnQF\"><img alt=\"Insua festeja la clasificaci\u00f3n (Juano Tesone).\" src=\"http:\/\/hoycordobaweb.com\/wp-content\/uploads\/2023\/07\/oficial-dias-y-horarios-de-16avos-de-sudamericana-3.jpg\" width=\"720\" height=\"100\" decoding=\"async\" data-nimg=\"future\" loading=\"lazy\"><span class=\"epigraphe\">Insua festeja la clasificaci\u00f3n (Juano Tesone).<\/span><\/div>\n<div class=\"custom-text \" readability=\"34\">\n<p>Ida: 12 de julio, a las 21.00, en Medell\u00edn.<\/p>\n<\/div>\n<div class=\"custom-text \" readability=\"34\">\n<p>Revancha: 19 de julio, a las 19.00, en Buenos Aires.<\/p>\n<\/div>\n<div class=\"custom-text \" readability=\"32\">\n<p><strong>\u00d1ublense &#8211; Audax Italiano<\/strong><\/p>\n<\/div>\n<div class=\"custom-text \" readability=\"33\">\n<p>Ida: 13 de julio a las 18.00, en Concepci\u00f3n.<\/p>\n<\/div>\n<div class=\"custom-text \" readability=\"33\">\n<p>Revancha: 20 de julio, a las 18.00 en Santiago de Chile.<\/p>\n<\/div>\n<div class=\"custom-text \">\n<p><strong>Libertad &#8211; Tigre<\/strong><\/p>\n<\/div>\n<div class=\"custom-text \" readability=\"33\">\n<p>Ida: 13 de julio, a las 21.00 en Asunci\u00f3n<\/p>\n<\/div>\n<div class=\"custom-text \" readability=\"34\">\n<p>Revancha: 20 de julio, a las 21.00, en Tigre.<\/p>\n<\/div>\n<p><h2><strong>Los ganadores de grupo<\/strong><\/h2>\n<\/p>\n<div class=\"custom-text \" readability=\"39\">\n<p>Los que esperan rival de estos cruces son San Pablo, Guaran\u00ed de Paraguay, Bragantino, Liga de Quito, Newell&#8217;s, Defensa y Justicia, Goi\u00e1s y Fortaleza.<\/p>\n<\/div>\n<div class=\"sc-a7166897-0 exHLBh\" readability=\"6\">\n<section readability=\"2\"><picture><img alt=\"D\u00edas y horarios confirmados para los playoffs de octavos de la Sudamericana\" src=\"http:\/\/hoycordobaweb.com\/wp-content\/uploads\/2023\/07\/oficial-dias-y-horarios-de-16avos-de-sudamericana-4.jpg\" width=\"290\" height=\"290\" decoding=\"async\" data-nimg=\"future\" loading=\"lazy\"><\/picture>\n<p><span>Mir\u00e1 tambi\u00e9n<\/span><\/p>\n<hr>\n<h3>D\u00edas y horarios confirmados para los playoffs de octavos de la Sudamericana<\/h3>\n<\/p>\n<\/section>\n<\/div>\n<div class=\"sc-a7166897-0 exHLBh\" readability=\"6.5\">\n<section readability=\"3\"><picture><img alt=\"La agenda del finde: mucho f\u00fatbol, F\u00f3rmula 1 y Tour de France\" src=\"http:\/\/hoycordobaweb.com\/wp-content\/uploads\/2023\/07\/oficial-dias-y-horarios-de-16avos-de-sudamericana-5.jpg\" width=\"290\" height=\"290\" decoding=\"async\" data-nimg=\"future\" loading=\"lazy\"><\/picture>\n<p><span>Mir\u00e1 tambi\u00e9n<\/span><\/p>\n<hr>\n<h3>La agenda del finde: mucho f\u00fatbol, F\u00f3rmula 1 y Tour de France<\/h3>\n<\/p>\n<\/section>\n<\/div>\n<\/div>\n","protected":false},"excerpt":{"rendered":"<p>30\/06\/2023 20:36hs. La Conmebol difundi\u00f3 los d\u00edas y horarios de los partidos por los 16avos de final de la Copa Sudamericana, que enfrentar\u00e1 a los segundos de ese torneo contra los terceros de la Libertadores. Los ganadores de cada grupo esperan al vencedor de estos cruces. Todos los partidos Colo Colo &#8211; Am\u00e9rica-Mineiro Ida 11 [&hellip;]<\/p>\n","protected":false},"author":1,"featured_media":62526,"comment_status":"open","ping_status":"closed","sticky":false,"template":"","format":"standard","meta":[],"categories":[16],"tags":[],"_links":{"self":[{"href":"http:\/\/hoycordobaweb.com\/index.php\/wp-json\/wp\/v2\/posts\/62525"}],"collection":[{"href":"http:\/\/hoycordobaweb.com\/index.php\/wp-json\/wp\/v2\/posts"}],"about":[{"href":"http:\/\/hoycordobaweb.com\/index.php\/wp-json\/wp\/v2\/types\/post"}],"author":[{"embeddable":true,"href":"http:\/\/hoycordobaweb.com\/index.php\/wp-json\/wp\/v2\/users\/1"}],"replies":[{"embeddable":true,"href":"http:\/\/hoycordobaweb.com\/index.php\/wp-json\/wp\/v2\/comments?post=62525"}],"version-history":[{"count":0,"href":"http:\/\/hoycordobaweb.com\/index.php\/wp-json\/wp\/v2\/posts\/62525\/revisions"}],"wp:featuredmedia":[{"embeddable":true,"href":"http:\/\/hoycordobaweb.com\/index.php\/wp-json\/wp\/v2\/media\/62526"}],"wp:attachment":[{"href":"http:\/\/hoycordobaweb.com\/index.php\/wp-json\/wp\/v2\/media?parent=62525"}],"wp:term":[{"taxonomy":"category","embeddable":true,"href":"http:\/\/hoycordobaweb.com\/index.php\/wp-json\/wp\/v2\/categories?post=62525"},{"taxonomy":"post_tag","embeddable":true,"href":"http:\/\/hoycordobaweb.com\/index.php\/wp-json\/wp\/v2\/tags?post=62525"}],"curies":[{"name":"wp","href":"https:\/\/api.w.org\/{rel}","templated":true}]}}