{"id":62485,"date":"2023-06-29T18:22:42","date_gmt":"2023-06-29T18:22:42","guid":{"rendered":"https:\/\/www.trendencias.com\/belleza\/paula-echevarria-nos-deja-pedicura-luminosa-que-resalta-moreno-rejuvenece-pies"},"modified":"2023-06-29T18:22:42","modified_gmt":"2023-06-29T18:22:42","slug":"paula-echevarria-nos-deja-la-pedicura-mas-luminosa-que-resalta-el-moreno-y-rejuvenece-los-pies","status":"publish","type":"post","link":"http:\/\/hoycordobaweb.com\/index.php\/2023\/06\/29\/paula-echevarria-nos-deja-la-pedicura-mas-luminosa-que-resalta-el-moreno-y-rejuvenece-los-pies\/","title":{"rendered":"Paula Echevarr\u00eda nos deja la pedicura m\u00e1s luminosa que resalta el moreno y rejuvenece los pies"},"content":{"rendered":"<p>Hay tonos de u\u00f1as que <strong>sobre una piel bronceada se ven incre\u00edbles<\/strong>, y eso es justo lo que ha logrado <a href=\"https:\/\/www.trendencias.com\/tag\/paula-echevarria\">Paula Echevarr\u00eda<\/a> con su \u00faltima pedicura. La celebritie que luce un bronceado envidiable, se decant\u00f3 por un <a href=\"https:\/\/www.trendencias.com\/belleza\/cinco-esmaltes-unas-que-resaltan-moreno-manos-que-ningun-otro-no-estes-super-morena\">color de esmalte que potencia el moreno<\/a> e ilumina much\u00edsimo.<\/p>\n<p><!-- BREAK 1 --><\/p>\n<div class=\"article-asset article-asset-normal article-asset-center\">\n<div class=\"desvio-container\">\n<div class=\"desvio\">\n<div class=\"desvio-figure js-desvio-figure\"> <a href=\"https:\/\/www.trendencias.com\/belleza\/mercadona-tiene-spray-para-piernas-efecto-frio-que-todo-mundo-busca-durante-verano\"> <img alt=\"Mercadona tiene el spray para piernas con efecto fr\u00edo que todo el mundo busca durante el verano \" src=\"http:\/\/hoycordobaweb.com\/wp-content\/uploads\/2023\/06\/paula-echevarria-nos-deja-la-pedicura-mas-luminosa-que-resalta-el-moreno-y-rejuvenece-los-pies.jpg\"> <\/a> <\/div><\/div><\/div>\n<\/div>\n<p>Estamos hablando del <strong>rosa chicle <\/strong>que es un color muy veraniego, jovial y divertido. Solo que en el caso de Paula ha sido <strong>un rosa chicle un poco m\u00e1s especial <\/strong>gracias a ese<strong> punto ne\u00f3n<\/strong> que hace que sea un color perfecto para el verano y encima es de los que tienen <a href=\"https:\/\/www.trendencias.com\/belleza\/jennifer-lopez-apuesta-color-unas-antiedad-que-adoran-igual-chicas-18-mujeres-60\">efecto antiedad<\/a>. Por eso no dudamos que se colar\u00e1 entre las <a href=\"https:\/\/www.trendencias.com\/belleza\/estas-tendencias-unas-2023-colores-formas-nail-art-que-van-a-triunfar\">tendencias de u\u00f1as 2023<\/a>.<\/p>\n<p><!-- BREAK 2 --><\/p>\n<div class=\"article-asset-image article-asset-normal article-asset-center\">\n<div class=\"asset-content\">\n<div class=\"base-wrapper-image\"> <img class=\"sf-lazy centro_sinmarco\" data-sf-srcset=\"http:\/\/hoycordobaweb.com\/wp-content\/uploads\/2023\/06\/paula-echevarria-nos-deja-la-pedicura-mas-luminosa-que-resalta-el-moreno-y-rejuvenece-los-pies-1.jpg 450w, http:\/\/hoycordobaweb.com\/wp-content\/uploads\/2023\/06\/paula-echevarria-nos-deja-la-pedicura-mas-luminosa-que-resalta-el-moreno-y-rejuvenece-los-pies-4.jpg 681w,http:\/\/hoycordobaweb.com\/wp-content\/uploads\/2023\/06\/paula-echevarria-nos-deja-la-pedicura-mas-luminosa-que-resalta-el-moreno-y-rejuvenece-los-pies-5.jpg 1024w, http:\/\/hoycordobaweb.com\/wp-content\/uploads\/2023\/06\/paula-echevarria-nos-deja-la-pedicura-mas-luminosa-que-resalta-el-moreno-y-rejuvenece-los-pies-6.jpg 1366w,\" data-sf-src=\"http:\/\/hoycordobaweb.com\/wp-content\/uploads\/2023\/06\/paula-echevarria-nos-deja-la-pedicura-mas-luminosa-que-resalta-el-moreno-y-rejuvenece-los-pies-1.jpg\" alt=\"Dl U535626 035\"> <noscript><img alt=\"Dl U535626 035\" class=\"centro_sinmarco\" src=\"http:\/\/hoycordobaweb.com\/wp-content\/uploads\/2023\/06\/paula-echevarria-nos-deja-la-pedicura-mas-luminosa-que-resalta-el-moreno-y-rejuvenece-los-pies-1.jpg\"><\/noscript> <\/div><\/div>\n<\/div>\n<p>Viendo los pies de la actriz, este color se nos antoja much\u00edsimo, porque adem\u00e1s de ser favorecedor tiene un resultado<strong> <\/strong><em><strong>antiaging<\/strong><\/em><strong> brutal<\/strong>. Y si queremos emular a Paula, solo tenemos que incorporar alguna <a href=\"https:\/\/www.trendencias.com\/zapatos-mujer\/sandalias-cuna-alpargata-geox-que-hemos-fichado-rebajadas-casi-a-mitad-precio\">sandalia de cuerda<\/a>, que encima ahora las tenemos s\u00faper chulas y de rebajas.<\/p>\n<p><!-- BREAK 3 --><!-- PIVOT START --><\/p>\n<div class=\"pivot-ecommerce-container\">\n<div class=\"pivot-ecommerce\" readability=\"2.6842105263158\">\n<div class=\"pivot-ecommerce-figure\"> <a rel=\"nofollow noopener noreferrer\" target=\"_blank\" href=\"https:\/\/www.trendencias.com\/redirect?url=https%3A%2F%2Fwww.primor.eu%2Fes_es%2Fopi-infinite-shine-coleccion-rosas-45666.html%3Fgclid%3DCj0KCQjw1_SkBhDwARIsANbGpFt-jtWG_yf96HXveBKIz1fj5X1CsQV7rw_PRn4StH89bQDYS6B2f7QaAvvEEALw_wcB%23803%3D59713&amp;category=belleza&amp;pivot=1\"> <img alt=\" Esmalte Strawberry Margarita Opi\" src=\"http:\/\/hoycordobaweb.com\/wp-content\/uploads\/2023\/06\/paula-echevarria-nos-deja-la-pedicura-mas-luminosa-que-resalta-el-moreno-y-rejuvenece-los-pies.png\"> <\/a> <\/div>\n<div class=\"pivot-ecommerce-summary\" readability=\"3.1315789473684\">\n<p class=\"pivot-ecommerce-desc\"> Esmalte Strawberry Margarita Opi<\/p>\n<\/p><\/div><\/div>\n<\/div>\n<p><!-- PIVOT END --><\/p>\n<div class=\"article-asset-image article-asset-normal article-asset-center\">\n<div class=\"asset-content\">\n<div class=\"base-wrapper-image\"> <img class=\"sf-lazy centro_sinmarco\" data-sf-srcset=\"http:\/\/hoycordobaweb.com\/wp-content\/uploads\/2023\/06\/paula-echevarria-nos-deja-la-pedicura-mas-luminosa-que-resalta-el-moreno-y-rejuvenece-los-pies-2.jpg 450w, http:\/\/hoycordobaweb.com\/wp-content\/uploads\/2023\/06\/paula-echevarria-nos-deja-la-pedicura-mas-luminosa-que-resalta-el-moreno-y-rejuvenece-los-pies-7.jpg 681w,http:\/\/hoycordobaweb.com\/wp-content\/uploads\/2023\/06\/paula-echevarria-nos-deja-la-pedicura-mas-luminosa-que-resalta-el-moreno-y-rejuvenece-los-pies-8.jpg 1024w, http:\/\/hoycordobaweb.com\/wp-content\/uploads\/2023\/06\/paula-echevarria-nos-deja-la-pedicura-mas-luminosa-que-resalta-el-moreno-y-rejuvenece-los-pies-9.jpg 1366w,\" data-sf-src=\"http:\/\/hoycordobaweb.com\/wp-content\/uploads\/2023\/06\/paula-echevarria-nos-deja-la-pedicura-mas-luminosa-que-resalta-el-moreno-y-rejuvenece-los-pies-2.jpg\" alt=\"Dl U535626 032\"> <noscript><img alt=\"Dl U535626 032\" class=\"centro_sinmarco\" src=\"http:\/\/hoycordobaweb.com\/wp-content\/uploads\/2023\/06\/paula-echevarria-nos-deja-la-pedicura-mas-luminosa-que-resalta-el-moreno-y-rejuvenece-los-pies-2.jpg\"><\/noscript> <\/div><\/div>\n<\/div>\n<p>Para acompa\u00f1ar este dise\u00f1o de pies Paula pod\u00eda haber apostado por el mismo color para sus manos y marcarse un total look. Pero en su caso escogi\u00f3 una de sus manicuras favoritas, la<a href=\"https:\/\/www.trendencias.com\/belleza\/como-se-hace-manicura-francesa-paso-a-paso-19-ideas-originales-para-lucir-unas\"> manciura francesa<\/a> de base rosa y puntas blancas. Adem\u00e1s tambi\u00e9n apreciamos que sus <a href=\"https:\/\/www.trendencias.com\/belleza\/almendrada-reina-manicuras-estas-tendencias-que-se-llevan-para-sacarles-todo-partido\">u\u00f1as de forma almendrada<\/a> luc\u00edan algo m\u00e1s afiladas, un toque sutil pero con el que se consigue que los dedos parezcan m\u00e1s largos.<\/p>\n<p><!-- BREAK 4 --><\/p>\n<p><em>Algunos de los enlaces de este art\u00edculo son afiliados y pueden reportar un beneficio a Trendencias.<\/em><\/p>\n<p><!-- BREAK 5 --><\/p>\n<p>Fotos | Gtres<\/p>\n<p>En Trendencias | <a href=\"https:\/\/www.trendencias.com\/belleza\/guia-definitiva-unas-gel-como-se-hacen-paso-a-paso-cuanto-duran-mejores-productos-para-resultado-profesional\">Gu\u00eda definitiva sobre las u\u00f1as de gel: c\u00f3mo se hacen paso a paso, cu\u00e1nto duran y los mejores productos<\/a>.<\/p>\n<p><!-- BREAK 6 --> <\/p>\n","protected":false},"excerpt":{"rendered":"<p>Hay tonos de u\u00f1as que sobre una piel bronceada se ven incre\u00edbles, y eso es justo lo que ha logrado Paula Echevarr\u00eda con su \u00faltima pedicura. La celebritie que luce un bronceado envidiable, se decant\u00f3 por un color de esmalte que potencia el moreno e ilumina much\u00edsimo. Estamos hablando del rosa chicle que es un [&hellip;]<\/p>\n","protected":false},"author":1,"featured_media":62486,"comment_status":"closed","ping_status":"closed","sticky":false,"template":"","format":"standard","meta":[],"categories":[1],"tags":[],"_links":{"self":[{"href":"http:\/\/hoycordobaweb.com\/index.php\/wp-json\/wp\/v2\/posts\/62485"}],"collection":[{"href":"http:\/\/hoycordobaweb.com\/index.php\/wp-json\/wp\/v2\/posts"}],"about":[{"href":"http:\/\/hoycordobaweb.com\/index.php\/wp-json\/wp\/v2\/types\/post"}],"author":[{"embeddable":true,"href":"http:\/\/hoycordobaweb.com\/index.php\/wp-json\/wp\/v2\/users\/1"}],"replies":[{"embeddable":true,"href":"http:\/\/hoycordobaweb.com\/index.php\/wp-json\/wp\/v2\/comments?post=62485"}],"version-history":[{"count":0,"href":"http:\/\/hoycordobaweb.com\/index.php\/wp-json\/wp\/v2\/posts\/62485\/revisions"}],"wp:featuredmedia":[{"embeddable":true,"href":"http:\/\/hoycordobaweb.com\/index.php\/wp-json\/wp\/v2\/media\/62486"}],"wp:attachment":[{"href":"http:\/\/hoycordobaweb.com\/index.php\/wp-json\/wp\/v2\/media?parent=62485"}],"wp:term":[{"taxonomy":"category","embeddable":true,"href":"http:\/\/hoycordobaweb.com\/index.php\/wp-json\/wp\/v2\/categories?post=62485"},{"taxonomy":"post_tag","embeddable":true,"href":"http:\/\/hoycordobaweb.com\/index.php\/wp-json\/wp\/v2\/tags?post=62485"}],"curies":[{"name":"wp","href":"https:\/\/api.w.org\/{rel}","templated":true}]}}