{"id":62461,"date":"2023-06-30T03:15:22","date_gmt":"2023-06-30T03:15:22","guid":{"rendered":"https:\/\/www.ole.com.ar\/ecuador\/liga-pro\/luis-zubeldia-dt-liga-quito-declaraciones-copa-sudamericana-clasificacion-octavos-final_0_5fC02bksmM.html"},"modified":"2023-06-30T03:15:22","modified_gmt":"2023-06-30T03:15:22","slug":"zubeldia-tras-la-clasificacion-de-ldu-es-un-premio-justo","status":"publish","type":"post","link":"http:\/\/hoycordobaweb.com\/index.php\/2023\/06\/30\/zubeldia-tras-la-clasificacion-de-ldu-es-un-premio-justo\/","title":{"rendered":"Zubeld\u00eda tras la clasificaci\u00f3n de LDU: \u00abEs un premio justo\u00bb"},"content":{"rendered":"<p><img src=\"http:\/\/hoycordobaweb.com\/wp-content\/uploads\/2023\/06\/zubeldia-tras-la-clasificacion-de-ldu-es-un-premio-justo.jpg\"><\/p>\n<p><time class=\"createDate\" datetime=\"2023-06-30T00:15:22-03:00\">30\/06\/2023 00:15hs.<\/time><time class=\"modificatedDate\" datetime=\"2023-06-30T00:15:22-03:00\"><\/time><\/p>\n<div id=\"storyBody\">\n<div class=\"custom-text \" readability=\"31.038363171355\">\n<p><strong><a href=\"https:\/\/www.ole.com.ar\/tema\/liga-de-quito.html\" title=\"liga de quito\" alt=\"liga de quito\" class=\"slug\">Liga de Quito<\/a><\/strong> consigui\u00f3 el objetivo de clasificarse primero en el Grupo A de la <a href=\"https:\/\/www.ole.com.ar\/tema\/copa-sudamericana.html\" title=\"Copa Sudamericana\" alt=\"Copa Sudamericana\" class=\"slug\">Copa Sudamericana <\/a>tras vencer por<a href=\"https:\/\/www.ole.com.ar\/ecuador\/liga-de-quito\/ldu-quito-cesar-vallejo-sudamericana-partido_0_uBkFDHkmxs.html\" target=\"_blank\" rel=\"noopener noreferrer\"> 3-0 a Universidad C\u00e9sar Vallejo,<\/a> por lo que jugar\u00e1 directamente los octavos de final de la competici\u00f3n. <strong>Luis Zubeld\u00eda habl\u00f3 en conferencia de prensa al final del partido, donde se mostr\u00f3 conforme con el desenlace y con ganas de llegar lejos en el certamen internacional.<\/strong><\/p>\n<\/div>\n<p><h2><strong>La palabra de Luis Zubeld\u00eda<\/strong><\/h2>\n<\/p>\n<div class=\"custom-text \" readability=\"38\">\n<p>\u201cTenemos un buen plantel, sabemos a lo que jugamos, hoy hicimos tres goles, los muchachos siempre hacen mucho esfuerzo,<strong> jugamos con fe y sobre todo con f\u00fatbol, merecidamente clasificamos\u201d.<\/strong><\/p>\n<\/div>\n<div class=\"custom-text \" readability=\"40\">\n<p><strong>\u201cEs un premio justo, que se luch\u00f3, sobre todo para los jugadores,<\/strong> tambi\u00e9n para la dirigencia y administraci\u00f3n que econ\u00f3micamente hicieron un gran esfuerzo este a\u00f1o. <strong>Lo que hizo C\u00e9sar Vallejo fue bueno tambi\u00e9n,<\/strong> queremos felicitar a sus jugadores y cuerpo t\u00e9cnico, salieron a jugar este partido\u00bb.<\/p>\n<\/div>\n<div class=\"sc-e7b891c4-0 jPbnQF\"><img alt=\"Zubeld\u00eda y Piovi en conferencia de prensa. (@LDU_Oficial)\" src=\"http:\/\/hoycordobaweb.com\/wp-content\/uploads\/2023\/06\/zubeldia-tras-la-clasificacion-de-ldu-es-un-premio-justo-2.jpg\" width=\"720\" height=\"100\" decoding=\"async\" data-nimg=\"future\" loading=\"lazy\"><span class=\"epigraphe\">Zubeld\u00eda y Piovi en conferencia de prensa. (@LDU_Oficial)<\/span><\/div>\n<p><h2><strong>Tambi\u00e9n habl\u00f3 Ezequiel Piovi<\/strong><\/h2>\n<\/p>\n<div class=\"custom-text \" readability=\"35\">\n<p>\u00abHemos tenido un semestre duro, como grupo tenemos que trabajar en la efectividad. Somos de los equipos con menos goles recibidos y con m\u00e1s generaci\u00f3n y posesi\u00f3n del bal\u00f3n. <strong>Las cr\u00edticas nos obligan a seguir mejorando y creciendo\u201d.<\/strong><\/p>\n<\/div>\n<div class=\"custom-text \" readability=\"34\">\n<p><strong>\u00abHoy antes del partido les dije a mis compa\u00f1eros que merec\u00edamos pasar primeros, sab\u00edamos que lo \u00edbamos a dar todo.<\/strong> Hoy cumplimos un objetivo y ahora a prepararnos para el segundo semestre\u201d.<\/p>\n<\/div>\n<p><h2><strong>Los goles de LDU<\/strong><\/h2>\n<\/p>\n<div class=\"sc-7ce6049-0 dwIKul\">\n<div class=\"sc-7ce6049-1 bdcBBS videoText\" id=\"contentTitleundefined5MHu4ww9\"><svg fill=\"#ffffff\"><symbol id=\"play\" viewBox=\"0 0 512 512\"><path d=\"M512 256C512 397.4 397.4 512 256 512C114.6 512 0 397.4 0 256C0 114.6 114.6 0 256 0C397.4 0 512 114.6 512 256zM176 168V344C176 352.7 180.7 360.7 188.3 364.9C195.8 369.2 205.1 369 212.5 364.5L356.5 276.5C363.6 272.1 368 264.4 368 256C368 247.6 363.6 239.9 356.5 235.5L212.5 147.5C205.1 142.1 195.8 142.8 188.3 147.1C180.7 151.3 176 159.3 176 168V168z\" \/><\/symbol><use xlink:href=\"#play\" \/><\/svg><\/p>\n<div class=\"right\">\n<p>LDU Quito<!-- --> &#8211;<!-- --> <span>30-6-2023<\/span><\/p>\n<h2 class=\"title-vid\">El gol de Julio ante C\u00e9sar Vallejo<\/h2>\n<\/div>\n<\/div>\n<p><span class=\"back\" id=\"spanBackundefined5MHu4ww9\"><\/span><\/div>\n<div class=\"sc-7ce6049-0 dwIKul\">\n<div class=\"sc-7ce6049-1 bdcBBS videoText\" id=\"contentTitleundefinedmhNJp6AF\"><svg fill=\"#ffffff\"><symbol id=\"play\" viewBox=\"0 0 512 512\"><path d=\"M512 256C512 397.4 397.4 512 256 512C114.6 512 0 397.4 0 256C0 114.6 114.6 0 256 0C397.4 0 512 114.6 512 256zM176 168V344C176 352.7 180.7 360.7 188.3 364.9C195.8 369.2 205.1 369 212.5 364.5L356.5 276.5C363.6 272.1 368 264.4 368 256C368 247.6 363.6 239.9 356.5 235.5L212.5 147.5C205.1 142.1 195.8 142.8 188.3 147.1C180.7 151.3 176 159.3 176 168V168z\" \/><\/symbol><use xlink:href=\"#play\" \/><\/svg><\/p>\n<div class=\"right\">\n<p>LDU Quito<!-- --> &#8211;<!-- --> <span>30-6-2023<\/span><\/p>\n<h2 class=\"title-vid\">Alvarado marc\u00f3 el 2-0 para LDU<\/h2>\n<\/div>\n<\/div>\n<p><span class=\"back\" id=\"spanBackundefinedmhNJp6AF\"><\/span><\/div>\n<div class=\"sc-7ce6049-0 dwIKul\">\n<div class=\"sc-7ce6049-1 bdcBBS videoText\" id=\"contentTitleundefinedmzrrmreP\"><svg fill=\"#ffffff\"><symbol id=\"play\" viewBox=\"0 0 512 512\"><path d=\"M512 256C512 397.4 397.4 512 256 512C114.6 512 0 397.4 0 256C0 114.6 114.6 0 256 0C397.4 0 512 114.6 512 256zM176 168V344C176 352.7 180.7 360.7 188.3 364.9C195.8 369.2 205.1 369 212.5 364.5L356.5 276.5C363.6 272.1 368 264.4 368 256C368 247.6 363.6 239.9 356.5 235.5L212.5 147.5C205.1 142.1 195.8 142.8 188.3 147.1C180.7 151.3 176 159.3 176 168V168z\" \/><\/symbol><use xlink:href=\"#play\" \/><\/svg><\/p>\n<div class=\"right\">\n<p>LDU Quito<!-- --> &#8211;<!-- --> <span>30-6-2023<\/span><\/p>\n<h2 class=\"title-vid\">Alzugaray se anot\u00f3 en la goleada de LDU<\/h2>\n<\/div>\n<\/div>\n<p><span class=\"back\" id=\"spanBackundefinedmzrrmreP\"><\/span><\/div>\n<div class=\"sc-a7166897-0 exHLBh\" readability=\"6\">\n<section readability=\"2\"><picture><img alt=\"Ronie Carrillo se acerca al Portimonense: \u00bfcomo es su nuevo club?\" src=\"http:\/\/hoycordobaweb.com\/wp-content\/uploads\/2023\/06\/zubeldia-tras-la-clasificacion-de-ldu-es-un-premio-justo-3.jpg\" width=\"290\" height=\"290\" decoding=\"async\" data-nimg=\"future\" loading=\"lazy\"><\/picture>\n<p><span>Mir\u00e1 tambi\u00e9n<\/span><\/p>\n<hr>\n<h3>Ronie Carrillo se acerca al Portimonense: \u00bfcomo es su nuevo club?<\/h3>\n<\/p>\n<\/section>\n<\/div>\n<div class=\"sc-a7166897-0 exHLBh\" readability=\"6\">\n<section readability=\"2\"><picture><img alt=\"C\u00e9sar Far\u00edas fue presentado en \u00c1guilas Doradas R\u00edonegro\" src=\"http:\/\/hoycordobaweb.com\/wp-content\/uploads\/2023\/06\/zubeldia-tras-la-clasificacion-de-ldu-es-un-premio-justo-4.jpg\" width=\"290\" height=\"290\" decoding=\"async\" data-nimg=\"future\" loading=\"lazy\"><\/picture>\n<p><span>Mir\u00e1 tambi\u00e9n<\/span><\/p>\n<hr>\n<h3>C\u00e9sar Far\u00edas fue presentado en \u00c1guilas Doradas R\u00edonegro<\/h3>\n<\/p>\n<\/section>\n<\/div>\n<div class=\"sc-a7166897-0 exHLBh\" readability=\"6\">\n<section readability=\"2\"><picture><img alt=\"\u00bfPuede Barcelona cruzarse con Emelec o Liga en Sudamericana?\" src=\"http:\/\/hoycordobaweb.com\/wp-content\/uploads\/2023\/06\/zubeldia-tras-la-clasificacion-de-ldu-es-un-premio-justo-5.jpg\" width=\"290\" height=\"290\" decoding=\"async\" data-nimg=\"future\" loading=\"lazy\"><\/picture>\n<p><span>Mir\u00e1 tambi\u00e9n<\/span><\/p>\n<hr>\n<h3>\u00bfPuede Barcelona cruzarse con Emelec o Liga en Sudamericana?<\/h3>\n<\/p>\n<\/section>\n<\/div>\n<div class=\"sc-a7166897-0 exHLBh\" readability=\"6\">\n<section readability=\"2\"><picture><img alt=\"Kendry P\u00e1ez y la Libertadores Sub 20: &quot;Vamos a ir con todo&quot;\" src=\"http:\/\/hoycordobaweb.com\/wp-content\/uploads\/2023\/06\/zubeldia-tras-la-clasificacion-de-ldu-es-un-premio-justo-6.jpg\" width=\"290\" height=\"290\" decoding=\"async\" data-nimg=\"future\" loading=\"lazy\"><\/picture>\n<p><span>Mir\u00e1 tambi\u00e9n<\/span><\/p>\n<hr>\n<h3>Kendry P\u00e1ez y la Libertadores Sub 20: \u00abVamos a ir con todo\u00bb<\/h3>\n<\/p>\n<\/section>\n<\/div>\n<div class=\"sc-a7166897-0 exHLBh\" readability=\"6\">\n<section readability=\"2\"><picture><img alt=\"As\u00ed van los playoffs por la Sudamericana\" src=\"http:\/\/hoycordobaweb.com\/wp-content\/uploads\/2023\/06\/zubeldia-tras-la-clasificacion-de-ldu-es-un-premio-justo-7.jpg\" width=\"290\" height=\"290\" decoding=\"async\" data-nimg=\"future\" loading=\"lazy\"><\/picture>\n<p><span>Mir\u00e1 tambi\u00e9n<\/span><\/p>\n<hr>\n<h3>As\u00ed van los playoffs por la Sudamericana<\/h3>\n<\/p>\n<\/section>\n<\/div>\n<div class=\"sc-a7166897-0 exHLBh\" readability=\"6\">\n<section readability=\"2\"><picture><img alt=\"Los posibles rivales de IDV en octavos de la Libertadores\" src=\"http:\/\/hoycordobaweb.com\/wp-content\/uploads\/2023\/06\/zubeldia-tras-la-clasificacion-de-ldu-es-un-premio-justo-8.jpg\" width=\"290\" height=\"290\" decoding=\"async\" data-nimg=\"future\" loading=\"lazy\"><\/picture>\n<p><span>Mir\u00e1 tambi\u00e9n<\/span><\/p>\n<hr>\n<h3>Los posibles rivales de IDV en octavos de la Libertadores<\/h3>\n<\/p>\n<\/section>\n<\/div>\n<\/div>\n","protected":false},"excerpt":{"rendered":"<p>30\/06\/2023 00:15hs. Liga de Quito consigui\u00f3 el objetivo de clasificarse primero en el Grupo A de la Copa Sudamericana tras vencer por 3-0 a Universidad C\u00e9sar Vallejo, por lo que jugar\u00e1 directamente los octavos de final de la competici\u00f3n. Luis Zubeld\u00eda habl\u00f3 en conferencia de prensa al final del partido, donde se mostr\u00f3 conforme con [&hellip;]<\/p>\n","protected":false},"author":1,"featured_media":62462,"comment_status":"open","ping_status":"closed","sticky":false,"template":"","format":"standard","meta":[],"categories":[16],"tags":[],"_links":{"self":[{"href":"http:\/\/hoycordobaweb.com\/index.php\/wp-json\/wp\/v2\/posts\/62461"}],"collection":[{"href":"http:\/\/hoycordobaweb.com\/index.php\/wp-json\/wp\/v2\/posts"}],"about":[{"href":"http:\/\/hoycordobaweb.com\/index.php\/wp-json\/wp\/v2\/types\/post"}],"author":[{"embeddable":true,"href":"http:\/\/hoycordobaweb.com\/index.php\/wp-json\/wp\/v2\/users\/1"}],"replies":[{"embeddable":true,"href":"http:\/\/hoycordobaweb.com\/index.php\/wp-json\/wp\/v2\/comments?post=62461"}],"version-history":[{"count":0,"href":"http:\/\/hoycordobaweb.com\/index.php\/wp-json\/wp\/v2\/posts\/62461\/revisions"}],"wp:featuredmedia":[{"embeddable":true,"href":"http:\/\/hoycordobaweb.com\/index.php\/wp-json\/wp\/v2\/media\/62462"}],"wp:attachment":[{"href":"http:\/\/hoycordobaweb.com\/index.php\/wp-json\/wp\/v2\/media?parent=62461"}],"wp:term":[{"taxonomy":"category","embeddable":true,"href":"http:\/\/hoycordobaweb.com\/index.php\/wp-json\/wp\/v2\/categories?post=62461"},{"taxonomy":"post_tag","embeddable":true,"href":"http:\/\/hoycordobaweb.com\/index.php\/wp-json\/wp\/v2\/tags?post=62461"}],"curies":[{"name":"wp","href":"https:\/\/api.w.org\/{rel}","templated":true}]}}