{"id":62454,"date":"2023-06-30T00:44:55","date_gmt":"2023-06-30T00:44:55","guid":{"rendered":"https:\/\/ladecimaweb.com\/?p=17336"},"modified":"2023-06-30T00:44:55","modified_gmt":"2023-06-30T00:44:55","slug":"padres-de-alumnos-de-la-azor-grimaut-cansados-del-humo","status":"publish","type":"post","link":"http:\/\/hoycordobaweb.com\/index.php\/2023\/06\/30\/padres-de-alumnos-de-la-azor-grimaut-cansados-del-humo\/","title":{"rendered":"Padres de alumnos de la Azor Grimaut cansados del humo"},"content":{"rendered":"<div class=\"boldgrid-section\">\n<div class=\"container\">\n<div class=\"row\">\n<div class=\"col-md-12 col-xs-12 col-sm-12\">\n<p class=\"\">Padres de alumnos de la escuela municipal Azor Grimaut, en barrio Comercial, est\u00e1n cansados de la contaminaci\u00f3n diaria en el sector.&nbsp;<\/p>\n<p class=\"\"><span>&#8220;Esto pasa al lado de la escuela, casi todos los d\u00edas es impresionante el humo y hay ni\u00f1os que sufren de los bronquios&#8221;, coment\u00f3 una mam\u00e1 que se comunic\u00f3 con este medio.&nbsp;<\/span><\/p>\n<p>Aparentemente, el humo proviene de una chacarita adyacente al establecimiento.&nbsp;<\/p>\n<p>&nbsp;<\/p>\n<div class=\"ubm_banner\"><a href=\"http:\/\/www.cba.gov.ar\/prevencion-incendios\" target=\"_blank\" rel=\"dofollow noopener noreferrer\"><img src=\"http:\/\/hoycordobaweb.com\/wp-content\/uploads\/2023\/06\/padres-de-alumnos-de-la-azor-grimaut-cansados-del-humo.gif\" alt=\"\"><\/a><\/div>\n<\/div>\n<\/div>\n<\/div>\n<\/div>\n<p>La entrada <a rel=\"nofollow\" href=\"https:\/\/ladecimaweb.com\/padres-de-alumnos-de-la-azor-grimaut-cansados-del-humo\/\">Padres de alumnos de la Azor Grimaut cansados del humo<\/a> se public\u00f3 primero en <a rel=\"nofollow\" href=\"https:\/\/ladecimaweb.com\">LaDecima<\/a>.<\/p>\n","protected":false},"excerpt":{"rendered":"<p>Padres de alumnos de la escuela municipal Azor Grimaut, en barrio Comercial, est\u00e1n cansados de la contaminaci\u00f3n diaria en el sector.&nbsp; &#8220;Esto pasa al lado de la escuela, casi todos los d\u00edas es impresionante el humo y hay ni\u00f1os que sufren de los bronquios&#8221;, coment\u00f3 una mam\u00e1 que se comunic\u00f3 con este medio.&nbsp; Aparentemente, el [&hellip;]<\/p>\n","protected":false},"author":1,"featured_media":62455,"comment_status":"closed","ping_status":"closed","sticky":false,"template":"","format":"standard","meta":[],"categories":[19],"tags":[],"_links":{"self":[{"href":"http:\/\/hoycordobaweb.com\/index.php\/wp-json\/wp\/v2\/posts\/62454"}],"collection":[{"href":"http:\/\/hoycordobaweb.com\/index.php\/wp-json\/wp\/v2\/posts"}],"about":[{"href":"http:\/\/hoycordobaweb.com\/index.php\/wp-json\/wp\/v2\/types\/post"}],"author":[{"embeddable":true,"href":"http:\/\/hoycordobaweb.com\/index.php\/wp-json\/wp\/v2\/users\/1"}],"replies":[{"embeddable":true,"href":"http:\/\/hoycordobaweb.com\/index.php\/wp-json\/wp\/v2\/comments?post=62454"}],"version-history":[{"count":0,"href":"http:\/\/hoycordobaweb.com\/index.php\/wp-json\/wp\/v2\/posts\/62454\/revisions"}],"wp:featuredmedia":[{"embeddable":true,"href":"http:\/\/hoycordobaweb.com\/index.php\/wp-json\/wp\/v2\/media\/62455"}],"wp:attachment":[{"href":"http:\/\/hoycordobaweb.com\/index.php\/wp-json\/wp\/v2\/media?parent=62454"}],"wp:term":[{"taxonomy":"category","embeddable":true,"href":"http:\/\/hoycordobaweb.com\/index.php\/wp-json\/wp\/v2\/categories?post=62454"},{"taxonomy":"post_tag","embeddable":true,"href":"http:\/\/hoycordobaweb.com\/index.php\/wp-json\/wp\/v2\/tags?post=62454"}],"curies":[{"name":"wp","href":"https:\/\/api.w.org\/{rel}","templated":true}]}}