{"id":62412,"date":"2023-06-29T03:02:31","date_gmt":"2023-06-29T03:02:31","guid":{"rendered":"https:\/\/www.ole.com.ar\/futbol-internacional\/libertadores\/felipe-melo-multa-conmebol-gallinita-river_0_EcNyt6HmaN.html"},"modified":"2023-06-29T03:02:31","modified_gmt":"2023-06-29T03:02:31","slug":"multaron-a-felipe-melo-por-la-gallinita-que-hizo-ante-river","status":"publish","type":"post","link":"http:\/\/hoycordobaweb.com\/index.php\/2023\/06\/29\/multaron-a-felipe-melo-por-la-gallinita-que-hizo-ante-river\/","title":{"rendered":"Multaron a Felipe Melo por la \u00abgallinita\u00bb que hizo ante River"},"content":{"rendered":"<p><img src=\"http:\/\/hoycordobaweb.com\/wp-content\/uploads\/2023\/06\/multaron-a-felipe-melo-por-la-gallinita-que-hizo-ante-river.jpg\"><\/p>\n<p><time class=\"createDate\" datetime=\"2023-06-29T00:02:31-03:00\">29\/06\/2023 00:02hs.<\/time><time class=\"modificatedDate\" datetime=\"2023-06-29T00:02:30-03:00\"><\/time><\/p>\n<div id=\"storyBody\">\n<div class=\"custom-text \" readability=\"40\">\n<p>Se sabe, la actual Conmebol cumple a rajatabla el reglamento, sancionando las normas (deportivas y no deportivas) que no se cumplen. Y castiga. En este caso,<strong> el que recibi\u00f3 una serie de multas fue Flamengo. <\/strong>En primer lugar<strong>, Felipe Melo por aquella \u00abgallinita\u00bb que hab\u00eda hecho en el Monumental, <\/strong>ya y\u00e9ndose al vestuario tras la derrota 2-0 de su equipo frente al conjunto de Mart\u00edn Demichelis.<\/p>\n<\/div>\n<div class=\"custom-text \" readability=\"38.417518248175\">\n<p><strong>Incitando al p\u00fablico local, Melo fue castigado por \u00abconducta antideportiva\u00bb.<\/strong> En consecuencia, sufri\u00f3 una pena econ\u00f3mica de <strong>cinco mil d\u00f3lares<\/strong>. No hubo multa deportiva. Reconocido fana de Boca, <a href=\"https:\/\/www.ole.com.ar\/river-plate\/felipe-melo-tremendo-elogio-river-palito-hinchada-fluminense-quejan_0_xQ0srzt5Ar.html\" target=\"_blank\" rel=\"noopener noreferrer\">el siempre picante defensor hab\u00eda elogiado a River en las \u00faltimas horas<\/a>. Todo en medio de cr\u00edticas de sus hinchas por el empate<strong> ante Sporting Cristal en la \u00faltima fecha de la fase de grupos (qued\u00f3 primero en su zona, delante del Millo).<\/strong> \u00abLlegamos primeros en el grupo que tiene quiz\u00e1s el mejor equipo del continente, que tiene un equipo que no es f\u00e1cil de jugar, que es The Strongest, y est\u00e1 este equipo (Cristal) que est\u00e1 bien dirigido por Tiago Nunes\u00bb, fue parte de su discurso. <\/p>\n<\/div>\n<div class=\"sc-7ce6049-0 dwIKul\">\n<div class=\"sc-7ce6049-1 bdcBBS videoText\" id=\"contentTitleundefinedsnkfuzF3\"><svg fill=\"#ffffff\"><symbol id=\"play\" viewBox=\"0 0 512 512\"><path d=\"M512 256C512 397.4 397.4 512 256 512C114.6 512 0 397.4 0 256C0 114.6 114.6 0 256 0C397.4 0 512 114.6 512 256zM176 168V344C176 352.7 180.7 360.7 188.3 364.9C195.8 369.2 205.1 369 212.5 364.5L356.5 276.5C363.6 272.1 368 264.4 368 256C368 247.6 363.6 239.9 356.5 235.5L212.5 147.5C205.1 142.1 195.8 142.8 188.3 147.1C180.7 151.3 176 159.3 176 168V168z\" \/><\/symbol><use xlink:href=\"#play\" \/><\/svg><\/p>\n<div class=\"right\">\n<p>Felipe Melo<!-- --> &#8211;<!-- --> <span>29-6-2023<\/span><\/p>\n<h2 class=\"title-vid\">As\u00ed se fue Felipe Melo del monumental<\/h2>\n<\/div>\n<\/div>\n<p><span class=\"back\" id=\"spanBackundefinedsnkfuzF3\"><\/span><\/div>\n<p><h2><strong>Las sanciones para Fluminense y Fernando Diniz<\/strong><\/h2>\n<\/p>\n<div class=\"custom-text \" readability=\"37\">\n<p>Por su parte, <strong>el DT Fernando Diniz y Fluminense fueron sancionados cada uno con 50 mil d\u00f3lares <\/strong>por haber salido tarde al entretiempo del partido con River en el Monumental. Una suma m\u00e1s que considerable. El Flu termin\u00f3 primero y ahora espera rival, que ser\u00e1 uno de los ocho segundos de la fase de grupos. <\/p>\n<\/div>\n<div class=\"sc-e7b891c4-0 jPbnQF\"><img alt=\"El comunicado de la Conmebol.\" src=\"http:\/\/hoycordobaweb.com\/wp-content\/uploads\/2023\/06\/multaron-a-felipe-melo-por-la-gallinita-que-hizo-ante-river-2.jpg\" width=\"720\" height=\"100\" decoding=\"async\" data-nimg=\"future\" loading=\"lazy\"><span class=\"epigraphe\">El comunicado de la Conmebol.<\/span><\/div>\n<div class=\"sc-a7166897-0 exHLBh\" readability=\"6\">\n<section readability=\"2\"><picture><img alt=\"Libertadores: bombos de octavos casi definidos y posible s\u00faper\" src=\"http:\/\/hoycordobaweb.com\/wp-content\/uploads\/2023\/06\/multaron-a-felipe-melo-por-la-gallinita-que-hizo-ante-river-3.jpg\" width=\"290\" height=\"290\" decoding=\"async\" data-nimg=\"future\" loading=\"lazy\"><\/picture>\n<p><span>Mir\u00e1 tambi\u00e9n<\/span><\/p>\n<hr>\n<h3>Libertadores: bombos de octavos casi definidos y posible s\u00faper<\/h3>\n<\/p>\n<\/section>\n<\/div>\n<div class=\"sc-a7166897-0 exHLBh\" readability=\"6.5\">\n<section readability=\"3\"><picture><img alt=\"Sin descanso y en modo LPF, River piensa en Barracas y \u00bfDemichelis mete mano?\" src=\"http:\/\/hoycordobaweb.com\/wp-content\/uploads\/2023\/06\/multaron-a-felipe-melo-por-la-gallinita-que-hizo-ante-river-4.jpg\" width=\"290\" height=\"290\" decoding=\"async\" data-nimg=\"future\" loading=\"lazy\"><\/picture>\n<p><span>Mir\u00e1 tambi\u00e9n<\/span><\/p>\n<hr>\n<h3>Sin descanso y en modo LPF, River piensa en Barracas y \u00bfDemichelis mete mano?<\/h3>\n<\/p>\n<\/section>\n<\/div>\n<div class=\"sc-a7166897-0 exHLBh\" readability=\"6\">\n<section readability=\"2\"><picture><img alt=\"\u00bfPor qu\u00e9 Pablo Solari se convirti\u00f3 en el Pibe del mill\u00f3n en River? \" src=\"http:\/\/hoycordobaweb.com\/wp-content\/uploads\/2023\/06\/multaron-a-felipe-melo-por-la-gallinita-que-hizo-ante-river-5.jpg\" width=\"290\" height=\"290\" decoding=\"async\" data-nimg=\"future\" loading=\"lazy\"><\/picture>\n<p><span>Mir\u00e1 tambi\u00e9n<\/span><\/p>\n<hr>\n<h3>\u00bfPor qu\u00e9 Pablo Solari se convirti\u00f3 en el Pibe del mill\u00f3n en River? <\/h3>\n<\/p>\n<\/section>\n<\/div>\n<div class=\"sc-a7166897-0 exHLBh\" readability=\"6.5\">\n<section readability=\"3\"><picture><img alt=\"River, entre los tres peores segundos: define casi todo afuera en la Libertadores\" src=\"http:\/\/hoycordobaweb.com\/wp-content\/uploads\/2023\/06\/multaron-a-felipe-melo-por-la-gallinita-que-hizo-ante-river-6.jpg\" width=\"290\" height=\"290\" decoding=\"async\" data-nimg=\"future\" loading=\"lazy\"><\/picture>\n<p><span>Mir\u00e1 tambi\u00e9n<\/span><\/p>\n<hr>\n<h3>River, entre los tres peores segundos: define casi todo afuera en la Libertadores<\/h3>\n<\/p>\n<\/section>\n<\/div>\n<\/div>\n","protected":false},"excerpt":{"rendered":"<p>29\/06\/2023 00:02hs. Se sabe, la actual Conmebol cumple a rajatabla el reglamento, sancionando las normas (deportivas y no deportivas) que no se cumplen. Y castiga. En este caso, el que recibi\u00f3 una serie de multas fue Flamengo. En primer lugar, Felipe Melo por aquella \u00abgallinita\u00bb que hab\u00eda hecho en el Monumental, ya y\u00e9ndose al vestuario [&hellip;]<\/p>\n","protected":false},"author":1,"featured_media":62413,"comment_status":"open","ping_status":"closed","sticky":false,"template":"","format":"standard","meta":[],"categories":[16],"tags":[],"_links":{"self":[{"href":"http:\/\/hoycordobaweb.com\/index.php\/wp-json\/wp\/v2\/posts\/62412"}],"collection":[{"href":"http:\/\/hoycordobaweb.com\/index.php\/wp-json\/wp\/v2\/posts"}],"about":[{"href":"http:\/\/hoycordobaweb.com\/index.php\/wp-json\/wp\/v2\/types\/post"}],"author":[{"embeddable":true,"href":"http:\/\/hoycordobaweb.com\/index.php\/wp-json\/wp\/v2\/users\/1"}],"replies":[{"embeddable":true,"href":"http:\/\/hoycordobaweb.com\/index.php\/wp-json\/wp\/v2\/comments?post=62412"}],"version-history":[{"count":0,"href":"http:\/\/hoycordobaweb.com\/index.php\/wp-json\/wp\/v2\/posts\/62412\/revisions"}],"wp:featuredmedia":[{"embeddable":true,"href":"http:\/\/hoycordobaweb.com\/index.php\/wp-json\/wp\/v2\/media\/62413"}],"wp:attachment":[{"href":"http:\/\/hoycordobaweb.com\/index.php\/wp-json\/wp\/v2\/media?parent=62412"}],"wp:term":[{"taxonomy":"category","embeddable":true,"href":"http:\/\/hoycordobaweb.com\/index.php\/wp-json\/wp\/v2\/categories?post=62412"},{"taxonomy":"post_tag","embeddable":true,"href":"http:\/\/hoycordobaweb.com\/index.php\/wp-json\/wp\/v2\/tags?post=62412"}],"curies":[{"name":"wp","href":"https:\/\/api.w.org\/{rel}","templated":true}]}}