{"id":62370,"date":"2023-06-27T18:50:22","date_gmt":"2023-06-27T18:50:22","guid":{"rendered":"https:\/\/www.trendencias.com\/belleza\/alba-diaz-presume-manicura-francesa-invertida-que-dar-twist-a-nuestras-unas-este-verano"},"modified":"2023-06-27T18:50:22","modified_gmt":"2023-06-27T18:50:22","slug":"alba-diaz-presume-de-una-manicura-francesa-invertida-con-la-que-dar-un-twist-a-nuestras-unas-este-verano","status":"publish","type":"post","link":"http:\/\/hoycordobaweb.com\/index.php\/2023\/06\/27\/alba-diaz-presume-de-una-manicura-francesa-invertida-con-la-que-dar-un-twist-a-nuestras-unas-este-verano\/","title":{"rendered":"Alba D\u00edaz presume de una manicura francesa invertida con la que dar un twist a nuestras u\u00f1as este verano"},"content":{"rendered":"<p>Durante el verano nuestras u\u00f1as se tornan mucho m\u00e1s vistosas, juguetonas y coloridas. Es la \u00e9poca por excelencia en la que el nail-art se impone y apostamos por las tendencias en <a href=\"https:\/\/www.trendencias.com\/belleza\/estas-tendencias-unas-2023-colores-formas-nail-art-que-van-a-triunfar\">manicura del 2023 <\/a>m\u00e1s a tope que nunca. Prueba de ello es, por ejemplo, la \u00faltima elegida por <a href=\"https:\/\/trendencias.com\/tag\/Alba-Diaz\">Alba D\u00edaz<\/a>, hija de <a href=\"https:\/\/trendencias.com\/tag\/Vicky-%20Martin-Berrocal\">Vicky Mart\u00edn Berrocal<\/a>, que nos ha conquistado por completo.<\/p>\n<p><!-- BREAK 1 --><\/p>\n<div class=\"article-asset article-asset-normal article-asset-center\">\n<div class=\"desvio-container\">\n<div class=\"desvio\">\n<div class=\"desvio-figure js-desvio-figure\"> <a href=\"https:\/\/www.trendencias.com\/belleza\/este-truco-infalible-e-insospechado-alba-diaz-hija-vicky-martin-berrocal-para-lucir-peinado-moda-momento\"> <img alt=\"Este es el truco infalible e insospechado de Alba D\u00edaz, hija de Vicky Mart\u00edn Berrocal, para lucir el peinado de m\u00e1s de moda del momento \" src=\"http:\/\/hoycordobaweb.com\/wp-content\/uploads\/2023\/06\/alba-diaz-presume-de-una-manicura-francesa-invertida-con-la-que-dar-un-twist-a-nuestras-unas-este-verano.jpg\"> <\/a> <\/div><\/div><\/div>\n<\/div>\n<div class=\"article-asset-image article-asset-normal article-asset-center\">\n<div class=\"asset-content\">\n<div class=\"base-wrapper-image\"> <img class=\"sf-lazy centro_sinmarco\" data-sf-srcset=\"http:\/\/hoycordobaweb.com\/wp-content\/uploads\/2023\/06\/alba-diaz-presume-de-una-manicura-francesa-invertida-con-la-que-dar-un-twist-a-nuestras-unas-este-verano-1.jpg 450w, http:\/\/hoycordobaweb.com\/wp-content\/uploads\/2023\/06\/alba-diaz-presume-de-una-manicura-francesa-invertida-con-la-que-dar-un-twist-a-nuestras-unas-este-verano-5.jpg 681w,http:\/\/hoycordobaweb.com\/wp-content\/uploads\/2023\/06\/alba-diaz-presume-de-una-manicura-francesa-invertida-con-la-que-dar-un-twist-a-nuestras-unas-este-verano-6.jpg 1024w, http:\/\/hoycordobaweb.com\/wp-content\/uploads\/2023\/06\/alba-diaz-presume-de-una-manicura-francesa-invertida-con-la-que-dar-un-twist-a-nuestras-unas-este-verano-7.jpg 1366w,\" data-sf-src=\"http:\/\/hoycordobaweb.com\/wp-content\/uploads\/2023\/06\/alba-diaz-presume-de-una-manicura-francesa-invertida-con-la-que-dar-un-twist-a-nuestras-unas-este-verano-1.jpg\" alt=\"Alba Diaz\"> <noscript><img alt=\"Alba Diaz\" class=\"centro_sinmarco\" src=\"http:\/\/hoycordobaweb.com\/wp-content\/uploads\/2023\/06\/alba-diaz-presume-de-una-manicura-francesa-invertida-con-la-que-dar-un-twist-a-nuestras-unas-este-verano-1.jpg\"><\/noscript> <\/div><\/div>\n<\/div>\n<p>Sencillamente nos rechifla. Se trata de una <a href=\"https:\/\/www.trendencias.com\/belleza\/como-se-hace-manicura-francesa-paso-a-paso-19-ideas-originales-para-lucir-unas\">manicura francesa<\/a> invertida, es decir que en lugar de usar una base de un color y la puntita de la u\u00f1a pintarla de otro, en este caso, <strong>es en el nacimiento de la propia u\u00f1a donde se pone el tono discordante <\/strong>creando un contraste muy original.<\/p>\n<p><!-- BREAK 2 --><\/p>\n<p>Lo mejor es que, adem\u00e1s, <strong>Alba apuesta por pintar una u\u00f1a de cada color<\/strong>, con tonos pastel principalmente que est\u00e1n a la \u00faltima, combin\u00e1ndolos cuidadosamente y creando un dise\u00f1o perfecto para el verano.<\/p>\n<p><!-- BREAK 3 --><\/p>\n<div class=\"article-asset-image article-asset-normal article-asset-center\">\n<div class=\"asset-content\">\n<div class=\"base-wrapper-image\"> <img class=\"sf-lazy centro_sinmarco\" data-sf-srcset=\"http:\/\/hoycordobaweb.com\/wp-content\/uploads\/2023\/06\/alba-diaz-presume-de-una-manicura-francesa-invertida-con-la-que-dar-un-twist-a-nuestras-unas-este-verano-2.jpg 450w, http:\/\/hoycordobaweb.com\/wp-content\/uploads\/2023\/06\/alba-diaz-presume-de-una-manicura-francesa-invertida-con-la-que-dar-un-twist-a-nuestras-unas-este-verano-8.jpg 681w,http:\/\/hoycordobaweb.com\/wp-content\/uploads\/2023\/06\/alba-diaz-presume-de-una-manicura-francesa-invertida-con-la-que-dar-un-twist-a-nuestras-unas-este-verano-9.jpg 1024w, http:\/\/hoycordobaweb.com\/wp-content\/uploads\/2023\/06\/alba-diaz-presume-de-una-manicura-francesa-invertida-con-la-que-dar-un-twist-a-nuestras-unas-este-verano-10.jpg 1366w,\" data-sf-src=\"http:\/\/hoycordobaweb.com\/wp-content\/uploads\/2023\/06\/alba-diaz-presume-de-una-manicura-francesa-invertida-con-la-que-dar-un-twist-a-nuestras-unas-este-verano-2.jpg\" alt=\"Esmaltes De Unas\"> <noscript><img alt=\"Esmaltes De Unas\" class=\"centro_sinmarco\" src=\"http:\/\/hoycordobaweb.com\/wp-content\/uploads\/2023\/06\/alba-diaz-presume-de-una-manicura-francesa-invertida-con-la-que-dar-un-twist-a-nuestras-unas-este-verano-2.jpg\"><\/noscript> <\/div><\/div>\n<\/div>\n<p>As\u00ed, si queremos conseguir un efecto similar nada como hacernos con una buena &nbsp;selecci\u00f3n de esmaltes como estos semipermanentes que encontramos en Amazon por un precio de <a class=\"js-ecommerce\" href=\"https:\/\/www.trendencias.com\/redirect?url=https%3A%2F%2Fwww.amazon.es%2FPintau%25C3%25B1as-Semipermanentes-Semipermanente-Esmaltes-para-U%25C3%25B1as%2Fdp%2FB0BJZ4F18J%2Fref%3Dsr_1_8%3Fkeywords%3Desmaltes%2Bsemipermanentes%2Bpara%2Bu%25C3%25B1as%26qid%3D1687891608%26sprefix%3Desmaltes%2B%252Caps%252C153%26sr%3D8-8&amp;category=belleza&amp;asc_campaign=caduco\" data-vars-affiliate-url=\"https:\/\/www.trendencias.com\/redirect?url=https%3A%2F%2Fwww.amazon.es%2FPintau%25C3%25B1as-Semipermanentes-Semipermanente-Esmaltes-para-U%25C3%25B1as%2Fdp%2FB0BJZ4F18J%2Fref%3Dsr_1_8%3Fkeywords%3Desmaltes%2Bsemipermanentes%2Bpara%2Bu%25C3%25B1as%26qid%3D1687891608%26sprefix%3Desmaltes%2B%252Caps%252C153%26sr%3D8-8&amp;category=belleza&amp;asc_campaign=caduco\">29,90 euros<\/a> y con hasta 39 tonos estupendos con los que recrear esa manicura y muchas otras m\u00e1s.&nbsp;<\/p>\n<p><!-- BREAK 4 --><!-- PIVOT START --><\/p>\n<div class=\"pivot-ecommerce-container\">\n<div class=\"pivot-ecommerce\" readability=\"7.9506726457399\">\n<div class=\"pivot-ecommerce-figure\"> <a rel=\"nofollow noopener noreferrer\" target=\"_blank\" href=\"https:\/\/www.trendencias.com\/redirect?url=https%3A%2F%2Fwww.amazon.es%2Fdp%2FB0BJZ4F18J%3Ftag%3Dtrendencias-21%26linkCode%3Dogi%26th%3D1%26psc%3D1&amp;category=belleza&amp;pivot=1&amp;asc_campaign=caduco\"> <img alt=\"39 Pcs Pintau\u00f1as Semipermanentes, 33 Colore Esmalte Semipermanente Gel UV LED con Base, Top y Mate, Cat Eye, Glowing Coat, Esmaltes Semipermanentes para U\u00f1as Popular Colore Navidad de A\u00f1o Nuevo\" src=\"http:\/\/hoycordobaweb.com\/wp-content\/uploads\/2023\/06\/alba-diaz-presume-de-una-manicura-francesa-invertida-con-la-que-dar-un-twist-a-nuestras-unas-este-verano-3.jpg\"> <\/a> <\/div>\n<div class=\"pivot-ecommerce-summary\" readability=\"11.484304932735\">\n<p class=\"pivot-ecommerce-desc\">39 Pcs Pintau\u00f1as Semipermanentes, 33 Colore Esmalte Semipermanente Gel UV LED con Base, Top y Mate, Cat Eye, Glowing Coat, Esmaltes Semipermanentes para U\u00f1as Popular Colore Navidad de A\u00f1o Nuevo<\/p>\n<\/p><\/div><\/div>\n<\/div>\n<p><!-- PIVOT END --><\/p>\n<p><em>Nota: algunos de los enlaces de este art\u00edculo son afiliados y pueden reportar un beneficio a Trendencias<\/em><\/p>\n<p><!-- BREAK 5 --><\/p>\n<p>Fotos | @<a href=\"https:\/\/www.instagram.com\/albadiazmartin\/\">albadiazmartin<\/a><\/p>\n<p>En Trendencias | <a href=\"https:\/\/www.trendencias.com\/belleza\/acrilatos-unas-semipermanentes\" rel=\"noopener noreferrer\" data-id=\"noopener noreferrer\">Acrilatos en los esmaltes de u\u00f1as: qu\u00e9 son y cu\u00e1les son los peligros de una manicura permanente<\/a><\/p>\n<p><!-- BREAK 6 --><\/p>\n<p>En Trendencias | <a href=\"https:\/\/www.trendencias.com\/belleza\/que-unas-baby-boomer-porque-triunfan\">Qu\u00e9 son las u\u00f1as baby boomer y por qu\u00e9 triunfan tanto<\/a><\/p>\n<p><!-- BREAK 7 --> <\/p>\n","protected":false},"excerpt":{"rendered":"<p>Durante el verano nuestras u\u00f1as se tornan mucho m\u00e1s vistosas, juguetonas y coloridas. Es la \u00e9poca por excelencia en la que el nail-art se impone y apostamos por las tendencias en manicura del 2023 m\u00e1s a tope que nunca. Prueba de ello es, por ejemplo, la \u00faltima elegida por Alba D\u00edaz, hija de Vicky Mart\u00edn [&hellip;]<\/p>\n","protected":false},"author":1,"featured_media":62371,"comment_status":"closed","ping_status":"closed","sticky":false,"template":"","format":"standard","meta":[],"categories":[1],"tags":[],"_links":{"self":[{"href":"http:\/\/hoycordobaweb.com\/index.php\/wp-json\/wp\/v2\/posts\/62370"}],"collection":[{"href":"http:\/\/hoycordobaweb.com\/index.php\/wp-json\/wp\/v2\/posts"}],"about":[{"href":"http:\/\/hoycordobaweb.com\/index.php\/wp-json\/wp\/v2\/types\/post"}],"author":[{"embeddable":true,"href":"http:\/\/hoycordobaweb.com\/index.php\/wp-json\/wp\/v2\/users\/1"}],"replies":[{"embeddable":true,"href":"http:\/\/hoycordobaweb.com\/index.php\/wp-json\/wp\/v2\/comments?post=62370"}],"version-history":[{"count":0,"href":"http:\/\/hoycordobaweb.com\/index.php\/wp-json\/wp\/v2\/posts\/62370\/revisions"}],"wp:featuredmedia":[{"embeddable":true,"href":"http:\/\/hoycordobaweb.com\/index.php\/wp-json\/wp\/v2\/media\/62371"}],"wp:attachment":[{"href":"http:\/\/hoycordobaweb.com\/index.php\/wp-json\/wp\/v2\/media?parent=62370"}],"wp:term":[{"taxonomy":"category","embeddable":true,"href":"http:\/\/hoycordobaweb.com\/index.php\/wp-json\/wp\/v2\/categories?post=62370"},{"taxonomy":"post_tag","embeddable":true,"href":"http:\/\/hoycordobaweb.com\/index.php\/wp-json\/wp\/v2\/tags?post=62370"}],"curies":[{"name":"wp","href":"https:\/\/api.w.org\/{rel}","templated":true}]}}