{"id":62299,"date":"2023-06-27T01:56:38","date_gmt":"2023-06-27T01:56:38","guid":{"rendered":"https:\/\/ladecimaweb.com\/?p=17189"},"modified":"2023-06-27T01:56:38","modified_gmt":"2023-06-27T01:56:38","slug":"le-quieren-bajar-el-precio-a-la-eleccion-la-tendencia-es-irreversible","status":"publish","type":"post","link":"http:\/\/hoycordobaweb.com\/index.php\/2023\/06\/27\/le-quieren-bajar-el-precio-a-la-eleccion-la-tendencia-es-irreversible\/","title":{"rendered":"\u201cLe quieren bajar el precio a la elecci\u00f3n, la tendencia es irreversible\u201d"},"content":{"rendered":"<div class=\"boldgrid-section\">\n<div class=\"container\">\n<div class=\"row\">\n<div class=\"col-md-12 col-xs-12 col-sm-12\">\n<p class=\"\">El candidato a gobernador de Hacemos Unidos por C\u00f3rdoba y actual<b>&nbsp;<\/b>intendente de la Capital, Mart\u00edn Llaryora, se\u00f1al\u00f3 hoy en un acto en Villa Corn\u00fa que \u201cse le quiere bajar el precio a este victoria que es de los cordobeses, la tendencia es irreversible\u201d.<\/p>\n<p class=\"\">As\u00ed se refiri\u00f3 sobre los resultados&nbsp;<b>provisorios de las elecciones&nbsp;<\/b>del domingo 25 de junio y que lo consagraron como ganador -por tres puntos porcentuales sobre Luis Juez- hasta el momento. Cabe recordar que este lunes, Juez a\u00fan no reconoci\u00f3 la derrota.<\/p>\n<p class=\"\">\u201cYo tambi\u00e9n estoy esperando explicaciones, estoy muy caliente por lo que pas\u00f3 con el recuento porque es como si hubiera ganado el Mundial y me llevaron la copa del Mundo para festejar de ac\u00e1 a 10 dias. Cuando me la den, ya no va a haber gente para festejar, claro que estoy caliente\u201d, remarc\u00f3 Llaryora.<\/p>\n<p class=\"\">Seg\u00fan el conteo provisorio, Hacemos Unidos por C\u00f3rdoba obtuvo en toda la Provincia 822.057 votos (42,76%) y Juntos por el Cambio logr\u00f3 764.406 votos (39,76%) La diferencia a favor de Llaryora, que el intendente considera irremontable, fue de 57.651 votos<\/p>\n<p class=\"\">A su vez, y en di\u00e1logo con los medios, Llaryora dijo que \u00abSchiaretti ser\u00e1 el pr\u00f3ximo presidente de los argentinos\u00bb,&nbsp;que sus dichos de anoche en relaci\u00f3n a que&nbsp; partir de ahora \u201cviene una nueva generaci\u00f3n\u201d o \u201cun arranque de cero\u201d, refieren a que \u201cnosotros empezamos de cero en el sentido de que empieza otra generaci\u00f3n, lo ver\u00e1s en nuestras edades, en los desaf\u00edos que hemos hecho. C\u00f3mo voy a decir que hay que jubilar a Schiaretti si es el pr\u00f3ximo presidente de los argentinos\u201d, agreg\u00f3.<\/p>\n<p class=\"\">Llaryora inaugur\u00f3 esta ma\u00f1ana en compa\u00f1\u00eda del candidato a intendente de la ciudad, Daniel Passerini, dos aulas en una escuela municipal en Villa Corn\u00fa.<\/p>\n<p class=\"\">&nbsp;<\/p>\n<p class=\"\">\n<div class=\"ubm_banner\"><a href=\"http:\/\/www.cba.gov.ar\/prevencion-incendios\" target=\"_blank\" rel=\"dofollow noopener noreferrer\"><img src=\"http:\/\/hoycordobaweb.com\/wp-content\/uploads\/2023\/06\/le-quieren-bajar-el-precio-a-la-eleccion-la-tendencia-es-irreversible.gif\" alt=\"\"><\/a><\/div>\n<\/div>\n<\/div>\n<\/div>\n<\/div>\n<p>La entrada <a rel=\"nofollow\" href=\"https:\/\/ladecimaweb.com\/le-quieren-bajar-el-precio-a-la-eleccion-la-tendencia-es-irreversible\/\">&#8220;Le quieren bajar el precio a la elecci\u00f3n, la tendencia es irreversible&#8221;<\/a> se public\u00f3 primero en <a rel=\"nofollow\" href=\"https:\/\/ladecimaweb.com\">LaDecima<\/a>.<\/p>\n","protected":false},"excerpt":{"rendered":"<p>El candidato a gobernador de Hacemos Unidos por C\u00f3rdoba y actual&nbsp;intendente de la Capital, Mart\u00edn Llaryora, se\u00f1al\u00f3 hoy en un acto en Villa Corn\u00fa que \u201cse le quiere bajar el precio a este victoria que es de los cordobeses, la tendencia es irreversible\u201d. As\u00ed se refiri\u00f3 sobre los resultados&nbsp;provisorios de las elecciones&nbsp;del domingo 25 de [&hellip;]<\/p>\n","protected":false},"author":1,"featured_media":62300,"comment_status":"closed","ping_status":"closed","sticky":false,"template":"","format":"standard","meta":[],"categories":[19],"tags":[],"_links":{"self":[{"href":"http:\/\/hoycordobaweb.com\/index.php\/wp-json\/wp\/v2\/posts\/62299"}],"collection":[{"href":"http:\/\/hoycordobaweb.com\/index.php\/wp-json\/wp\/v2\/posts"}],"about":[{"href":"http:\/\/hoycordobaweb.com\/index.php\/wp-json\/wp\/v2\/types\/post"}],"author":[{"embeddable":true,"href":"http:\/\/hoycordobaweb.com\/index.php\/wp-json\/wp\/v2\/users\/1"}],"replies":[{"embeddable":true,"href":"http:\/\/hoycordobaweb.com\/index.php\/wp-json\/wp\/v2\/comments?post=62299"}],"version-history":[{"count":0,"href":"http:\/\/hoycordobaweb.com\/index.php\/wp-json\/wp\/v2\/posts\/62299\/revisions"}],"wp:featuredmedia":[{"embeddable":true,"href":"http:\/\/hoycordobaweb.com\/index.php\/wp-json\/wp\/v2\/media\/62300"}],"wp:attachment":[{"href":"http:\/\/hoycordobaweb.com\/index.php\/wp-json\/wp\/v2\/media?parent=62299"}],"wp:term":[{"taxonomy":"category","embeddable":true,"href":"http:\/\/hoycordobaweb.com\/index.php\/wp-json\/wp\/v2\/categories?post=62299"},{"taxonomy":"post_tag","embeddable":true,"href":"http:\/\/hoycordobaweb.com\/index.php\/wp-json\/wp\/v2\/tags?post=62299"}],"curies":[{"name":"wp","href":"https:\/\/api.w.org\/{rel}","templated":true}]}}