{"id":62283,"date":"2023-06-26T14:41:32","date_gmt":"2023-06-26T14:41:32","guid":{"rendered":"https:\/\/www.clarin.com\/espectaculos\/tv\/-masterchef-perdio-punta-rating-_0_VvADtr9RFP.html"},"modified":"2023-06-26T14:41:32","modified_gmt":"2023-06-26T14:41:32","slug":"por-que-masterchef-perdio-la-punta-del-rating","status":"publish","type":"post","link":"http:\/\/hoycordobaweb.com\/index.php\/2023\/06\/26\/por-que-masterchef-perdio-la-punta-del-rating\/","title":{"rendered":"\u00bfPor qu\u00e9 \u00abMasterChef\u00bb perdi\u00f3 la punta del rating?"},"content":{"rendered":"<p>Desde que debut\u00f3 esta temporada, <a data-cke-saved-href=\"http:\/\/www.clarin.com\/tema\/masterchef.html\" target=\"_blank\" href=\"http:\/\/www.clarin.com\/tema\/masterchef.html\" rel=\"noopener noreferrer\">MasterChef <\/a>viene siendo lo m\u00e1 visto del d\u00eda, a veces se despega s\u00f3lo y a veces le pisa los talones <strong>Los 8 escalones del mill\u00f3n<\/strong> (El Trece). Lo cierto es que ni en los d\u00edas h\u00e1biles ni los fines de semana se lo pod\u00eda bajar&nbsp;de lo m\u00e1s alto del podio. Pero <strong>este domingo fue la excepci\u00f3n<\/strong>.<\/p>\n<p>Y <strong>el reality de cocina de Telefe qued\u00f3 en tercer lugar<\/strong>.<\/p>\n<p>Claro que se trat\u00f3 de <strong>una jornada televisiva at\u00edpica<\/strong>, ya que en la segunda tarde la Televisi\u00f3n P\u00fablica transmiti\u00f3 <a data-cke-saved-href=\"http:\/\/www.clarin.com7tema\/riquelme.html\" target=\"_blank\" href=\"http:\/\/www.clarin.com7tema\/riquelme.html\" rel=\"noopener noreferrer\">el partido de despedida de Juan Rom\u00e1n Riquelme<\/a>, desde la Bombonera. De todos modos, lo m\u00e1s visto result\u00f3 el <strong>Post partido<\/strong>, con 20,2 puntos de promedio, seguido por el encuentro de grandes figuras (entre ellas, <strong>Lionel Messi<\/strong>), con 19,7 puntos.<\/p>\n<div class=\"sp__Normal embed-box embed-body-photo\" data-index=\"1\">\n<picture class=\"pointer\">\n<img class=\"img-expand\" width=\"100\" height=\"100\" loading=\"lazy\" src=\"http:\/\/hoycordobaweb.com\/wp-content\/uploads\/2023\/06\/por-que-masterchef-perdio-la-punta-del-rating.jpg\" alt=\"Messi, ovacionado, en la despedida de Riquelme. Foto: Prensa Boca\"><br \/>\n<span class=\"bt-expand\"><br \/>\n<svg class=\"ico white_mod\">\n<use class=\"use-expand\" xlink:href=\"#icon-expand\" \/>\n<\/svg><br \/>\n<\/span>\n<\/picture><figcaption>Messi, ovacionado, en la despedida de Riquelme. Foto: Prensa Boca <\/figcaption><\/div>\n<p>Y en el tercer escal\u00f3n s\u00ed logr\u00f3 hacer pie el programa de Telefe, que, por otra parte, <strong>no tuvo su mejor emisi\u00f3n: ya que se trataba de una gala de eliminaci\u00f3n y, por caprichos de la producci\u00f3n, se decidi\u00f3 cambiar la regla<\/strong> a \u00faltimo momento, despu\u00e9s de un corte publicitario que super\u00f3 los 15 minutos. La expectativa estaba por ver si quedaba fuera de competencia Silvana o Daniela.<\/p>\n<p>Primero salvaron a Daniela y cuando se supon\u00eda que Silvana dejar\u00eda su delantal negro sobre la mesada, en una din\u00e1mica t\u00edpica de los domingos, <strong>el jurado decidi\u00f3 dejarla una semana m\u00e1s en juego<\/strong>. Inentendible. Para algo est\u00e1n hechas las reglas de los realities, y la decisi\u00f3n que benefici\u00f3 a una&nbsp;<strong>termin\u00f3 perjudicando a los dem\u00e1s que compiten por un premio mayor<\/strong>. Su promedio fue de 11,3 puntos.<\/p>\n<p><strong>La decisi\u00f3n abri\u00f3 pol\u00e9mica en las redes entre los fans del programa<\/strong>, ya que se supone que la peor&nbsp;devoluci\u00f3n&nbsp;hab\u00eda&nbsp;sido para Silvana, una ama de casa que intenta superarse a diario, y ten\u00eda todos los n\u00fameros para quedar afuera.&nbsp;<strong>El supuesto favoritismo irrita a los seguidores, que est\u00e1n logrando que el rating vaya en baja<\/strong>.<\/p>\n<div class=\"sp__Normal embed-box embed-body-photo\" data-index=\"2\">\n<picture class=\"pointer\">\n<img class=\"img-expand\" width=\"100\" height=\"100\" loading=\"lazy\" src=\"http:\/\/hoycordobaweb.com\/wp-content\/uploads\/2023\/06\/por-que-masterchef-perdio-la-punta-del-rating-1.jpg\" alt=\"Jorge Lanata durante el editorial de Periodismo Para Todos del domingo 25 de junio.\"><br \/>\n<span class=\"bt-expand\"><br \/>\n<svg class=\"ico white_mod\">\n<use class=\"use-expand\" xlink:href=\"#icon-expand\" \/>\n<\/svg><br \/>\n<\/span>\n<\/picture><figcaption>Jorge Lanata durante el editorial de Periodismo Para Todos del domingo 25 de junio. <\/figcaption><\/div>\n<p>El cuarto puesto del d\u00eda fue para <strong>Periodismo para todos<\/strong>, el ciclo de <strong>Jorge Lanata<\/strong> (a las 22, por El Trece), con 8,9, que <strong>signific\u00f3 una suba de 1,3 con respecto al domingo pasado<\/strong>. Esta vez <strong>PPT <\/strong>tuvo en el an\u00e1lisis de la lista de los precandidatos un buen im\u00e1n televisivo.<\/p>\n<p>Y el quinto lugar fue para <strong>la previa del partido de despedida de Riquelme <\/strong>(TV P\u00fablica), con 8,2 puntos.<\/p>\n<div class=\"sp__Normal embed-box embed-body-photo\" data-index=\"3\">\n<picture class=\"pointer\">\n<img class=\"img-expand\" width=\"100\" height=\"100\" loading=\"lazy\" src=\"http:\/\/hoycordobaweb.com\/wp-content\/uploads\/2023\/06\/por-que-masterchef-perdio-la-punta-del-rating-2.jpg\" alt=\"La emoci\u00f3n de Silvana al saber que la salvaban, incumpliendo el reglamento.\"><br \/>\n<span class=\"bt-expand\"><br \/>\n<svg class=\"ico white_mod\">\n<use class=\"use-expand\" xlink:href=\"#icon-expand\" \/>\n<\/svg><br \/>\n<\/span>\n<\/picture><figcaption>La emoci\u00f3n de Silvana al saber que la salvaban, incumpliendo el reglamento. <\/figcaption><\/div>\n<h2>El podio de los otros canales<\/h2>\n<p>El de El Trece tuvo en el segundo escal\u00f3n al filme <strong>La m\u00e1scara de hierro<\/strong>, con 6,3, seguido por el primer episodio de <strong>Los protectores 2 <\/strong>(a las 23), que cont\u00f3 con <a href=\"http:\/\/www.clarin.com\/tema\/lionel_messi.html\" target=\"_blank\" rel=\"noopener noreferrer\">la participaci\u00f3n de Lionel Messi<\/a>, con un promedio de 6,2. Se emiti\u00f3 <strong>el mismo d\u00eda en el que la plataforma de streaming Star+ subi\u00f3 la serie completa<\/strong> (siete episodios).<\/p>\n<p>En Telefe, el podio se complet\u00f3 con <strong>Pasapalabra edici\u00f3n famosos<\/strong> (con 7,7) y con <strong>La pe\u00f1a de Morfi<\/strong> (5,6 puntos).<\/p>\n<p>En Am\u00e9rica, lo m\u00e1s visto result\u00f3<strong> GPS<\/strong> con 1,4, delante de <strong>Secretos verdaderos<\/strong> con 1,2&nbsp;y <strong>Alf,<\/strong>&nbsp;con 0,9.<\/p>\n<p>En Elnueve, arriba de todo se ubic\u00f3 <strong>Implacables<\/strong> con 2,2, seguido por<strong> Vivo para vos<\/strong> con 1,7&nbsp;y <strong>La cocina de los Calamaro<\/strong>, con 0,9.<\/p>\n<p>En Net TV hubo un empate en la cima, entre <strong>Entrometidos en la tarde<\/strong> y <strong>Hair Recovery<\/strong>, con 0,3, seguidos por&nbsp;<strong>Editando tele<\/strong>, con 0,2. Y, en Bravo, picaron&nbsp;en punta, por decirlo de alguna manera, <strong>Destilando amor, Enfermeras y Querer sin l\u00edmites<\/strong>, todas con 0,1.<\/p>\n<h2>La tabla de los canales<\/h2>\n<p>El ranking general de los canales, teniendo en cuenta&nbsp;las mediciones de 12 a medianoche, <strong>ubic\u00f3 a la TV P\u00fablica&nbsp;arriba de todo, con 6,9, seguido por Telefe con 6,1 y por El Trece, con 4,5.<\/strong>&nbsp;Elnueve qued\u00f3 en cuarto lugar, con 1,1.<\/p>\n<p> <span class=\"title-related\">Mir\u00e1 tambi\u00e9n<\/span> <\/p>\n","protected":false},"excerpt":{"rendered":"<p>Desde que debut\u00f3 esta temporada, MasterChef viene siendo lo m\u00e1 visto del d\u00eda, a veces se despega s\u00f3lo y a veces le pisa los talones Los 8 escalones del mill\u00f3n (El Trece). Lo cierto es que ni en los d\u00edas h\u00e1biles ni los fines de semana se lo pod\u00eda bajar&nbsp;de lo m\u00e1s alto del podio. [&hellip;]<\/p>\n","protected":false},"author":1,"featured_media":62284,"comment_status":"closed","ping_status":"closed","sticky":false,"template":"","format":"standard","meta":[],"categories":[10],"tags":[],"_links":{"self":[{"href":"http:\/\/hoycordobaweb.com\/index.php\/wp-json\/wp\/v2\/posts\/62283"}],"collection":[{"href":"http:\/\/hoycordobaweb.com\/index.php\/wp-json\/wp\/v2\/posts"}],"about":[{"href":"http:\/\/hoycordobaweb.com\/index.php\/wp-json\/wp\/v2\/types\/post"}],"author":[{"embeddable":true,"href":"http:\/\/hoycordobaweb.com\/index.php\/wp-json\/wp\/v2\/users\/1"}],"replies":[{"embeddable":true,"href":"http:\/\/hoycordobaweb.com\/index.php\/wp-json\/wp\/v2\/comments?post=62283"}],"version-history":[{"count":0,"href":"http:\/\/hoycordobaweb.com\/index.php\/wp-json\/wp\/v2\/posts\/62283\/revisions"}],"wp:featuredmedia":[{"embeddable":true,"href":"http:\/\/hoycordobaweb.com\/index.php\/wp-json\/wp\/v2\/media\/62284"}],"wp:attachment":[{"href":"http:\/\/hoycordobaweb.com\/index.php\/wp-json\/wp\/v2\/media?parent=62283"}],"wp:term":[{"taxonomy":"category","embeddable":true,"href":"http:\/\/hoycordobaweb.com\/index.php\/wp-json\/wp\/v2\/categories?post=62283"},{"taxonomy":"post_tag","embeddable":true,"href":"http:\/\/hoycordobaweb.com\/index.php\/wp-json\/wp\/v2\/tags?post=62283"}],"curies":[{"name":"wp","href":"https:\/\/api.w.org\/{rel}","templated":true}]}}