{"id":62232,"date":"2023-06-25T17:28:46","date_gmt":"2023-06-25T17:28:46","guid":{"rendered":"https:\/\/www.clarin.com\/espectaculos\/tv\/nuevos-famosos-pasaplatos-llegan-lunes-tv_0_ulIY3jZpaZ.html"},"modified":"2023-06-25T17:28:46","modified_gmt":"2023-06-25T17:28:46","slug":"los-nuevos-famosos-de-pasaplatos-que-llegan-este-lunes-a-la-tv","status":"publish","type":"post","link":"http:\/\/hoycordobaweb.com\/index.php\/2023\/06\/25\/los-nuevos-famosos-de-pasaplatos-que-llegan-este-lunes-a-la-tv\/","title":{"rendered":"Los nuevos famosos de \u00abPasaplatos\u00bb, que llegan este lunes a la TV"},"content":{"rendered":"<p>Finalmente, despu\u00e9s de varios rumores que se aceleraron en la \u00faltima semana, se defini\u00f3 que, desde este lunes 26, <strong>un Pasaplatos reemplazar\u00e1 al otro. \u00bfC\u00f3mo ser\u00eda?<\/strong><\/p>\n<p>El viernes se dio por terminada la temporada tradicional, que desde el vamos conduce <strong>Carina Zampini<\/strong>, y se supon\u00eda que una vez que tomara forma la nueva entrega de <strong>Pasaplatos famosos<\/strong> (cuya<a data-cke-saved-href=\"http:\/\/www.clarin.com\/tema\/paula_chaves.html\" target=\"_blank\" href=\"http:\/\/www.clarin.com\/tema\/paula_chaves.html\" rel=\"noopener noreferrer\"> primera parte estuvo comandada por Paula Chaves<\/a>), la actriz iba a ser doblete por la pantalla de El Trece.<\/p>\n<p>Pero luego <strong>se acord\u00f3 no modificar demasiado la grilla<\/strong>, para darle descanso al reality con participantes amateurs y <strong>darle la bienvenida a la versi\u00f3n celebrity, que desde este lunes ir\u00e1 a las 14.30<\/strong>.<\/p>\n<p>A menos de un mes de la final de <strong>Pasaplatos famosos<\/strong> -el s\u00e1bado 3 de junio <strong>Geraldine \u00abGege\u00bb Neumann se consagr\u00f3 campeona<\/strong> del certamen de cocina-, el canal se&nbsp;puso a preparar<strong><\/strong>&nbsp;una segunda temporada con el formato celebrity,<strong> sabiendo que ya no iba a estar&nbsp;<\/strong><strong>Paula Chaves<\/strong>.<\/p>\n<p><strong>Las grabaciones comenzaron&nbsp;este mi\u00e9rcoles<\/strong> 21 de junio, sin fecha definida de estreno. Y <strong>de pronto se resolvi\u00f3&nbsp;que saldr\u00eda&nbsp;a la cancha este \u00faltimo lunes de junio<\/strong>.<\/p>\n<h2>Los nombres de esta segunda temporada<\/h2>\n<p>La primera tanda estar\u00e1 integrada por&nbsp;<strong>Jos\u00e9 Meolans<\/strong>, Silvia Fern\u00e1ndez Barrio, Dan Breitman, Viviana Saccone, Estefi Berardi, Pachu Pe\u00f1a, Mercedes Ninci, Topa, Mar\u00eda Fernanda Callej\u00f3n, Guido Suller, Pablo Alarc\u00f3n, Ginette Reynal, Laura Fidalgo, Miguel \u00c1ngel Cherutti y Paula Trapani.<\/p>\n<p><strong>Una de las sorpresas fue la convocatoria de la panelista Berardi, que acaba de ser desvinculada de LAM<\/strong>, como una de las \u00abangelitas\u00bb que pasaba chimentos en el programa de \u00c1ngel de Brito, por Am\u00e9rica.<\/p>\n<p>Falta que se confirmen algunas figuras, para llegar a <strong>los casi 40 que formar\u00e1n parte del nuevo staff, en tandas rotativas<\/strong>.<\/p>\n<h2>C\u00f3mo naci\u00f3 la versi\u00f3n celebrity<\/h2>\n<p>Cuando el canal anunci\u00f3, a principio del mes pasado, que el primer env\u00edo celebrity iba a estar en manos de la ex <strong>Bake Off<\/strong>, y cara habitual de la pantalla de Telefe, hubo sorpresa en el ambiente, pero ella en ese momento se encarg\u00f3 de explicar que el proyecto s\u00f3lo durar\u00eda dos semanas,<strong> para transitar el espacio que, de 18.30 a 20, quedaba libre tras el final de Canta conmigo ahora<\/strong> (con Manuel Wirzt) y a la espera del <strong>Ahora caigo<\/strong> de <a target=\"_blank\" href=\"http:\/\/www.clarin.com\/tema\/dario_barassi.html\" rel=\"noopener noreferrer\">Dar\u00edo Barassi<\/a>.<\/p>\n<div class=\"sp__Normal embed-box embed-body-photo\" data-index=\"1\">\n<picture class=\"pointer\">\n<img class=\"img-expand\" width=\"100\" height=\"100\" loading=\"lazy\" src=\"http:\/\/hoycordobaweb.com\/wp-content\/uploads\/2023\/06\/los-nuevos-famosos-de-pasaplatos-que-llegan-este-lunes-a-la-tv.jpg\" alt=\"La primera edici\u00f3n de &quot;Pasaplatos famosos&quot;, con Chaves como anfitriona.\"><br \/>\n<span class=\"bt-expand\"><br \/>\n<svg class=\"ico white_mod\">\n<use class=\"use-expand\" xlink:href=\"#icon-expand\" \/>\n<\/svg><br \/>\n<\/span>\n<\/picture><figcaption>La primera edici\u00f3n de \u00abPasaplatos famosos\u00bb, con Chaves como anfitriona. <\/figcaption><\/div>\n<p>Y as\u00ed fue. Arranc\u00f3 el lunes 22 de mayo a la tarde, fueron dos semanas de certamen y el primer s\u00e1bado de junio, a la noche, se defini\u00f3 qua <strong>la hermana de Nicole Neumann<\/strong> se consagrara como la mejor del concurso, en <a data-cke-saved-href=\"http:\/\/www.clarin.com\/tema\/la_bomba_tucumana.html\" target=\"_blank\" href=\"http:\/\/www.clarin.com\/tema\/la_bomba_tucumana.html\" rel=\"noopener noreferrer\">una final re\u00f1ida contra Gladys \u00abLa Bomba\u00bb Tucumana<\/a>.<\/p>\n<p>Como los n\u00fameros acompa\u00f1aron la propuesta de armar una ciclo sat\u00e9lite de <strong>Pasaplatos<\/strong>, el canal decidi\u00f3 <strong>armar otro combo de caras conocidas para aprovechar el auge de lo culinario en TV<\/strong> (no olvidemos que lo m\u00e1s visto, por ahora, es <a target=\"_blank\" href=\"http:\/\/www.clarin.com\/tema\/masterchef.html\" rel=\"noopener noreferrer\">MasterChef<\/a>, el reality culinario de Telefe).<\/p>\n<p>Y, para esta nueva entrega, se confirm\u00f3 que <strong>ser\u00e1 la propia Carina Zampini&nbsp;<\/strong>(la del formato original)&nbsp;quien asumir\u00e1 las riendas del reality de famosos. Y Chaves volver\u00eda a estar en el radar&nbsp;de Telefe, en caso de que el canal eche mano a otra temporada de <strong>Bake Off<\/strong>.<\/p>\n<div class=\"sp__Normal embed-box embed-body-photo\" data-index=\"2\">\n<picture class=\"pointer\">\n<img class=\"img-expand\" width=\"100\" height=\"100\" loading=\"lazy\" src=\"http:\/\/hoycordobaweb.com\/wp-content\/uploads\/2023\/06\/los-nuevos-famosos-de-pasaplatos-que-llegan-este-lunes-a-la-tv-1.jpg\" alt=\"Estefi anunci\u00f3 en pantalla que no estar\u00e1 m\u00e1s en &quot;LAM&quot; y que se muda a El Trece. Captura TV.\"><br \/>\n<span class=\"bt-expand\"><br \/>\n<svg class=\"ico white_mod\">\n<use class=\"use-expand\" xlink:href=\"#icon-expand\" \/>\n<\/svg><br \/>\n<\/span>\n<\/picture><figcaption>Estefi anunci\u00f3 en pantalla que no estar\u00e1 m\u00e1s en \u00abLAM\u00bb y que se muda a El Trece. Captura TV. <\/figcaption><\/div>\n<h2>C\u00f3mo es el formato<\/h2>\n<p>Con una din\u00e1mica similar a la del<strong> Pasaplatos<\/strong>&nbsp;tradicional, varios famosos competir\u00e1n por ser el mejor en la cocina, seg\u00fan las devoluciones de l<strong>os chefs Pablo Massey y Juan Gaffuri<\/strong>, que degustar\u00e1n a ciegas a trav\u00e9s del pasaplatos.<\/p>\n<p>La primera versi\u00f3n celebrity cont\u00f3 con&nbsp;An\u00edbal Pachano, \u201cGege\u201d Neumann, Silvina Escudero, Sebasti\u00e1n Cobelli, Fernanda Vives, Ximena Capristo, Gabriel Oliveri, \u00abLa&nbsp;Bomba\u201d Tucumana, Jorge \u201cCarna\u201d Crivelli, Evelyn Von Brocke, Sof\u00eda Macaggi, Maximiliano \u201cChanchi\u201d Est\u00e9vez, Yanina Screpante, Teresa Calandra, Evelyn Scheidl y C\u00e9sar Juricich.<\/p>\n<p>Durante cada d\u00eda cocinan ocho famosos, en dos rondas de cuatro. El jefe de cocina es <strong>el chef Roberto Ottini<\/strong>, quien s\u00ed puede&nbsp;estar cerca de los famosos (y apostar a la complicidad con ellos), no como sus colegas del jurado, que degustar\u00e1n del otro lado del pasaplatos.<\/p>\n<p> <span class=\"title-related\">Mir\u00e1 tambi\u00e9n<\/span> <\/p>\n","protected":false},"excerpt":{"rendered":"<p>Finalmente, despu\u00e9s de varios rumores que se aceleraron en la \u00faltima semana, se defini\u00f3 que, desde este lunes 26, un Pasaplatos reemplazar\u00e1 al otro. \u00bfC\u00f3mo ser\u00eda? El viernes se dio por terminada la temporada tradicional, que desde el vamos conduce Carina Zampini, y se supon\u00eda que una vez que tomara forma la nueva entrega de [&hellip;]<\/p>\n","protected":false},"author":1,"featured_media":62233,"comment_status":"closed","ping_status":"closed","sticky":false,"template":"","format":"standard","meta":[],"categories":[10],"tags":[],"_links":{"self":[{"href":"http:\/\/hoycordobaweb.com\/index.php\/wp-json\/wp\/v2\/posts\/62232"}],"collection":[{"href":"http:\/\/hoycordobaweb.com\/index.php\/wp-json\/wp\/v2\/posts"}],"about":[{"href":"http:\/\/hoycordobaweb.com\/index.php\/wp-json\/wp\/v2\/types\/post"}],"author":[{"embeddable":true,"href":"http:\/\/hoycordobaweb.com\/index.php\/wp-json\/wp\/v2\/users\/1"}],"replies":[{"embeddable":true,"href":"http:\/\/hoycordobaweb.com\/index.php\/wp-json\/wp\/v2\/comments?post=62232"}],"version-history":[{"count":0,"href":"http:\/\/hoycordobaweb.com\/index.php\/wp-json\/wp\/v2\/posts\/62232\/revisions"}],"wp:featuredmedia":[{"embeddable":true,"href":"http:\/\/hoycordobaweb.com\/index.php\/wp-json\/wp\/v2\/media\/62233"}],"wp:attachment":[{"href":"http:\/\/hoycordobaweb.com\/index.php\/wp-json\/wp\/v2\/media?parent=62232"}],"wp:term":[{"taxonomy":"category","embeddable":true,"href":"http:\/\/hoycordobaweb.com\/index.php\/wp-json\/wp\/v2\/categories?post=62232"},{"taxonomy":"post_tag","embeddable":true,"href":"http:\/\/hoycordobaweb.com\/index.php\/wp-json\/wp\/v2\/tags?post=62232"}],"curies":[{"name":"wp","href":"https:\/\/api.w.org\/{rel}","templated":true}]}}