{"id":62134,"date":"2023-06-23T19:05:00","date_gmt":"2023-06-23T19:05:00","guid":{"rendered":"http:\/\/hoycordobaweb.com\/index.php\/2023\/06\/23\/demichelis-ya-piensa-en-mammana-para-jugar-ante-the-strongest\/"},"modified":"2023-06-23T19:05:00","modified_gmt":"2023-06-23T19:05:00","slug":"demichelis-ya-piensa-en-mammana-para-jugar-ante-the-strongest","status":"publish","type":"post","link":"http:\/\/hoycordobaweb.com\/index.php\/2023\/06\/23\/demichelis-ya-piensa-en-mammana-para-jugar-ante-the-strongest\/","title":{"rendered":"Demichelis ya piensa en Mammana para jugar ante The Strongest"},"content":{"rendered":"<p><img src=\"http:\/\/hoycordobaweb.com\/wp-content\/uploads\/2023\/06\/demichelis-ya-piensa-en-mammana-para-jugar-ante-the-strongest.jpg\"><\/p>\n<figure class=\"mb-3\"><img loading=\"lazy\" data-src=\"http:\/\/hoycordobaweb.com\/wp-content\/uploads\/2023\/06\/demichelis-ya-piensa-en-mammana-para-jugar-ante-the-strongest-2.jpg\" src=\"https:\/\/www.telam.com.ar\/assets\/img\/not_image.png\" class=\" lazy \" width=\"100%\" height=\"100%\" alt=\"Mammana quien no jugaba desde el partido ante Boca regres a la lista de concentrados esta semana Foto TW riverplate\"><figcaption> Mammana, quien no jugaba desde el partido ante Boca, regres\u00f3 a la lista de concentrados esta semana \/ Foto: TW @riverplate. <\/figcaption><\/figure>\n<p>El entrenador de River Plate, <strong>Mart\u00edn Demichelis<\/strong>, ya piensa en <strong>Emanuel Mammana<\/strong> como reemplazante de Leandro Gonz\u00e1lez P\u00edrez, que sali\u00f3 con una lesi\u00f3n muscular en el isquiotibial izquierdo promediando el segundo tiempo ante Instituto.<\/p>\n<p>P\u00edrez, titular en la zaga central en 21 partidos del equipo en el semestre, sufri\u00f3 un distensi\u00f3n muscular en el isquiotibial izquierdo a los 22 minutos del segundo tiempo y estar\u00e1 al menos un par de semanas fuera del equipo.<\/p>\n<p>Mammana, quien no jugaba desde el partido ante Boca, regres\u00f3 a la lista de concentrados esta semana e ingres\u00f3 para jugar cerca de media hora <a href=\"https:\/\/www.telam.com.ar\/notas\/202306\/631791-river-instituto-liga-profesional-futbol.html\" target=\"_blank\" rel=\"noopener noreferrer\">en el triunfo de River ante Instituto por 3-1, en la noche del jueves en el M\u00e1s Monumental<\/a>.<\/p>\n<p>A pesar de haber jugado poco en el semestre por lesiones, <strong>Mammana le saca una ventaja a Rojas que tras las declaraciones de su representante Diego Serrati sobre su futuro no fue tenido en cuenta por el entrenador<\/strong>.<\/p>\n<p>Al respecto, Demichelis dijo: \u201cLas declaraciones de una persona que no conozco no me modifica la manera de ser, las cosas que tuve que hablar, las habl\u00e9 con Robert en persona y con el plantel. No es momento de hablar de mercado\u201d.<\/p>\n<p>De todos modos, hay que ver c\u00f3mo trabajan en la semana ya que Mammana, que arranc\u00f3 de titular en el semestre, s\u00f3lo suma 602 minutos por sus 8 partidos, 6 de titular y 2 ingresando desde el banco de suplentes.<\/p>\n<p>Mientras que el paraguayo Rojas reemplaz\u00f3 a Paulo D\u00edaz -Mammana estaba lesionado- y antes del conflicto mencionado hab\u00eda estado en la planilla titular en 6 partidos, anotando incluso un gol ante V\u00e9lez.<\/p>\n<p>Por otro lado, el propio entrenador asegur\u00f3 que los otros dos cambios posibles van a ser los regresos a la titularidad de <strong>Enzo P\u00e9rez por Pablo Solari y Enzo D\u00edaz por Milton Casco<\/strong>, tal como pas\u00f3 en el entretiempo del partido frente a Instituto.<\/p>\n<p>Con este panorama, el equipo se entren\u00f3 en la ma\u00f1ana de este viernes en el estadio M\u00e1s Monumental, donde qued\u00f3 concentrado anoche, y se va a entrenar hasta el lunes en el predio de River Camp <strong>de cara al partido ante The Strongest del martes a las 21 horas<\/strong>.<\/p>\n<blockquote class=\"twitter-tweet\" readability=\"4.0661157024793\">\n<p lang=\"es\" dir=\"ltr\">\ud83e\udd29 \u00a1Buen viernes, riverplatenses! \ud83e\udd0d\u2764\ufe0f\ud83e\udd0d <a href=\"https:\/\/t.co\/VdajySLnBz\">pic.twitter.com\/VdajySLnBz<\/a><\/p>\n<p>\u2014 River Plate (@RiverPlate) <a href=\"https:\/\/twitter.com\/RiverPlate\/status\/1672244800735649792?ref_src=twsrc%5Etfw\">June 23, 2023<\/a><\/p><\/blockquote>\n<p><strong>El partido ante el equipo boliviano ser\u00e1 el cierre de la fase de grupos de la Copa Libertadores<\/strong> y con ganar el equipo de Demichelis se garantiza el pase a octavos, pero para hacerlo, necesita que Fluminense no le gane de local a Sporting Cristal.<\/p>\n<p>River incluso puede clasificar como segundo del grupo con un empate, s\u00ed es que el equipo carioca vence al peruano en un cruce que se va a disputar en R\u00edo de Janeiro tambi\u00e9n el martes a la misma hora.<\/p>\n<p>Por otro lado, volvi\u00f3 a trabajar de manera diferenciada el delantero Mat\u00edas Su\u00e1rez que por una sinovitis en la rodilla derecha volvi\u00f3 a quedar afuera de la lista de concentrados y no hay precisiones para su regreso a las convocatorias.<\/p>\n<p>Su\u00e1rez viene con problemas en la rodilla desde el a\u00f1o pasado cuando tuvo que operarse y estuvo con poca continuidad. al punto que con la llegada de Demichelis reci\u00e9n pudo jugar ante Sarmiento con 8 minutos en el d\u00e9cimo partido de la temporada.<\/p>\n<p>Si se tienen en cuenta el semestre pasado y el actual, el cordob\u00e9s Su\u00e1rez sum\u00f3 393 minutos y un s\u00f3lo partido de titular en la segunda parte del 2022 y en este a\u00f1o tiene 170 minutos, en 9 partidos, todos desde el banco, y 2 goles.<\/p>\n","protected":false},"excerpt":{"rendered":"<p>Mammana, quien no jugaba desde el partido ante Boca, regres\u00f3 a la lista de concentrados esta semana \/ Foto: TW @riverplate. El entrenador de River Plate, Mart\u00edn Demichelis, ya piensa en Emanuel Mammana como reemplazante de Leandro Gonz\u00e1lez P\u00edrez, que sali\u00f3 con una lesi\u00f3n muscular en el isquiotibial izquierdo promediando el segundo tiempo ante Instituto. [&hellip;]<\/p>\n","protected":false},"author":1,"featured_media":62135,"comment_status":"open","ping_status":"closed","sticky":false,"template":"","format":"standard","meta":[],"categories":[16],"tags":[],"_links":{"self":[{"href":"http:\/\/hoycordobaweb.com\/index.php\/wp-json\/wp\/v2\/posts\/62134"}],"collection":[{"href":"http:\/\/hoycordobaweb.com\/index.php\/wp-json\/wp\/v2\/posts"}],"about":[{"href":"http:\/\/hoycordobaweb.com\/index.php\/wp-json\/wp\/v2\/types\/post"}],"author":[{"embeddable":true,"href":"http:\/\/hoycordobaweb.com\/index.php\/wp-json\/wp\/v2\/users\/1"}],"replies":[{"embeddable":true,"href":"http:\/\/hoycordobaweb.com\/index.php\/wp-json\/wp\/v2\/comments?post=62134"}],"version-history":[{"count":0,"href":"http:\/\/hoycordobaweb.com\/index.php\/wp-json\/wp\/v2\/posts\/62134\/revisions"}],"wp:featuredmedia":[{"embeddable":true,"href":"http:\/\/hoycordobaweb.com\/index.php\/wp-json\/wp\/v2\/media\/62135"}],"wp:attachment":[{"href":"http:\/\/hoycordobaweb.com\/index.php\/wp-json\/wp\/v2\/media?parent=62134"}],"wp:term":[{"taxonomy":"category","embeddable":true,"href":"http:\/\/hoycordobaweb.com\/index.php\/wp-json\/wp\/v2\/categories?post=62134"},{"taxonomy":"post_tag","embeddable":true,"href":"http:\/\/hoycordobaweb.com\/index.php\/wp-json\/wp\/v2\/tags?post=62134"}],"curies":[{"name":"wp","href":"https:\/\/api.w.org\/{rel}","templated":true}]}}