{"id":62128,"date":"2023-06-23T02:55:00","date_gmt":"2023-06-23T02:55:00","guid":{"rendered":"http:\/\/hoycordobaweb.com\/index.php\/2023\/06\/23\/las-fuerzas-politicas-de-cordoba-cerraron-sus-campanas-para-las-elecciones-de-la-provincia\/"},"modified":"2023-06-23T02:55:00","modified_gmt":"2023-06-23T02:55:00","slug":"las-fuerzas-politicas-de-cordoba-cerraron-sus-campanas-para-las-elecciones-de-la-provincia","status":"publish","type":"post","link":"http:\/\/hoycordobaweb.com\/index.php\/2023\/06\/23\/las-fuerzas-politicas-de-cordoba-cerraron-sus-campanas-para-las-elecciones-de-la-provincia\/","title":{"rendered":"Las fuerzas pol\u00edticas de C\u00f3rdoba cerraron sus campa\u00f1as para las elecciones de la provincia"},"content":{"rendered":"<p><img src=\"http:\/\/hoycordobaweb.com\/wp-content\/uploads\/2023\/06\/las-fuerzas-politicas-de-cordoba-cerraron-sus-campanas-para-las-elecciones-de-la-provincia.jpg\"><\/p>\n<figure class=\"mb-3\"><img loading=\"lazy\" data-src=\"http:\/\/hoycordobaweb.com\/wp-content\/uploads\/2023\/06\/las-fuerzas-politicas-de-cordoba-cerraron-sus-campanas-para-las-elecciones-de-la-provincia-2.jpg\" src=\"https:\/\/www.telam.com.ar\/assets\/img\/not_image.png\" class=\" lazy \" width=\"100%\" height=\"100%\" alt=\"Foto Laura Lescano\"><figcaption> Foto: Laura Lescano. <\/figcaption><\/figure>\n<p>Las principales representaciones pol\u00edticas de C\u00f3rdoba este jueves por la noche, en la capital local, realizaron el cierre de campa\u00f1a con vistas a las elecciones provinciales del pr\u00f3ximo domingo en C\u00f3rdoba, para <strong>elegir gobernador y vice, 70 legisladores locales y tres miembros para el Tribunal de Cuentas, en comicios que contar\u00e1n con la participaci\u00f3n de once listas de postulantes.<\/strong><\/p>\n<p>El candidato a gobernador de la coalici\u00f3n oficialista, el actual intendente de la ciudad de C\u00f3rdoba Mart\u00edn Llaryora (51), cerr\u00f3 el acto en el predio de la Plaza de la M\u00fasica, en el sector de costanera de la ciudad de C\u00f3rdoba, con anuncios de reformas educativas y reestructuraci\u00f3n del sistema de seguridad para \u00abcombatir a la delincuencia y el narcotr\u00e1fico\u00bb.<\/p>\n<p>Acompa\u00f1ado por su candidata a vice, Myriam Prunotto, y el gobernador Juan Schiaretti (74), el candidato peronista que va con la lista de \u00abHacemos Unidos por C\u00f3rdoba\u00bb (HUxC) anunci\u00f3 la creaci\u00f3n de la \u00abpolic\u00eda municipal\u00bb en la capital cordobesa y que en la polic\u00eda provincial va a implementar el uso de las \u00abarmas no letales\u00bb.<\/p>\n<p>Llaryora tambi\u00e9n adelant\u00f3 que va a ser el primer gobernador en el mundo que va a implementar la obligatoriedad del \u00abtest antinarc\u00f3tico para todos los funcionarios de gobierno\u00bb, incluido los polic\u00edas y magistrados para \u00abevitar la relaci\u00f3n del narco con los que tienen responsabilidades\u00bb p\u00fablicas.<\/p>\n<p>Anunci\u00f3 adem\u00e1s que solicitar\u00e1 al Gobierno nacional la participaci\u00f3n del Ej\u00e9rcito Argentino para que ayude en el combate al narcotr\u00e1fico: \u00abhay que dejar de lado las ideolog\u00edas: Quiero que los narcos est\u00e9n presos y no los vecinos tras las rejas porque no pueden salir. No voy a ser mano dura, voy a ser mano justa\u00bb, remarc\u00f3.<\/p>\n<figure class=\"mb-3\"><img loading=\"lazy\" data-src=\"http:\/\/hoycordobaweb.com\/wp-content\/uploads\/2023\/06\/las-fuerzas-politicas-de-cordoba-cerraron-sus-campanas-para-las-elecciones-de-la-provincia-3.jpg\" src=\"https:\/\/www.telam.com.ar\/assets\/img\/not_image.png\" class=\" lazy \" width=\"100%\" height=\"100%\" alt=\"Federico Alesandri y Gabriela Estvez Foto Laura Lescano\"><figcaption> Federico Alesandri y Gabriela Est\u00e9vez \/ Foto: Laura Lescano. <\/figcaption><\/figure>\n<p>En otro tramo de su discurso dijo que va a promover una fuerte reforma educativa en donde el \u00abprincipal valor va a ser el m\u00e9rito\u00bb, y que va a construir 100 escuelas del sistema PROA (Programa Avanzado de Educaci\u00f3n Secundaria) especializado en inform\u00e1tica, tecnolog\u00eda e innovaci\u00f3n vinculadas al sector productivo para la generaci\u00f3n de empleo.<\/p>\n<p>Previamente habl\u00f3 el gobernador Schiaretti para ponderar la gesti\u00f3n de Llaryora al frente del municipio capitalino, y afirmar que \u00abes el mejor gobernador que puede tener C\u00f3rdoba\u00bb, al sostener que va a dar \u00abprevisibilidad, institucionalidad y progreso\u00bb a la provincia.<\/p>\n<p>Por su parte el candidato de \u00abCreo en C\u00f3rdoba Todos\u00bb, af\u00edn al kirchnerismo, tuvo su cierre en el Club Uni\u00f3n El\u00e9ctrica, ubicado en barrio Crisol de la capital local, en donde <strong>el candidato a gobernador Carlos Federico Alesandri (43), quien es intendente de Embalse, en su discurso destac\u00f3 la posibilidad que tiene el espacio para \u00abpoder generar en C\u00f3rdoba la s\u00edntesis pol\u00edtica del Frente de Todos\u00bb.<\/strong><\/p>\n<blockquote class=\"twitter-tweet\" readability=\"5.68\">\n<p lang=\"es\" dir=\"ltr\">Emocionante cierre de campa\u00f1a!<br \/>Un espacio que se para con convicci\u00f3n, coraje y firmeza! Hace 60 d\u00edas esto era impensado. <br \/>Gracias <a href=\"https:\/\/twitter.com\/CFKArgentina?ref_src=twsrc%5Etfw\">@CFKArgentina<\/a> &#8211; Ac\u00e1 estamos compa\u00f1eros y compa\u00f1eras! <a href=\"https:\/\/twitter.com\/hashtag\/CreoEnCordoba?src=hash&amp;ref_src=twsrc%5Etfw\">#CreoEnCordoba<\/a> <a href=\"https:\/\/twitter.com\/hashtag\/CreoEnCordobaDeTodos?src=hash&amp;ref_src=twsrc%5Etfw\">#CreoEnCordobaDeTodos<\/a> <a href=\"https:\/\/t.co\/2zNhX4XmgA\">pic.twitter.com\/2zNhX4XmgA<\/a><\/p>\n<p>\u2014 Federico Alesandri (@falesandri) <a href=\"https:\/\/twitter.com\/falesandri\/status\/1672061093466734592?ref_src=twsrc%5Etfw\">June 23, 2023<\/a><\/p><\/blockquote>\n<p>En ese sentido reivindic\u00f3 a la coalici\u00f3n como un \u00abespacio vital de lucha y de reivindicaci\u00f3n del campo popular en la Provincia de C\u00f3rdoba\u00bb, y a\u00f1adi\u00f3 que m\u00e1s all\u00e1 del resultado del domingo \u00abnosotros ya triunfamos porque hemos generado una herramienta pol\u00edtica que va a defender las causas sociales\u00bb, y que adem\u00e1s va a \u00abtransformar considerablemente la calidad de vida de cada uno de los cordobeses y cordobesas\u00bb.<\/p>\n<p>En tanto la candidata a vicegobernadora de ese sector, la diputada nacional (Frente de Todos) Gabriela Est\u00e9vez (45), manifest\u00f3 que el sector que representa \u00abes la alternativa al modelo de la Fundaci\u00f3n Mediterr\u00e1nea que representan Juez y Llaryora\u00bb.<\/p>\n<p>Agreg\u00f3 que la Provincia de C\u00f3rdoba es una de las que m\u00e1s riqueza produce y, sin embargo, \u00abes una de las que m\u00e1s pobreza tiene. Queremos transformar este modelo, queremos industrializar la producci\u00f3n primaria para crear empleo de calidad en todo el territorio provincial\u00bb, consider\u00f3.<\/p>\n<p>Por otra parte el senador nacional Luis Juez (59), de Juntos por el Cambio-JxC, cerr\u00f3 su campa\u00f1a electoral en el predio del Espacio Quality, en la zona sur capitalina, y afirm\u00f3 que con las elecciones del domingo \u00abla historia cambia si somos capaces de cambiar\u00bb y en ese sentido convoc\u00f3 a \u00abreventar las urnas con votos\u00bb.<\/p>\n<figure class=\"mb-3\"><img loading=\"lazy\" data-src=\"http:\/\/hoycordobaweb.com\/wp-content\/uploads\/2023\/06\/las-fuerzas-politicas-de-cordoba-cerraron-sus-campanas-para-las-elecciones-de-la-provincia-4.jpg\" src=\"https:\/\/www.telam.com.ar\/assets\/img\/not_image.png\" class=\" lazy \" width=\"100%\" height=\"100%\" alt=\"Foto Laura Lescano\"><figcaption> Foto: Laura Lescano. <\/figcaption><\/figure>\n<p>Acompa\u00f1ado por su candidato a vice, el diputado nacional, presidente del radicalismo provincial e intendente en uso de licencia de la localidad de General Cabrera, Marcos Carasso (63), dio instrucciones a los fiscales de su sector para que \u00abnadie se levante de la mesa sin el acta del escrutinio\u00bb para evitar fraudes.<\/p>\n<p>\u00abA los docentes vamos a darle dignidad porque necesitamos educar a este pueblo, voy a ser el gobernador, para devolver salud, educaci\u00f3n y la seguridad que le robaron a los cordobeses\u00bb, afirm\u00f3 Juez.<\/p>\n<p>Tambi\u00e9n reiter\u00f3, como lo viene haciendo, que en caso de acceder a la gobernaci\u00f3n va a ser el propio ministro de Seguridad para \u00abenfrentar y combatir al narcotr\u00e1fico\u00bb y darle \u00abseguridad a los vecinos\u00bb.<\/p>\n<p>En el acto no hubo referentes nacionales, si enviaron videos de adhesi\u00f3n de la precandidata presidencial Patricia Bullrich y del ex presidente Mauricio Macri.<\/p>\n<figure class=\"mb-3\"><img loading=\"lazy\" data-src=\"http:\/\/hoycordobaweb.com\/wp-content\/uploads\/2023\/06\/las-fuerzas-politicas-de-cordoba-cerraron-sus-campanas-para-las-elecciones-de-la-provincia-5.jpg\" src=\"https:\/\/www.telam.com.ar\/assets\/img\/not_image.png\" class=\" lazy \" width=\"100%\" height=\"100%\" alt=\"Luis Juez y Marcos Carraso Foto Laura Lescano\"><figcaption> Luis Juez y Marcos Carraso \/ Foto: Laura Lescano. <\/figcaption><\/figure>\n<p>Las restantes ocho listas, tambi\u00e9n realizaron cierres de campa\u00f1as con distintas modalidades, como el caso de \u00abEncuentro Vecinal C\u00f3rdoba\u00bb que postula al binomio Aurelio Garc\u00eda Elorrio (presidente de ese sector)-Mar\u00eda Rosa Marcone (legisladora provincial).<\/p>\n<p>El \u00abFrente de Izquierda y de Trabajadores &#8211; Unidad\u00bb, consensu\u00f3 la f\u00f3rmula Liliana Olivero-Soledad D\u00edaz; \u00abFrente Liberal Dem\u00f3crata Desarrollista\u00bb con la f\u00f3rmula Guido Eiben-Gabriel Bornoroni; \u00abLibertad Avanza\u00bb, con Agust\u00edn Spaccesi-Mar\u00eda Cristina Lagger; el \u00abMovimiento al Socialismo\u00bb con el binomio Julia Di Santi-Miguel D\u00edaz.<\/p>\n<p>El \u00abPartido Humanista\u00bb impulsa a Fernando Sch\u00fcle-Griselda Osorio; el partido \u00abPopular\u00bb nomin\u00f3 a Patricia Sarmiento-Roberto Zarantonello; en tanto \u00abUni\u00f3n Popular Federal\u00bb est\u00e1 encabezado por la dupla Mario Peral-Romina Arias.<\/p>\n<figure class=\"mb-3\"><img loading=\"lazy\" data-src=\"http:\/\/hoycordobaweb.com\/wp-content\/uploads\/2023\/06\/las-fuerzas-politicas-de-cordoba-cerraron-sus-campanas-para-las-elecciones-de-la-provincia-6.jpg\" src=\"https:\/\/www.telam.com.ar\/assets\/img\/not_image.png\" class=\" lazy \" width=\"100%\" height=\"100%\" alt=\"Foto Laura Lescano\"><figcaption> Foto: Laura Lescano. <\/figcaption><\/figure>\n<p>El domingo, en simult\u00e1neo con la provincial, tambi\u00e9n hay elecciones para renovar autoridades en 227 municipios y comunas del total de 427 que conforman la geograf\u00eda provincial.<\/p>\n<p>Entre ellas se har\u00e1n comicios en Estaci\u00f3n Ju\u00e1rez Celman, Mendiolaza, R\u00edo Ceballos, Cruz del Eje, Villa Carlos Paz, R\u00edo Primero, Oncativo, R\u00edo segundo, Mina Clavero, Cura Brochero, Arroyito, Miramar y San Francisco.<\/p>\n<p>Tanto en las elecciones provinciales como en las municipales y comunales del domingo se utilizar\u00e1 la Boleta \u00danica de Sufragio (BUS) que est\u00e1 vigente desde 2011 en la provincia de C\u00f3rdoba, un sistema de voto que consiste en un solo papel que contiene toda la oferta de candidatos; la preferencia del elector se tilda con una lapicera las categor\u00edas de manera individual o lista completa. <\/p>\n","protected":false},"excerpt":{"rendered":"<p>Foto: Laura Lescano. Las principales representaciones pol\u00edticas de C\u00f3rdoba este jueves por la noche, en la capital local, realizaron el cierre de campa\u00f1a con vistas a las elecciones provinciales del pr\u00f3ximo domingo en C\u00f3rdoba, para elegir gobernador y vice, 70 legisladores locales y tres miembros para el Tribunal de Cuentas, en comicios que contar\u00e1n con [&hellip;]<\/p>\n","protected":false},"author":1,"featured_media":62129,"comment_status":"open","ping_status":"closed","sticky":false,"template":"","format":"standard","meta":[],"categories":[19],"tags":[],"_links":{"self":[{"href":"http:\/\/hoycordobaweb.com\/index.php\/wp-json\/wp\/v2\/posts\/62128"}],"collection":[{"href":"http:\/\/hoycordobaweb.com\/index.php\/wp-json\/wp\/v2\/posts"}],"about":[{"href":"http:\/\/hoycordobaweb.com\/index.php\/wp-json\/wp\/v2\/types\/post"}],"author":[{"embeddable":true,"href":"http:\/\/hoycordobaweb.com\/index.php\/wp-json\/wp\/v2\/users\/1"}],"replies":[{"embeddable":true,"href":"http:\/\/hoycordobaweb.com\/index.php\/wp-json\/wp\/v2\/comments?post=62128"}],"version-history":[{"count":0,"href":"http:\/\/hoycordobaweb.com\/index.php\/wp-json\/wp\/v2\/posts\/62128\/revisions"}],"wp:featuredmedia":[{"embeddable":true,"href":"http:\/\/hoycordobaweb.com\/index.php\/wp-json\/wp\/v2\/media\/62129"}],"wp:attachment":[{"href":"http:\/\/hoycordobaweb.com\/index.php\/wp-json\/wp\/v2\/media?parent=62128"}],"wp:term":[{"taxonomy":"category","embeddable":true,"href":"http:\/\/hoycordobaweb.com\/index.php\/wp-json\/wp\/v2\/categories?post=62128"},{"taxonomy":"post_tag","embeddable":true,"href":"http:\/\/hoycordobaweb.com\/index.php\/wp-json\/wp\/v2\/tags?post=62128"}],"curies":[{"name":"wp","href":"https:\/\/api.w.org\/{rel}","templated":true}]}}