{"id":62061,"date":"2023-06-21T13:35:04","date_gmt":"2023-06-21T13:35:04","guid":{"rendered":"https:\/\/www.mujerhoy.com\/moda\/no-te-pierdas\/mono-flores-favorecedor-favorito-francesas-influencers-20230621153503-nt.html"},"modified":"2023-06-21T13:35:04","modified_gmt":"2023-06-21T13:35:04","slug":"el-mono-de-flores-mas-bonito-y-favorecedor-que-enamora-a-las-francesas-y-espanolas","status":"publish","type":"post","link":"http:\/\/hoycordobaweb.com\/index.php\/2023\/06\/21\/el-mono-de-flores-mas-bonito-y-favorecedor-que-enamora-a-las-francesas-y-espanolas\/","title":{"rendered":"El mono de flores m\u00e1s bonito y favorecedor que enamora a las francesas y espa\u00f1olas"},"content":{"rendered":"<p><!-- AUTHOR --><\/p>\n<div class=\"voc-author-timesocial \"><!-- AUTHOR --><\/p>\n<div class=\"voc-author-timesocial__signature\"><!-- IMAGE AUTHOR --><picture class=\"voc-image-signature\"><img class=\"voc-image-signature__img\" src=\"http:\/\/hoycordobaweb.com\/wp-content\/uploads\/2023\/06\/el-mono-de-flores-mas-bonito-y-favorecedor-que-enamora-a-las-francesas-y-espanolas.jpg\" alt=\"Elena Olivero\"><\/picture><!-- INFO AUTHOR --><\/div>\n<\/div>\n<p><!-- COMPONENTS --><\/p>\n<p class=\"voc-paragraph\">Las crisis de vestuario son algo recurrente a estas alturas del a\u00f1o. Estamos agotadas, con las vacaciones a la vuelta de la esquina y lo \u00fanico que queremos es encontrar soluciones r\u00e1pidas para <strong>vestir a diario<\/strong>. As\u00ed se explica que los <a data-voc-vtm-id=\"in-text-traffic\" href=\"https:\/\/www.mujerhoy.com\/moda\/no-te-pierdas\/mejores-vestidos-massimo-dutti-verano-buen-tiempo-20230609135524-nt.html\">vestidos<\/a> sean la prenda protagonista de la temporada, en cualquiera de sus versiones, sea crochet, color blanco, con dise\u00f1o maxi, estampados, etc.\n<\/p>\n<p class=\"voc-paragraph\">Pero, si estas cansada de llevar siempre lo mismo y buscas otra alternativa igual de favorecedora e incluso m\u00e1s pr\u00e1ctica y c\u00f3moda, las influencers tienen la soluci\u00f3n. Todo lo que necesitas para tus <a data-voc-vtm-id=\"in-text-traffic\" href=\"https:\/\/www.mujerhoy.com\/moda\/no-te-pierdas\/conjuntos-veraniegos-blusa-falda-fresquitos-comodos-virales-zara-hym-20230512141026-nt.html\">looks veraniegos<\/a> es un <strong>mono estampado<\/strong> fresquito, confortable y de lo m\u00e1s bonito como el favorito de las francesas e it girls de Instagram, que se ha hecho viral.\n<\/p>\n<p class=\"voc-paragraph\"><strong>Los monos son tendencia este verano 2023<\/strong>. Por eso, vemos tantas versiones y la que prevalece por encima de todas es la <a data-voc-vtm-id=\"in-text-traffic\" href=\"https:\/\/www.mujerhoy.com\/moda\/no-te-pierdas\/monos-vaqueros-ponibles-tendencia-total-denim-superventas-zara-20230520132610-nt.html\">tejido denim<\/a>. Pero los cargo, los <a data-voc-vtm-id=\"in-text-traffic\" href=\"https:\/\/www.mujerhoy.com\/moda\/no-te-pierdas\/lidl-nueva-coleccion-monos-lino-verano-esmara-20230605150651-nt.html\">de lino<\/a> y en general todos los modelos de mono que sean fresquitos est\u00e1n a la moda. Incluso m\u00e1s arreglados con escote palabra de honor para eventos.\n<\/p>\n<p class=\"voc-paragraph\">O, totalmente casual para llevar a la playa. Hay de todo para todos los gustos. Esta corriente nos viene de perlas para <strong>solucionar los looks<\/strong> en segundos porque no tenemos que decidirnos entre combinaciones de partes de arriba y abajo. Encima, nos permiten ir la mar de c\u00f3modas y sea con sandalias o <a data-voc-vtm-id=\"in-text-traffic\" href=\"https:\/\/www.mujerhoy.com\/moda\/no-te-pierdas\/alpargatas-tendencia-madein-spain-influencers-como-llevarlas-20230616134347-nt.html\">alpargatas<\/a>, el look queda fenomenal.\n<\/p>\n<div class=\"voc-detail-photo-zoom\"><picture data-toggle=\"modal\" data-target=\"#photoZoomModal-85\" target=\"modal\">\n<div class=\"voc-img-icon-link\"><img loading=\"lazy\" data-original=\"\/\/static2.mujerhoy.com\/www\/multimedia\/202306\/19\/media\/cortadas\/mono-flores-1-rojo-kjRH--460x637@MujerHoy.jpg\" class=\"lazy\" alt=\"Mono de flores rojo\"><noscript><img src=\"http:\/\/hoycordobaweb.com\/wp-content\/uploads\/2023\/06\/el-mono-de-flores-mas-bonito-y-favorecedor-que-enamora-a-las-francesas-y-espanolas-1.jpg\" alt=\"Mono de flores rojo\"><\/noscript><i class=\"voc-icons zoom voc-multimedia-box voc-ico-l\"><\/i><\/div><figcaption class=\"figure-caption\">Mono de flores rojo<\/figcaption><\/picture><\/div>\n<div id=\"photoZoomModal-85\" class=\"voc-lightbox modal fade voc-lightbox--photo-zoom\" role=\"dialog\" data-voc-photozoom-lightbox>\n<div class=\"voc-lightbox__dialog\" role=\"document\">\n<div class=\"voc-lightbox__content\"><!-- Modal header --><!-- Modal content --><\/p>\n<div class=\"voc-lightbox__photo-container\"><picture class><img loading=\"lazy\" data-original=\"\/\/static2.mujerhoy.com\/www\/multimedia\/202306\/19\/media\/cortadas\/mono-flores-1-rojo-kjRH--460x637@MujerHoy.jpg\" alt=\"Mono de flores rojo\" class=\"lazy\"><noscript><img src=\"http:\/\/hoycordobaweb.com\/wp-content\/uploads\/2023\/06\/el-mono-de-flores-mas-bonito-y-favorecedor-que-enamora-a-las-francesas-y-espanolas-1.jpg\" alt=\"Mono de flores rojo\"><\/noscript><\/picture><\/div>\n<\/div>\n<\/div>\n<\/div>\n<p class=\"voc-paragraph\">Aunque, si de verdad quieras sacarte partido a la hora de llevar un mono, los dise\u00f1os con estampado colorido son los que mejor sientan. Dan un toque alegre al modelito, rejuvenecen y hasta pueden <strong>hacer tipazo<\/strong>, dependiendo del print y de corte del dise\u00f1o. Por mucho que te parezcan menos ponibles que unos lisos en tonos neutros, nada m\u00e1s all\u00e1 de la realidad.\n<\/p>\n<p class=\"voc-paragraph\">De hecho, las francesas que son amantes de los b\u00e1sicos no pueden resistirse a un bonito <strong>mono con estampado floral<\/strong> que realce su feminidad y las haga ver m\u00e1s coquetas. Por eso, se han decidido por una propuesta preciosa con la que enamorar\u00e1s all\u00e1 donde vayas y har\u00e1s que todo el mundo te pregunte de d\u00f3nde es.\n<\/p>\n<div class=\"voc-detail-photo-zoom\"><picture data-toggle=\"modal\" data-target=\"#photoZoomModal-490\" target=\"modal\">\n<div class=\"voc-img-icon-link\"><img loading=\"lazy\" data-original=\"\/\/static.mujerhoy.com\/www\/multimedia\/202306\/19\/media\/cortadas\/mono-flores-2-azul-kjRH--460x637@MujerHoy.jpg\" class=\"lazy\" alt=\"Mono asim\u00e9trico con estampado floral y volantes en azul\"><noscript><img src=\"http:\/\/hoycordobaweb.com\/wp-content\/uploads\/2023\/06\/el-mono-de-flores-mas-bonito-y-favorecedor-que-enamora-a-las-francesas-y-espanolas-2.jpg\" alt=\"Mono asim\u00e9trico con estampado floral y volantes en azul\"><\/noscript><i class=\"voc-icons zoom voc-multimedia-box voc-ico-l\"><\/i><\/div><figcaption class=\"figure-caption\">Mono asim\u00e9trico con estampado floral y volantes en azul<\/figcaption><\/picture><\/div>\n<div id=\"photoZoomModal-490\" class=\"voc-lightbox modal fade voc-lightbox--photo-zoom\" role=\"dialog\" data-voc-photozoom-lightbox>\n<div class=\"voc-lightbox__dialog\" role=\"document\">\n<div class=\"voc-lightbox__content\"><!-- Modal header --><!-- Modal content --><\/p>\n<div class=\"voc-lightbox__photo-container\"><picture class><img loading=\"lazy\" data-original=\"\/\/static.mujerhoy.com\/www\/multimedia\/202306\/19\/media\/cortadas\/mono-flores-2-azul-kjRH--460x637@MujerHoy.jpg\" alt=\"Mono asim\u00e9trico con estampado floral y volantes en azul\" class=\"lazy\"><noscript><img src=\"http:\/\/hoycordobaweb.com\/wp-content\/uploads\/2023\/06\/el-mono-de-flores-mas-bonito-y-favorecedor-que-enamora-a-las-francesas-y-espanolas-2.jpg\" alt=\"Mono asim\u00e9trico con estampado floral y volantes en azul\"><\/noscript><\/picture><\/div>\n<\/div>\n<\/div>\n<\/div>\n<p class=\"voc-paragraph\">Nos referimos a este mono largo en tejido de algod\u00f3n con floral print, made in Paris, de Antik Batik. El <strong>escote es asim\u00e9trico<\/strong> con un tirante ancho y hombro al descubierto. Est\u00e1 decorado con detalle de volante. La cintura es el\u00e1stica y ajustable mediante cordones para marcar m\u00e1s la cintura. Adem\u00e1s, cuenta con perneras extra anchas, estilo bombachas, recogidas al tobillo con lazada.\n<\/p>\n<p class=\"voc-paragraph\">Es sin duda una de las prendas m\u00e1s favorecedoras que podr\u00e1s encontrar para vestir este verano sin ning\u00fan problema y el look comod\u00edn que no parar\u00e1s de ponerte. Lo mejor es que est\u00e1 <strong>disponible en tres colores diferentes<\/strong> para escoger el que mejor te siente o con el m\u00e1s guapa te veas a contraste con tu bronceado. Lo encontrar\u00e1s en rojo, naranja o azul.\n<\/p>\n<div class=\"voc-detail-photo-zoom\"><picture data-toggle=\"modal\" data-target=\"#photoZoomModal-196\" target=\"modal\">\n<div class=\"voc-img-icon-link\"><img loading=\"lazy\" data-original=\"\/\/static1.mujerhoy.com\/www\/multimedia\/202306\/19\/media\/cortadas\/mono-flores-3-narnaja-kjRH--460x637@MujerHoy.jpg\" class=\"lazy\" alt=\"Mono floral print naranja\"><noscript><img src=\"http:\/\/hoycordobaweb.com\/wp-content\/uploads\/2023\/06\/el-mono-de-flores-mas-bonito-y-favorecedor-que-enamora-a-las-francesas-y-espanolas-3.jpg\" alt=\"Mono floral print naranja\"><\/noscript><i class=\"voc-icons zoom voc-multimedia-box voc-ico-l\"><\/i><\/div><figcaption class=\"figure-caption\">Mono floral print naranja<\/figcaption><\/picture><\/div>\n<div id=\"photoZoomModal-196\" class=\"voc-lightbox modal fade voc-lightbox--photo-zoom\" role=\"dialog\" data-voc-photozoom-lightbox>\n<div class=\"voc-lightbox__dialog\" role=\"document\">\n<div class=\"voc-lightbox__content\"><!-- Modal header --><!-- Modal content --><\/p>\n<div class=\"voc-lightbox__photo-container\"><picture class><img loading=\"lazy\" data-original=\"\/\/static1.mujerhoy.com\/www\/multimedia\/202306\/19\/media\/cortadas\/mono-flores-3-narnaja-kjRH--460x637@MujerHoy.jpg\" alt=\"Mono floral print naranja\" class=\"lazy\"><noscript><img src=\"http:\/\/hoycordobaweb.com\/wp-content\/uploads\/2023\/06\/el-mono-de-flores-mas-bonito-y-favorecedor-que-enamora-a-las-francesas-y-espanolas-3.jpg\" alt=\"Mono floral print naranja\"><\/noscript><\/picture><\/div>\n<\/div>\n<\/div>\n<\/div>\n<p class=\"voc-paragraph\">Mientras, el rango de tallas que puedes comprar en la web va de la XS a la L, pero ten en cuenta que al ser un modelo holgado, puede adaptarse sin problemas a muchos tipos de cuerpo. Su precio es de <strong>180 euros<\/strong>, pero la calidad es inmejorable, es una de las prendas que m\u00e1s obsesiona a Instagram y lo amortizar\u00e1s con lo ponible que es.\n<\/p>\n<p><!-- TOPICS --><\/p>\n","protected":false},"excerpt":{"rendered":"<p>Las crisis de vestuario son algo recurrente a estas alturas del a\u00f1o. Estamos agotadas, con las vacaciones a la vuelta de la esquina y lo \u00fanico que queremos es encontrar soluciones r\u00e1pidas para vestir a diario. As\u00ed se explica que los vestidos sean la prenda protagonista de la temporada, en cualquiera de sus versiones, sea [&hellip;]<\/p>\n","protected":false},"author":1,"featured_media":62062,"comment_status":"closed","ping_status":"closed","sticky":false,"template":"","format":"standard","meta":[],"categories":[1],"tags":[],"_links":{"self":[{"href":"http:\/\/hoycordobaweb.com\/index.php\/wp-json\/wp\/v2\/posts\/62061"}],"collection":[{"href":"http:\/\/hoycordobaweb.com\/index.php\/wp-json\/wp\/v2\/posts"}],"about":[{"href":"http:\/\/hoycordobaweb.com\/index.php\/wp-json\/wp\/v2\/types\/post"}],"author":[{"embeddable":true,"href":"http:\/\/hoycordobaweb.com\/index.php\/wp-json\/wp\/v2\/users\/1"}],"replies":[{"embeddable":true,"href":"http:\/\/hoycordobaweb.com\/index.php\/wp-json\/wp\/v2\/comments?post=62061"}],"version-history":[{"count":0,"href":"http:\/\/hoycordobaweb.com\/index.php\/wp-json\/wp\/v2\/posts\/62061\/revisions"}],"wp:featuredmedia":[{"embeddable":true,"href":"http:\/\/hoycordobaweb.com\/index.php\/wp-json\/wp\/v2\/media\/62062"}],"wp:attachment":[{"href":"http:\/\/hoycordobaweb.com\/index.php\/wp-json\/wp\/v2\/media?parent=62061"}],"wp:term":[{"taxonomy":"category","embeddable":true,"href":"http:\/\/hoycordobaweb.com\/index.php\/wp-json\/wp\/v2\/categories?post=62061"},{"taxonomy":"post_tag","embeddable":true,"href":"http:\/\/hoycordobaweb.com\/index.php\/wp-json\/wp\/v2\/tags?post=62061"}],"curies":[{"name":"wp","href":"https:\/\/api.w.org\/{rel}","templated":true}]}}