{"id":62041,"date":"2023-06-21T22:30:47","date_gmt":"2023-06-21T22:30:47","guid":{"rendered":"https:\/\/ladecimaweb.com\/?p=17116"},"modified":"2023-06-21T22:30:47","modified_gmt":"2023-06-21T22:30:47","slug":"obras-de-mejora-en-el-jardin-municipal-arco-iris-a-traves-del-programa-vida","status":"publish","type":"post","link":"http:\/\/hoycordobaweb.com\/index.php\/2023\/06\/21\/obras-de-mejora-en-el-jardin-municipal-arco-iris-a-traves-del-programa-vida\/","title":{"rendered":"Obras de mejora en el Jard\u00edn Municipal Arco Iris a trav\u00e9s del \u201cPrograma Vida\u201d"},"content":{"rendered":"<div class=\"boldgrid-section\">\n<div class=\"container\">\n<div class=\"row\">\n<div class=\"col-md-12 col-xs-12 col-sm-12\">\n<p>La Municipalidad de C\u00f3rdoba realiz\u00f3 una nueva jornada del \u201cPrograma Vida\u201d en el Jard\u00edn Municipal Arco Iris, de barrio Villa El Libertador. De este modo, es la und\u00e9cima jornada que se lleva a cabo en el marco de esta iniciativa.<\/p>\n<p class=\"\">Esta propuesta tiene como finalidad reunir a los vecinos de la comunidad educativa para mejorar el edificio escolar, fortalecer los v\u00ednculos y disfrutar de una jornada con actividades recreativas.<\/p>\n<p>En esta oportunidad, la jornada cont\u00f3 con la participaci\u00f3n de las Secretar\u00edas de Educaci\u00f3n y la Secretar\u00eda de Gesti\u00f3n y Sostenibilidad Ambiental del municipio, COyS y la Secretar\u00eda de Ambiente de la Provincia de C\u00f3rdoba.<\/p>\n<p>En cuanto a las acciones espec\u00edficas del Programa Vida, en el Jard\u00edn Arco Iris se llevaron a cabo reparaciones edilicias, murales, trabajos de jardiner\u00eda, reparaci\u00f3n de juegos, colocaci\u00f3n de bancos y mesas, y jornada de forestaci\u00f3n en sinton\u00eda con la semana de actividades dedicadas al ambiente.<\/p>\n<p>El secretario de Educaci\u00f3n, Horacio Ferreyra, expres\u00f3 al respecto:<span>&nbsp;<\/span><em>\u201cEl Programa Vida apunta a generar acciones de puesta en valor, recuperaci\u00f3n y refuncionalizaci\u00f3n de los espacios escolares, fomentando nuevos aprendizajes y consolidando la convivencia en las instituciones educativas\u201d.<\/em><\/p>\n<p class=\"\">\u201cEsperamos seguir reproduciendo estas pr\u00e1cticas con el deseo de que las comunidades escolares se apropien y potencien este tipo de emprendimientos \u201d, destac\u00f3 la subsecretaria de Coordinaci\u00f3n Educativa, Mar\u00eda Jos\u00e9 Viola.<\/p>\n<p class=\"\">&nbsp;<\/p>\n<div class=\"ubm_banner\"><a href=\"http:\/\/www.cba.gov.ar\/prevencion-incendios\" target=\"_blank\" rel=\"dofollow noopener noreferrer\"><img src=\"http:\/\/hoycordobaweb.com\/wp-content\/uploads\/2023\/06\/obras-de-mejora-en-el-jardin-municipal-arco-iris-a-traves-del-programa-vida.gif\" alt=\"\"><\/a><\/div>\n<\/div>\n<\/div>\n<\/div>\n<\/div>\n<p>La entrada <a rel=\"nofollow\" href=\"https:\/\/ladecimaweb.com\/obras-de-mejora-en-el-jardin-municipal-arco-iris-a-traves-del-programa-vida\/\">Obras de mejora en el Jard\u00edn Municipal Arco Iris a trav\u00e9s del \u201cPrograma Vida\u201d<\/a> se public\u00f3 primero en <a rel=\"nofollow\" href=\"https:\/\/ladecimaweb.com\">LaDecima<\/a>.<\/p>\n","protected":false},"excerpt":{"rendered":"<p>La Municipalidad de C\u00f3rdoba realiz\u00f3 una nueva jornada del \u201cPrograma Vida\u201d en el Jard\u00edn Municipal Arco Iris, de barrio Villa El Libertador. De este modo, es la und\u00e9cima jornada que se lleva a cabo en el marco de esta iniciativa. Esta propuesta tiene como finalidad reunir a los vecinos de la comunidad educativa para mejorar [&hellip;]<\/p>\n","protected":false},"author":1,"featured_media":62042,"comment_status":"closed","ping_status":"closed","sticky":false,"template":"","format":"standard","meta":[],"categories":[19],"tags":[],"_links":{"self":[{"href":"http:\/\/hoycordobaweb.com\/index.php\/wp-json\/wp\/v2\/posts\/62041"}],"collection":[{"href":"http:\/\/hoycordobaweb.com\/index.php\/wp-json\/wp\/v2\/posts"}],"about":[{"href":"http:\/\/hoycordobaweb.com\/index.php\/wp-json\/wp\/v2\/types\/post"}],"author":[{"embeddable":true,"href":"http:\/\/hoycordobaweb.com\/index.php\/wp-json\/wp\/v2\/users\/1"}],"replies":[{"embeddable":true,"href":"http:\/\/hoycordobaweb.com\/index.php\/wp-json\/wp\/v2\/comments?post=62041"}],"version-history":[{"count":0,"href":"http:\/\/hoycordobaweb.com\/index.php\/wp-json\/wp\/v2\/posts\/62041\/revisions"}],"wp:featuredmedia":[{"embeddable":true,"href":"http:\/\/hoycordobaweb.com\/index.php\/wp-json\/wp\/v2\/media\/62042"}],"wp:attachment":[{"href":"http:\/\/hoycordobaweb.com\/index.php\/wp-json\/wp\/v2\/media?parent=62041"}],"wp:term":[{"taxonomy":"category","embeddable":true,"href":"http:\/\/hoycordobaweb.com\/index.php\/wp-json\/wp\/v2\/categories?post=62041"},{"taxonomy":"post_tag","embeddable":true,"href":"http:\/\/hoycordobaweb.com\/index.php\/wp-json\/wp\/v2\/tags?post=62041"}],"curies":[{"name":"wp","href":"https:\/\/api.w.org\/{rel}","templated":true}]}}