{"id":61991,"date":"2023-06-20T18:29:41","date_gmt":"2023-06-20T18:29:41","guid":{"rendered":"https:\/\/ladecimaweb.com\/?p=17077"},"modified":"2023-06-20T18:29:41","modified_gmt":"2023-06-20T18:29:41","slug":"en-campana-sin-bullrich-juez-y-de-loredo-estuvieron-en-santa-isabel-i","status":"publish","type":"post","link":"http:\/\/hoycordobaweb.com\/index.php\/2023\/06\/20\/en-campana-sin-bullrich-juez-y-de-loredo-estuvieron-en-santa-isabel-i\/","title":{"rendered":"En campa\u00f1a: Sin Bullrich, Juez y De Loredo estuvieron en Santa Isabel I"},"content":{"rendered":"<div class=\"boldgrid-section\">\n<div class=\"container\">\n<div class=\"row\">\n<div class=\"col-md-12 col-xs-12 col-sm-12\">\n<p class=\"\">El candidato a gobernador Luis Juez y el candidato a intendente Rodrigo de Loredo, ambos de Juntos por el Cambio, estuvieron esta tarde en barrio Santa Isabel Primera Secci\u00f3n, en el marco de la campa\u00f1a electoral para la elecci\u00f3n del 25 de junio.<\/p>\n<p class=\"\">Estaba previsto que ambos ser\u00edan acompa\u00f1ados por la precandidata presidencial de Juntos, Patricia Bulrrich, pero no pudo volar a C\u00f3rdoba por la niebla. De todos modos, en un mensaje le envi\u00f3 fuerzas a ambos para producir el cambio en la Provincia este domingo.<\/p>\n<blockquote class=\"twitter-tweet\" data-width=\"550\" data-dnt=\"true\">\n<p lang=\"es\" dir=\"ltr\">\u00a1Gracias <a href=\"https:\/\/twitter.com\/PatoBullrich?ref_src=twsrc%5Etfw\">@PatoBullrich<\/a> ! A pesar de que no hayas podido llegar sabemos que est\u00e1s siempre con nosotros <img src=\"http:\/\/hoycordobaweb.com\/wp-content\/uploads\/2023\/06\/en-campana-sin-bullrich-juez-y-de-loredo-estuvieron-en-santa-isabel-i.png\" alt=\"\ud83d\udcaa\ud83c\udffd\" class=\"wp-smiley\" style=\"height: 1em; max-height: 1em;\" \/> <a href=\"https:\/\/t.co\/F5sbrQkwnV\">pic.twitter.com\/F5sbrQkwnV<\/a><\/p>\n<p>&mdash; Luis Juez (@ljuez) <a href=\"https:\/\/twitter.com\/ljuez\/status\/1671219634815500299?ref_src=twsrc%5Etfw\">June 20, 2023<\/a><\/p>\n<\/blockquote>\n<p><script async src=\"https:\/\/platform.twitter.com\/widgets.js\" charset=\"utf-8\"><\/script><\/p>\n<p class=\"\">El acto de Juez y De Loredo fue acompa\u00f1ado por un centenar de vecinos de barrios de la zona sur, que llegaron a la Plaza Malvinas Argentinas portando banderas argentinas e insignias partidarias.&nbsp;<\/p>\n<p class=\"\"><img loading=\"lazy\" class=\"alignnone wp-image-17083\" src=\"http:\/\/hoycordobaweb.com\/wp-content\/uploads\/2023\/06\/en-campana-sin-bullrich-juez-y-de-loredo-estuvieron-en-santa-isabel-i.jpg\" alt=\"\" width=\"736\" height=\"414\" srcset=\"http:\/\/hoycordobaweb.com\/wp-content\/uploads\/2023\/06\/en-campana-sin-bullrich-juez-y-de-loredo-estuvieron-en-santa-isabel-i.jpg 1600w, http:\/\/hoycordobaweb.com\/wp-content\/uploads\/2023\/06\/en-campana-sin-bullrich-juez-y-de-loredo-estuvieron-en-santa-isabel-i-3.jpg 789w, http:\/\/hoycordobaweb.com\/wp-content\/uploads\/2023\/06\/en-campana-sin-bullrich-juez-y-de-loredo-estuvieron-en-santa-isabel-i-4.jpg 768w, http:\/\/hoycordobaweb.com\/wp-content\/uploads\/2023\/06\/en-campana-sin-bullrich-juez-y-de-loredo-estuvieron-en-santa-isabel-i-5.jpg 1536w\" sizes=\"(max-width: 736px) 100vw, 736px\" \/><\/p>\n<p class=\"\">El primero en tomar la palabra fue De Loredo quien, en clave de chicana electoral, dijo que lo que le impidi\u00f3 volar a Bullrich no fue niebla, &#8220;fue humo, el humo que dejan estos muchachos que son puro humo gobernando&#8221;, en alusi\u00f3n al peronismo en el poder.&nbsp;<\/p>\n<p class=\"\">Compar\u00f3 que mientras que con Juez &#8220;salimos a los barrios a dar la cara para hablar con los vecinos, estos muchachos gobiernan y se ocultan detr\u00e1s de spots publicitarios&#8221;. Dijo que C\u00f3rdoba &#8220;es un feudo&#8221; como lo son Tucum\u00e1n, Chaco, las provincias en las que el PJ gobierna hace d\u00e9cadas.&nbsp;<\/p>\n<p class=\"\">De Loredo les pidi\u00f3 a los militantes y vecinos a persuadir a los m\u00e1s cercanos para votar el cambio el domingo. &#8220;No les pido veinte, o quince, con que sean diez los que convenzan alcanza&#8221;, les dijo.<\/p>\n<p class=\"\"><img loading=\"lazy\" class=\"alignnone wp-image-17084\" src=\"http:\/\/hoycordobaweb.com\/wp-content\/uploads\/2023\/06\/en-campana-sin-bullrich-juez-y-de-loredo-estuvieron-en-santa-isabel-i-1.jpg\" alt=\"\" width=\"744\" height=\"419\" srcset=\"http:\/\/hoycordobaweb.com\/wp-content\/uploads\/2023\/06\/en-campana-sin-bullrich-juez-y-de-loredo-estuvieron-en-santa-isabel-i-6.jpg 1600w, http:\/\/hoycordobaweb.com\/wp-content\/uploads\/2023\/06\/en-campana-sin-bullrich-juez-y-de-loredo-estuvieron-en-santa-isabel-i-7.jpg 788w, http:\/\/hoycordobaweb.com\/wp-content\/uploads\/2023\/06\/en-campana-sin-bullrich-juez-y-de-loredo-estuvieron-en-santa-isabel-i-8.jpg 768w, http:\/\/hoycordobaweb.com\/wp-content\/uploads\/2023\/06\/en-campana-sin-bullrich-juez-y-de-loredo-estuvieron-en-santa-isabel-i-9.jpg 1536w\" sizes=\"(max-width: 744px) 100vw, 744px\" \/><\/p>\n<p class=\"\">Cuando le pas\u00f3 la posta de la palabra a Juez, De Loredo lo elogi\u00f3 diciendo que es el dirigente m\u00e1s &#8220;perseverante&#8221; que &#8220;hace treinta a\u00f1os&#8221; viene denunciando a la &#8220;casta de C\u00f3rdoba&#8221;, que es el peronismo en el poder.&nbsp;<\/p>\n<p class=\"\">Juez cont\u00f3 que ven\u00eda de Cadena 3 y que en la entrevista le hab\u00edan insistido sobre la posibilidad real de poder cumplir con su promesa de campa\u00f1a de devolverle el 82 por ciento m\u00f3vil a los jubilados.&nbsp;<\/p>\n<p class=\"\">&#8220;Se enojan conmigo y me matan a preguntas porque dije que les voy a devolver el 82 por ciento que les robaron a los jubilados y no le preguntan con la misma vehemencia a los que robaron las jubilaciones&#8221;, dijo Juez.&nbsp;<\/p>\n<p class=\"\"><img loading=\"lazy\" class=\"alignnone wp-image-17082\" src=\"http:\/\/hoycordobaweb.com\/wp-content\/uploads\/2023\/06\/en-campana-sin-bullrich-juez-y-de-loredo-estuvieron-en-santa-isabel-i-2.jpg\" alt=\"\" width=\"687\" height=\"387\" srcset=\"http:\/\/hoycordobaweb.com\/wp-content\/uploads\/2023\/06\/en-campana-sin-bullrich-juez-y-de-loredo-estuvieron-en-santa-isabel-i-10.jpg 1600w, http:\/\/hoycordobaweb.com\/wp-content\/uploads\/2023\/06\/en-campana-sin-bullrich-juez-y-de-loredo-estuvieron-en-santa-isabel-i-11.jpg 788w, http:\/\/hoycordobaweb.com\/wp-content\/uploads\/2023\/06\/en-campana-sin-bullrich-juez-y-de-loredo-estuvieron-en-santa-isabel-i-12.jpg 768w, http:\/\/hoycordobaweb.com\/wp-content\/uploads\/2023\/06\/en-campana-sin-bullrich-juez-y-de-loredo-estuvieron-en-santa-isabel-i-13.jpg 1536w\" sizes=\"(max-width: 687px) 100vw, 687px\" \/><\/p>\n<p class=\"\">El ex intendente y actual senador dijo estar convencido del triunfo porque en las giras por los barrios y el interior descubri\u00f3 &#8220;un amor por las ideas y la camiseta&#8221; inusual. Es la tercera vez que se presenta como candidato a gobernador.&nbsp;<\/p>\n<p class=\"\">Compar\u00f3 que Jos\u00e9 Manuel de la Sota le inspiraba respeto por su tes\u00f3n y &#8220;perseverancia&#8221; para llegar al poder; que Schiaretti &#8220;es un piamont\u00e9s con la lapicera, administrando&#8221;; pero que LLaryora no le inspira respeto porque &#8220;es una oferta electoral de menor valor, no tiene ninguna cualidad&#8221;.&nbsp;<\/p>\n<p class=\"\">Juez afirm\u00f3 que el domingo &#8220;vamos a reventar las urnas&#8221;. &#8220;Ellos (por el peronismo) pensaron que esto era un tr\u00e1mite, pero ahora est\u00e1n viendo que no es tan as\u00ed&#8221;, dijo. Y areng\u00f3 a sus seguidores a estar concentrados y a poner todo en la recta final de campa\u00f1a porque consider\u00f3 que &#8220;esta elecci\u00f3n se define en estas 72 horas&#8221;.&nbsp;<\/p>\n<div class=\"ubm_banner\"><a href=\"http:\/\/www.cba.gov.ar\/prevencion-incendios\" target=\"_blank\" rel=\"dofollow noopener noreferrer\"><img src=\"http:\/\/hoycordobaweb.com\/wp-content\/uploads\/2023\/06\/en-campana-sin-bullrich-juez-y-de-loredo-estuvieron-en-santa-isabel-i.gif\" alt=\"\"><\/a><\/div>\n<\/div>\n<\/div>\n<\/div>\n<\/div>\n<p>La entrada <a rel=\"nofollow\" href=\"https:\/\/ladecimaweb.com\/sin-bullrich-juez-y-de-loredo-estuvieron-en-santa-isabel-i\/\">En campa\u00f1a: Sin Bullrich, Juez y De Loredo estuvieron en Santa Isabel I<\/a> se public\u00f3 primero en <a rel=\"nofollow\" href=\"https:\/\/ladecimaweb.com\">LaDecima<\/a>.<\/p>\n","protected":false},"excerpt":{"rendered":"<p>El candidato a gobernador Luis Juez y el candidato a intendente Rodrigo de Loredo, ambos de Juntos por el Cambio, estuvieron esta tarde en barrio Santa Isabel Primera Secci\u00f3n, en el marco de la campa\u00f1a electoral para la elecci\u00f3n del 25 de junio. Estaba previsto que ambos ser\u00edan acompa\u00f1ados por la precandidata presidencial de Juntos, [&hellip;]<\/p>\n","protected":false},"author":1,"featured_media":61992,"comment_status":"closed","ping_status":"closed","sticky":false,"template":"","format":"standard","meta":[],"categories":[19],"tags":[],"_links":{"self":[{"href":"http:\/\/hoycordobaweb.com\/index.php\/wp-json\/wp\/v2\/posts\/61991"}],"collection":[{"href":"http:\/\/hoycordobaweb.com\/index.php\/wp-json\/wp\/v2\/posts"}],"about":[{"href":"http:\/\/hoycordobaweb.com\/index.php\/wp-json\/wp\/v2\/types\/post"}],"author":[{"embeddable":true,"href":"http:\/\/hoycordobaweb.com\/index.php\/wp-json\/wp\/v2\/users\/1"}],"replies":[{"embeddable":true,"href":"http:\/\/hoycordobaweb.com\/index.php\/wp-json\/wp\/v2\/comments?post=61991"}],"version-history":[{"count":0,"href":"http:\/\/hoycordobaweb.com\/index.php\/wp-json\/wp\/v2\/posts\/61991\/revisions"}],"wp:featuredmedia":[{"embeddable":true,"href":"http:\/\/hoycordobaweb.com\/index.php\/wp-json\/wp\/v2\/media\/61992"}],"wp:attachment":[{"href":"http:\/\/hoycordobaweb.com\/index.php\/wp-json\/wp\/v2\/media?parent=61991"}],"wp:term":[{"taxonomy":"category","embeddable":true,"href":"http:\/\/hoycordobaweb.com\/index.php\/wp-json\/wp\/v2\/categories?post=61991"},{"taxonomy":"post_tag","embeddable":true,"href":"http:\/\/hoycordobaweb.com\/index.php\/wp-json\/wp\/v2\/tags?post=61991"}],"curies":[{"name":"wp","href":"https:\/\/api.w.org\/{rel}","templated":true}]}}