{"id":61941,"date":"2023-06-20T02:28:05","date_gmt":"2023-06-20T02:28:05","guid":{"rendered":"https:\/\/www.ole.com.ar\/seleccion\/seleccion-argentina-indonesia-alejandro-garnacho_0_H27BvG8pqq.html"},"modified":"2023-06-20T02:28:05","modified_gmt":"2023-06-20T02:28:05","slug":"el-hincha-de-indonesia-que-invadio-la-cancha-logro-llevarse-una-foto-con-garnacho-estoy-sin-palabras","status":"publish","type":"post","link":"http:\/\/hoycordobaweb.com\/index.php\/2023\/06\/20\/el-hincha-de-indonesia-que-invadio-la-cancha-logro-llevarse-una-foto-con-garnacho-estoy-sin-palabras\/","title":{"rendered":"El hincha de Indonesia que invadi\u00f3 la cancha logr\u00f3 llevarse una foto con Garnacho: \u00abEstoy sin palabras\u00bb"},"content":{"rendered":"<p><img src=\"http:\/\/hoycordobaweb.com\/wp-content\/uploads\/2023\/06\/el-hincha-de-indonesia-que-invadio-la-cancha-logro-llevarse-una-foto-con-garnacho-estoy-sin-palabras.jpg\"><\/p>\n<p><time class=\"createDate\" datetime=\"2023-06-19T23:28:05-03:00\">19\/06\/2023 23:28hs.<\/time><time class=\"modificatedDate\" datetime=\"2023\/06\/19T23:28:05-03:00\"><\/time><\/p>\n<div id=\"storyBody\">\n<div class=\"custom-text \" readability=\"13\">\n<p>Es que, despu\u00e9s de ser retirado por los oficiales de seguridad que se encontraban en el estadio, el hincha de Indonesia le mostr\u00f3 a las c\u00e1maras de ESPN la selfie que lleg\u00f3 a hacerse con el joven argentino de 18 a\u00f1os. <strong>\u00abEstoy muy emocionado. Soy un gran hincha de Garnacho y finalmente tengo una foto con \u00e9l\u00bb, dijo el fan\u00e1tico.<\/strong><\/p>\n<\/div>\n<div class=\"custom-text \" readability=\"15\">\n<p>Luego, le mostr\u00f3 la selfie a las c\u00e1maras. Y all\u00ed se lo vio, junto a Garnacho, en una foto que guardar\u00e1 para toda su vida.<strong> \u00abS\u00f3lo le dije: &#8216;Garnacho, \u00bfme puedo tomar una foto con vos&#8217; \u00c9l no me respondi\u00f3 nada&#8230; Estoy sin palabras\u00bb,<\/strong> cerr\u00f3 el indonesio, con una visible alegr\u00eda. <\/p>\n<\/div>\n<div class=\"custom-text \" readability=\"16.070739549839\">\n<p>Es tanto su fanatismo por el delantero del <a href=\"https:\/\/www.ole.com.ar\/tema\/manchester-united.html\" title=\"Manchester United\" alt=\"Manchester United\" class=\"slug\">Manchester United<\/a> que el hincha ingres\u00f3 con una camiseta que ten\u00eda, en una mitad, los colores de la Selecci\u00f3n Argentina, y en la otra, los de los Diablos Rojos, junto con, claro, el nombre de Garnacho en su espalda. <strong>Claro est\u00e1 que este lunes no lo olvidar\u00e1 nunca.<\/strong><\/p>\n<\/div>\n<div class=\"sc-e7b891c4-0 jPbnQF\"><img alt=\"La selfie del hincha de Indonesia y Garnacho.\" src=\"http:\/\/hoycordobaweb.com\/wp-content\/uploads\/2023\/06\/el-hincha-de-indonesia-que-invadio-la-cancha-logro-llevarse-una-foto-con-garnacho-estoy-sin-palabras-2.jpg\" width=\"72\" height=\"10\" decoding=\"async\" data-nimg=\"future\" loading=\"lazy\"><span class=\"epigraphe\">La selfie del hincha de Indonesia y Garnacho.<\/span><\/div>\n<p><h2><strong>La victoria de Argentina ante Indonesia<\/strong><\/h2>\n<\/p>\n<div class=\"sc-7ce6049-0 dwIKul\">\n<div class=\"sc-7ce6049-1 bdcBBS videoText\" id=\"contentTitleundefined0ayzSxnW\" readability=\"6\"><svg fill=\"#ffffff\"><symbol id=\"play\" viewBox=\"0 0 512 512\"><path d=\"M512 256C512 397.4 397.4 512 256 512C114.6 512 0 397.4 0 256C0 114.6 114.6 0 256 0C397.4 0 512 114.6 512 256zM176 168V344C176 352.7 180.7 360.7 188.3 364.9C195.8 369.2 205.1 369 212.5 364.5L356.5 276.5C363.6 272.1 368 264.4 368 256C368 247.6 363.6 239.9 356.5 235.5L212.5 147.5C205.1 142.1 195.8 142.8 188.3 147.1C180.7 151.3 176 159.3 176 168V168z\" \/><\/symbol><use xlink:href=\"#play\" \/><\/svg><\/p>\n<div class=\"right\" readability=\"7\">\n<p>Selecci\u00f3n Argentina<!-- --> &#8211;<!-- --> <span>19-6-2023<\/span><\/p>\n<h2 class=\"title-vid\">El resumen del triunfo argentino ante Indonesia por 2 a 0<\/h2>\n<\/div>\n<\/div>\n<p><span class=\"back\" id=\"spanBackundefined0ayzSxnW\"><\/span><\/div>\n<div class=\"sc-a7166897-0 exHLBh\" readability=\"6\">\n<section readability=\"2\"><picture><img alt=\"Rom\u00e1n Vega regresar\u00e1 a Argentinos Juniors luego de su paso por el Barcelona\" src=\"http:\/\/hoycordobaweb.com\/wp-content\/uploads\/2023\/06\/el-hincha-de-indonesia-que-invadio-la-cancha-logro-llevarse-una-foto-con-garnacho-estoy-sin-palabras-3.jpg\" width=\"29\" height=\"29\" decoding=\"async\" data-nimg=\"future\" loading=\"lazy\"><\/picture>\n<p><span>Mir\u00e1 tambi\u00e9n<\/span><\/p>\n<hr>\n<h3>Rom\u00e1n Vega regresar\u00e1 a Argentinos Juniors luego de su paso por el Barcelona<\/h3>\n<\/p>\n<\/section>\n<\/div>\n<div class=\"sc-a7166897-0 exHLBh\" readability=\"6\">\n<section readability=\"2\"><picture><img alt=\"Doping de Flu vs. River: qu\u00e9 dice el reglamento de Conmebol\" src=\"http:\/\/hoycordobaweb.com\/wp-content\/uploads\/2023\/06\/el-hincha-de-indonesia-que-invadio-la-cancha-logro-llevarse-una-foto-con-garnacho-estoy-sin-palabras-4.jpg\" width=\"29\" height=\"29\" decoding=\"async\" data-nimg=\"future\" loading=\"lazy\"><\/picture>\n<p><span>Mir\u00e1 tambi\u00e9n<\/span><\/p>\n<hr>\n<h3>Doping de Flu vs. River: qu\u00e9 dice el reglamento de Conmebol<\/h3>\n<\/p>\n<\/section>\n<\/div>\n<div class=\"sc-a7166897-0 exHLBh\" readability=\"6\">\n<section readability=\"2\"><picture><img alt=\"La Scaloneta y el recambio del campe\u00f3n\" src=\"http:\/\/hoycordobaweb.com\/wp-content\/uploads\/2023\/06\/el-hincha-de-indonesia-que-invadio-la-cancha-logro-llevarse-una-foto-con-garnacho-estoy-sin-palabras-5.jpg\" width=\"29\" height=\"29\" decoding=\"async\" data-nimg=\"future\" loading=\"lazy\"><\/picture>\n<p><span>Mir\u00e1 tambi\u00e9n<\/span><\/p>\n<hr>\n<h3>La Scaloneta y el recambio del campe\u00f3n<\/h3>\n<\/p>\n<\/section>\n<\/div>\n<\/div>\n","protected":false},"excerpt":{"rendered":"<p>19\/06\/2023 23:28hs. Es que, despu\u00e9s de ser retirado por los oficiales de seguridad que se encontraban en el estadio, el hincha de Indonesia le mostr\u00f3 a las c\u00e1maras de ESPN la selfie que lleg\u00f3 a hacerse con el joven argentino de 18 a\u00f1os. \u00abEstoy muy emocionado. Soy un gran hincha de Garnacho y finalmente tengo [&hellip;]<\/p>\n","protected":false},"author":1,"featured_media":61942,"comment_status":"open","ping_status":"closed","sticky":false,"template":"","format":"standard","meta":[],"categories":[16],"tags":[],"_links":{"self":[{"href":"http:\/\/hoycordobaweb.com\/index.php\/wp-json\/wp\/v2\/posts\/61941"}],"collection":[{"href":"http:\/\/hoycordobaweb.com\/index.php\/wp-json\/wp\/v2\/posts"}],"about":[{"href":"http:\/\/hoycordobaweb.com\/index.php\/wp-json\/wp\/v2\/types\/post"}],"author":[{"embeddable":true,"href":"http:\/\/hoycordobaweb.com\/index.php\/wp-json\/wp\/v2\/users\/1"}],"replies":[{"embeddable":true,"href":"http:\/\/hoycordobaweb.com\/index.php\/wp-json\/wp\/v2\/comments?post=61941"}],"version-history":[{"count":0,"href":"http:\/\/hoycordobaweb.com\/index.php\/wp-json\/wp\/v2\/posts\/61941\/revisions"}],"wp:featuredmedia":[{"embeddable":true,"href":"http:\/\/hoycordobaweb.com\/index.php\/wp-json\/wp\/v2\/media\/61942"}],"wp:attachment":[{"href":"http:\/\/hoycordobaweb.com\/index.php\/wp-json\/wp\/v2\/media?parent=61941"}],"wp:term":[{"taxonomy":"category","embeddable":true,"href":"http:\/\/hoycordobaweb.com\/index.php\/wp-json\/wp\/v2\/categories?post=61941"},{"taxonomy":"post_tag","embeddable":true,"href":"http:\/\/hoycordobaweb.com\/index.php\/wp-json\/wp\/v2\/tags?post=61941"}],"curies":[{"name":"wp","href":"https:\/\/api.w.org\/{rel}","templated":true}]}}