{"id":6194,"date":"2020-11-27T23:59:00","date_gmt":"2020-11-27T23:59:00","guid":{"rendered":"http:\/\/hoycordobaweb.com\/index.php\/2020\/11\/27\/campazzo-podria-debutar-en-la-nba-el-12-de-diciembre\/"},"modified":"2020-11-27T23:59:00","modified_gmt":"2020-11-27T23:59:00","slug":"campazzo-podria-debutar-en-la-nba-el-12-de-diciembre","status":"publish","type":"post","link":"http:\/\/hoycordobaweb.com\/index.php\/2020\/11\/27\/campazzo-podria-debutar-en-la-nba-el-12-de-diciembre\/","title":{"rendered":"Campazzo podr\u00eda debutar en la NBA el 12 de diciembre"},"content":{"rendered":"<p><img src=\"http:\/\/hoycordobaweb.com\/wp-content\/uploads\/2020\/11\/campazzo-podria-debutar-en-la-nba-el-12-de-diciembre.jpg\"><\/p>\n<div><img src=\"http:\/\/hoycordobaweb.com\/wp-content\/uploads\/2020\/11\/campazzo-podria-debutar-en-la-nba-el-12-de-diciembre-2.jpg\" class=\"ff-og-image-inserted\"><\/div>\n<p> El argentino Facundo Campazzo, recientemente incorporado, podr\u00eda concretar su estreno informal en el equipo de Denver Nuggets, franquicia de la NBA de b\u00e1squetbol que lo contrat\u00f3 por dos temporadas, el pr\u00f3ximo s\u00e1bado 12 de diciembre.<\/p>\n<p>Seg\u00fan el organigrama dispuesto hoy por la m\u00e1xima organizaci\u00f3n basquetbol\u00edstica del planeta, el encuentro entre el conjunto del Estado de Colorado y su par campe\u00f3n en las temporadas 2017 y 2018 se llevar\u00e1 a cabo a las 17.30 hora de San Francisco (21.30 de Buenos Aires).<\/p>\n<p>El cordob\u00e9s Campazzo, de 29 a\u00f1os, fue sumado por el equipo que dirige el DT Michael Malone, tras haber rescindido el v\u00ednculo que manten\u00eda con el Real Madrid, con el que hab\u00eda suscripto contrato hasta el 2024.<\/p>\n<p>En principio, de acuerdo a versiones period\u00edsticas de medios estadounidenses, el exjugador de Pe\u00f1arol de Mar del Plata cobrar\u00e1 alrededor de tres millones de d\u00f3lares por cada a\u00f1o que estar\u00eda en los Nuggets.<\/p>\n<p>Luego del encuentro con los Warriors, el conjunto de Colorado tiene previsto enfrentarse en la pretemporada a Portland Blazers (mi\u00e9rcoles 16 y viernes 18, ambos de local), en los siguientes cotejos.<\/p>\n<p>Seg\u00fan el detalle entregado oportunamente por la NBA, la temporada 2020-2021 de la competencia comenzar\u00e1 oficialmente el martes 22 del mes entrante. <\/p>\n","protected":false},"excerpt":{"rendered":"<p>El argentino Facundo Campazzo, recientemente incorporado, podr\u00eda concretar su estreno informal en el equipo de Denver Nuggets, franquicia de la NBA de b\u00e1squetbol que lo contrat\u00f3 por dos temporadas, el pr\u00f3ximo s\u00e1bado 12 de diciembre. Seg\u00fan el organigrama dispuesto hoy por la m\u00e1xima organizaci\u00f3n basquetbol\u00edstica del planeta, el encuentro entre el conjunto del Estado de [&hellip;]<\/p>\n","protected":false},"author":1,"featured_media":6195,"comment_status":"open","ping_status":"closed","sticky":false,"template":"","format":"standard","meta":[],"categories":[16],"tags":[],"_links":{"self":[{"href":"http:\/\/hoycordobaweb.com\/index.php\/wp-json\/wp\/v2\/posts\/6194"}],"collection":[{"href":"http:\/\/hoycordobaweb.com\/index.php\/wp-json\/wp\/v2\/posts"}],"about":[{"href":"http:\/\/hoycordobaweb.com\/index.php\/wp-json\/wp\/v2\/types\/post"}],"author":[{"embeddable":true,"href":"http:\/\/hoycordobaweb.com\/index.php\/wp-json\/wp\/v2\/users\/1"}],"replies":[{"embeddable":true,"href":"http:\/\/hoycordobaweb.com\/index.php\/wp-json\/wp\/v2\/comments?post=6194"}],"version-history":[{"count":0,"href":"http:\/\/hoycordobaweb.com\/index.php\/wp-json\/wp\/v2\/posts\/6194\/revisions"}],"wp:featuredmedia":[{"embeddable":true,"href":"http:\/\/hoycordobaweb.com\/index.php\/wp-json\/wp\/v2\/media\/6195"}],"wp:attachment":[{"href":"http:\/\/hoycordobaweb.com\/index.php\/wp-json\/wp\/v2\/media?parent=6194"}],"wp:term":[{"taxonomy":"category","embeddable":true,"href":"http:\/\/hoycordobaweb.com\/index.php\/wp-json\/wp\/v2\/categories?post=6194"},{"taxonomy":"post_tag","embeddable":true,"href":"http:\/\/hoycordobaweb.com\/index.php\/wp-json\/wp\/v2\/tags?post=6194"}],"curies":[{"name":"wp","href":"https:\/\/api.w.org\/{rel}","templated":true}]}}