{"id":61939,"date":"2023-06-20T02:47:30","date_gmt":"2023-06-20T02:47:30","guid":{"rendered":"https:\/\/www.ole.com.ar\/ecuador\/otros-deportes\/chito-vera-peleara-henry-cejudo-ufc-292-19-agosto_0_Z78c9xRSRe.html"},"modified":"2023-06-20T02:47:30","modified_gmt":"2023-06-20T02:47:30","slug":"chito-vera-vuelve-al-octagono-peleara-contra-henry-cejudo","status":"publish","type":"post","link":"http:\/\/hoycordobaweb.com\/index.php\/2023\/06\/20\/chito-vera-vuelve-al-octagono-peleara-contra-henry-cejudo\/","title":{"rendered":"Chito Vera vuelve al oct\u00e1gono: pelear\u00e1 contra Henry Cejudo"},"content":{"rendered":"<p><img src=\"http:\/\/hoycordobaweb.com\/wp-content\/uploads\/2023\/06\/chito-vera-vuelve-al-octagono-peleara-contra-henry-cejudo.jpg\"><\/p>\n<p><time class=\"createDate\" datetime=\"2023-06-19T23:47:30-03:00\">19\/06\/2023 23:47hs.<\/time><time class=\"modificatedDate\" datetime=\"2023\/06\/19T23:47:30-03:00\"><\/time><\/p>\n<div id=\"storyBody\">\n<div class=\"custom-text \" readability=\"37.222903885481\">\n<p><strong>Tras varios d\u00edas en que los rumores apuntaban a un regreso de <a href=\"https:\/\/www.ole.com.ar\/tema\/chito-vera.html\" title=\"Chito Vera\" alt=\"Chito Vera\" class=\"slug\">Chito Vera<\/a> al oct\u00e1gono de UFC, este lunes se confirm\u00f3 que pelear\u00e1 contra Henry Cejudo<\/strong>. Este combate de peso gallo (135 libras) se realizar\u00e1 el 19 de agosto en la cartelera correspondiente al UFC 292, evento que se realizar\u00e1 en Boston, Estados Unidos. El ecuatoriano buscar\u00e1 reencontrarse con la victoria tras la derrota que sufri\u00f3 en marzo frente a Cory Sandhagen frente al ex doble campe\u00f3n de peso mosca y peso gallo.<\/p>\n<\/div>\n<div class=\"custom-text \" readability=\"39\">\n<p><strong>La pelea de Vera y Cejudo ser\u00e1 a tres asaltos, un detalle no menor, ya que el ecuatoriano tuvo combates a cinco rounds en sus \u00faltimos enfrentamientos<\/strong>. 20 victoria, 8 derrotas y 1 sin decisi\u00f3n es el r\u00e9cord con el que llega el nacido en Chone, mientras que el estadounidense tiene 16 victorias y 3 derrotas en su historial como peleador profesional.<\/p>\n<\/div>\n<div class=\"custom-text \" readability=\"37\">\n<p><strong>Chito volver\u00e1 al oct\u00e1gono despu\u00e9s de casi cinco meses, en los que tuvo tiempo para hacer ajustes y no permitir que vuelva a ser sorprendido como en la pelea con Sandhagen<\/strong>. El ecuatoriano se enfrentar\u00e1 al rankeado n\u00famero 3 de la divisi\u00f3n, siendo una gran oportunidad para meterse en el top 3 de la divisi\u00f3n y estar nuevamente en la conversaci\u00f3n por el t\u00edtulo de la categor\u00eda.<\/p>\n<\/div>\n<div class=\"custom-text \" readability=\"38\">\n<p>El tricolor perdi\u00f3 tres puestos en el ranking de peso gallo tras el combate con Sandhagen, pasando de ocupar el tercer lugar al sexto. <strong>Vera ha estado muy activo pidiendo peleas a UFC, pero Petr Yan rechaz\u00f3 enfrentarlo al querer pelear en diciembre<\/strong>. Ahora se ver\u00e1 las caras con el ex campe\u00f3n, quien tiene 36 a\u00f1os y anhela volver a conseguir el cintur\u00f3n.<\/p>\n<\/div>\n<div class=\"sc-e7b891c4-0 jPbnQF\"><img alt=\"Vera enfrentar\u00e1 a Henry Cejudo. (UFC)\" src=\"http:\/\/hoycordobaweb.com\/wp-content\/uploads\/2023\/06\/chito-vera-vuelve-al-octagono-peleara-contra-henry-cejudo-2.jpg\" width=\"72\" height=\"10\" decoding=\"async\" data-nimg=\"future\" loading=\"lazy\"><span class=\"epigraphe\">Vera enfrentar\u00e1 a Henry Cejudo. (UFC)<\/span><\/div>\n<p><h2><strong>Chito Vera fue autocr\u00edtico en su \u00faltima pelea<\/strong><\/h2>\n<\/p>\n<div class=\"custom-text \" readability=\"38\">\n<p>El chonero pidi\u00f3 hablar tras su \u00faltima pelea para disculparse con los aficionados: \u00abAnte todo muchas gracias a todos por el apoyo. Me da mucha pena haber perdido\u00bb, coment\u00f3 con el aire que le quedaba en la jaula del AT&amp;T Center de San Antonio. Luego, el ecuatoriano concluy\u00f3 \u00abEs culpa m\u00eda, no hay excusas\u00bb.<\/p>\n<\/div>\n<div class=\"sc-e7b891c4-0 jPbnQF\"><img alt=\"Momento en que declaran ganador a Sandhagen.\" src=\"http:\/\/hoycordobaweb.com\/wp-content\/uploads\/2023\/06\/chito-vera-vuelve-al-octagono-peleara-contra-henry-cejudo-3.jpg\" width=\"72\" height=\"10\" decoding=\"async\" data-nimg=\"future\" loading=\"lazy\"><span class=\"epigraphe\">Momento en que declaran ganador a Sandhagen.<\/span><\/div>\n<p><h2><strong>La impresionante marca que tiene Chito Vera en UFC<\/strong><\/h2>\n<\/p>\n<div class=\"custom-text \" readability=\"28.058823529412\">\n<p>Poco m\u00e1s de ocho a\u00f1os han transcurrido desde el debut de Marlon Vera en UFC el 15 de noviembre de 2014. Desde entonces, el ecuatoriano viene recorriendo un largo camino que lo tiene cerca al t\u00edtulo de su divisi\u00f3n, peso gallo (135 libras). <strong>Chito comparte la impresionante marca junto a Max Holloway y Jon Jones, de <a href=\"https:\/\/www.ole.com.ar\/ecuador\/otros-deportes\/impresionante-marca-chito-vera-ufc_0_2Fij8VM8Ac.html\" target=\"_blank\" rel=\"noopener noreferrer\">ser los \u00fanicos peleadores en UFC con 20 peleas o m\u00e1s, en nunca ser derribados o finalizados por los golpes de sus rivales.<\/a><\/strong><\/p>\n<\/div>\n<div class=\"sc-a7166897-0 exHLBh\" readability=\"6.5\">\n<section readability=\"3\"><picture><img alt=\"Con cambios, el posible 11 de Ecuador ante Costa Rica\" src=\"http:\/\/hoycordobaweb.com\/wp-content\/uploads\/2023\/06\/chito-vera-vuelve-al-octagono-peleara-contra-henry-cejudo-4.jpg\" width=\"29\" height=\"29\" decoding=\"async\" data-nimg=\"future\" loading=\"lazy\"><\/picture>\n<p><span>Mir\u00e1 tambi\u00e9n<\/span><\/p>\n<hr>\n<h3>Con cambios, el posible 11 de Ecuador ante Costa Rica<\/h3>\n<\/p>\n<\/section>\n<\/div>\n<div class=\"sc-a7166897-0 exHLBh\" readability=\"6\">\n<section readability=\"2\"><picture><img alt=\"Alan Franco: &quot;Nos vamos dando cuenta que hay otra manera de jugar&quot;\" src=\"http:\/\/hoycordobaweb.com\/wp-content\/uploads\/2023\/06\/chito-vera-vuelve-al-octagono-peleara-contra-henry-cejudo-5.jpg\" width=\"29\" height=\"29\" decoding=\"async\" data-nimg=\"future\" loading=\"lazy\"><\/picture>\n<p><span>Mir\u00e1 tambi\u00e9n<\/span><\/p>\n<hr>\n<h3>Alan Franco: \u00abNos vamos dando cuenta que hay otra manera de jugar\u00bb<\/h3>\n<\/p>\n<\/section>\n<\/div>\n<div class=\"sc-a7166897-0 exHLBh\" readability=\"6\">\n<section readability=\"2\"><picture><img alt=\"\u00bfCu\u00e1ndo arranca la Fase 2 de la LigaPro?\" src=\"http:\/\/hoycordobaweb.com\/wp-content\/uploads\/2023\/06\/chito-vera-vuelve-al-octagono-peleara-contra-henry-cejudo-6.jpg\" width=\"29\" height=\"29\" decoding=\"async\" data-nimg=\"future\" loading=\"lazy\"><\/picture>\n<p><span>Mir\u00e1 tambi\u00e9n<\/span><\/p>\n<hr>\n<h3>\u00bfCu\u00e1ndo arranca la Fase 2 de la LigaPro?<\/h3>\n<\/p>\n<\/section>\n<\/div>\n<div class=\"sc-a7166897-0 exHLBh\" readability=\"6\">\n<section readability=\"2\"><picture><img alt=\"El fichaje que acerca a Caicedo al Chelsea y c\u00f3mo formar\u00eda\" src=\"http:\/\/hoycordobaweb.com\/wp-content\/uploads\/2023\/06\/chito-vera-vuelve-al-octagono-peleara-contra-henry-cejudo-7.jpg\" width=\"29\" height=\"29\" decoding=\"async\" data-nimg=\"future\" loading=\"lazy\"><\/picture>\n<p><span>Mir\u00e1 tambi\u00e9n<\/span><\/p>\n<hr>\n<h3>El fichaje que acerca a Caicedo al Chelsea y c\u00f3mo formar\u00eda<\/h3>\n<\/p>\n<\/section>\n<\/div>\n<\/div>\n","protected":false},"excerpt":{"rendered":"<p>19\/06\/2023 23:47hs. Tras varios d\u00edas en que los rumores apuntaban a un regreso de Chito Vera al oct\u00e1gono de UFC, este lunes se confirm\u00f3 que pelear\u00e1 contra Henry Cejudo. Este combate de peso gallo (135 libras) se realizar\u00e1 el 19 de agosto en la cartelera correspondiente al UFC 292, evento que se realizar\u00e1 en Boston, [&hellip;]<\/p>\n","protected":false},"author":1,"featured_media":61940,"comment_status":"open","ping_status":"closed","sticky":false,"template":"","format":"standard","meta":[],"categories":[16],"tags":[],"_links":{"self":[{"href":"http:\/\/hoycordobaweb.com\/index.php\/wp-json\/wp\/v2\/posts\/61939"}],"collection":[{"href":"http:\/\/hoycordobaweb.com\/index.php\/wp-json\/wp\/v2\/posts"}],"about":[{"href":"http:\/\/hoycordobaweb.com\/index.php\/wp-json\/wp\/v2\/types\/post"}],"author":[{"embeddable":true,"href":"http:\/\/hoycordobaweb.com\/index.php\/wp-json\/wp\/v2\/users\/1"}],"replies":[{"embeddable":true,"href":"http:\/\/hoycordobaweb.com\/index.php\/wp-json\/wp\/v2\/comments?post=61939"}],"version-history":[{"count":0,"href":"http:\/\/hoycordobaweb.com\/index.php\/wp-json\/wp\/v2\/posts\/61939\/revisions"}],"wp:featuredmedia":[{"embeddable":true,"href":"http:\/\/hoycordobaweb.com\/index.php\/wp-json\/wp\/v2\/media\/61940"}],"wp:attachment":[{"href":"http:\/\/hoycordobaweb.com\/index.php\/wp-json\/wp\/v2\/media?parent=61939"}],"wp:term":[{"taxonomy":"category","embeddable":true,"href":"http:\/\/hoycordobaweb.com\/index.php\/wp-json\/wp\/v2\/categories?post=61939"},{"taxonomy":"post_tag","embeddable":true,"href":"http:\/\/hoycordobaweb.com\/index.php\/wp-json\/wp\/v2\/tags?post=61939"}],"curies":[{"name":"wp","href":"https:\/\/api.w.org\/{rel}","templated":true}]}}