{"id":61863,"date":"2023-06-18T03:00:00","date_gmt":"2023-06-18T03:00:00","guid":{"rendered":"http:\/\/hoycordobaweb.com\/index.php\/2023\/06\/18\/la-defensora-de-ninos-recibio-denuncias-sobre-represion-ante-menores-en-jujuy\/"},"modified":"2023-06-18T03:00:00","modified_gmt":"2023-06-18T03:00:00","slug":"la-defensora-de-ninos-recibio-denuncias-sobre-represion-ante-menores-en-jujuy","status":"publish","type":"post","link":"http:\/\/hoycordobaweb.com\/index.php\/2023\/06\/18\/la-defensora-de-ninos-recibio-denuncias-sobre-represion-ante-menores-en-jujuy\/","title":{"rendered":"La Defensora de Ni\u00f1os recibi\u00f3 denuncias sobre represi\u00f3n ante menores en Jujuy"},"content":{"rendered":"<p><img src=\"http:\/\/hoycordobaweb.com\/wp-content\/uploads\/2023\/06\/la-defensora-de-ninos-recibio-denuncias-sobre-represion-ante-menores-en-jujuy.jpg\"><\/p>\n<figure class=\"mb-3\"><img loading=\"lazy\" data-src=\"http:\/\/hoycordobaweb.com\/wp-content\/uploads\/2023\/06\/la-defensora-de-ninos-recibio-denuncias-sobre-represion-ante-menores-en-jujuy-2.jpg\" src=\"https:\/\/www.telam.com.ar\/assets\/img\/not_image.png\" class=\" lazy \" width=\"100%\" height=\"100%\" alt=\"Foto Edgardo Varela\"><figcaption> Foto: Edgardo Varela. <\/figcaption><\/figure>\n<p>La Defensora de los Derechos de Ni\u00f1as, Ni\u00f1os y Adolescentes, Marisa Graham inform\u00f3 que recibi\u00f3 denuncias <strong>\u00absobre represi\u00f3n ante la presencia\u00bb de menores de edad <\/strong>en medio de las protestas en Jujuy, y el organismo inform\u00f3 que articula con otras dependencias oficiales para que <strong>\u00abno haya detenciones\u00bb<\/strong> a personas de este sector etario por parte de las autoridades de esa provincia.<\/p>\n<p>\u00abLa Defe recibi\u00f3 denuncias sobre represi\u00f3n ante la presencia de ni\u00f1as, ni\u00f1os y adolescentes en el conflicto y ya estamos articulando con todas las \u00e1rea de ni\u00f1ez y adolescencia para que no haya ni una sola ni\u00f1a, ni\u00f1o o adolescente detenida\/o\u00bb, se\u00f1al\u00f3 la Defensora a trav\u00e9s de un comunicado publicado en su cuenta de la red social Twitter.<\/p>\n<blockquote class=\"twitter-tweet\" readability=\"7.8964577656676\">\n<p lang=\"es\" dir=\"ltr\"><a href=\"https:\/\/twitter.com\/hashtag\/Jujuy?src=hash&amp;ref_src=twsrc%5Etfw\">#Jujuy<\/a><br \/>La Defe recibi\u00f3 denuncias sobre represi\u00f3n ante la presencia de ni\u00f1as, ni\u00f1os y adolescentes en el conflicto y ya estamos articulando con todas las \u00e1rea de ni\u00f1ez y adolescencia para que no haya ni una sola ni\u00f1a, ni\u00f1o o adolescente detenida\/o. <a href=\"https:\/\/t.co\/IE2xd1Qn2P\">pic.twitter.com\/IE2xd1Qn2P<\/a><\/p>\n<p>\u2014 Defensora Derechos de Ni\u00f1as, Ni\u00f1os y Adolescentes (@defensora_nna) <a href=\"https:\/\/twitter.com\/defensora_nna\/status\/1670204439498555393?ref_src=twsrc%5Etfw\">June 17, 2023<\/a><\/p><\/blockquote>\n<p>En se sentido, el organismo record\u00f3 que <strong>\u00abJujuy debe adherir y cumplir con el Protocolo de actuaci\u00f3n para las fuerzas policiales y de seguridad en intervenciones con ni\u00f1as, ni\u00f1os y adolescentes\u201d del Consejo Federal de Seguridad de la Naci\u00f3n\u00bb.<\/strong><\/p>\n<blockquote class=\"twitter-tweet\" readability=\"6.9285714285714\">\n<p lang=\"es\" dir=\"ltr\">\u2757Recordamos que <a href=\"https:\/\/twitter.com\/hashtag\/Jujuy?src=hash&amp;ref_src=twsrc%5Etfw\">#Jujuy<\/a> debe adherir y cumplir el \u201cProtocolo de actuaci\u00f3n para las fuerzas policiales y de seguridad en intervenciones con ni\u00f1as, ni\u00f1os y adolescentes\u201d del Consejo Federal de Seguridad de la Naci\u00f3n. <a href=\"https:\/\/t.co\/MuY7zVi4Yp\">pic.twitter.com\/MuY7zVi4Yp<\/a><\/p>\n<p>\u2014 Defensora Derechos de Ni\u00f1as, Ni\u00f1os y Adolescentes (@defensora_nna) <a href=\"https:\/\/twitter.com\/defensora_nna\/status\/1670204442560409600?ref_src=twsrc%5Etfw\">June 17, 2023<\/a><\/p><\/blockquote>\n<h2 class>Contexto<\/h2>\n<p>Comunidades originarias y organizaciones sociales que manten\u00edan cortes de rutas en norte de Jujuy, en rechazo a la reforma parcial de la Carta Magna provincial que \u00ablimita el derecho a la protesta social\u00bb, y fue recientemente aprobada por una Asamblea Constituyente, fueron reprimidas por las fuerzas de seguridad locales.<\/p>\n<p>En tanto, el gobernador de Jujuy y precandidato presidencial de la UCR, Gerardo Morales, defendi\u00f3 la prohibici\u00f3n de realizar cortes de rutas y calles, contemplados en el texto constitucional y consider\u00f3 que la implementaci\u00f3n de esa prerrogativa deber\u00eda ser discutida \u00aba nivel nacional\u00bb.<\/p>\n","protected":false},"excerpt":{"rendered":"<p>Foto: Edgardo Varela. La Defensora de los Derechos de Ni\u00f1as, Ni\u00f1os y Adolescentes, Marisa Graham inform\u00f3 que recibi\u00f3 denuncias \u00absobre represi\u00f3n ante la presencia\u00bb de menores de edad en medio de las protestas en Jujuy, y el organismo inform\u00f3 que articula con otras dependencias oficiales para que \u00abno haya detenciones\u00bb a personas de este sector [&hellip;]<\/p>\n","protected":false},"author":1,"featured_media":61864,"comment_status":"open","ping_status":"closed","sticky":false,"template":"","format":"standard","meta":[],"categories":[19],"tags":[],"_links":{"self":[{"href":"http:\/\/hoycordobaweb.com\/index.php\/wp-json\/wp\/v2\/posts\/61863"}],"collection":[{"href":"http:\/\/hoycordobaweb.com\/index.php\/wp-json\/wp\/v2\/posts"}],"about":[{"href":"http:\/\/hoycordobaweb.com\/index.php\/wp-json\/wp\/v2\/types\/post"}],"author":[{"embeddable":true,"href":"http:\/\/hoycordobaweb.com\/index.php\/wp-json\/wp\/v2\/users\/1"}],"replies":[{"embeddable":true,"href":"http:\/\/hoycordobaweb.com\/index.php\/wp-json\/wp\/v2\/comments?post=61863"}],"version-history":[{"count":0,"href":"http:\/\/hoycordobaweb.com\/index.php\/wp-json\/wp\/v2\/posts\/61863\/revisions"}],"wp:featuredmedia":[{"embeddable":true,"href":"http:\/\/hoycordobaweb.com\/index.php\/wp-json\/wp\/v2\/media\/61864"}],"wp:attachment":[{"href":"http:\/\/hoycordobaweb.com\/index.php\/wp-json\/wp\/v2\/media?parent=61863"}],"wp:term":[{"taxonomy":"category","embeddable":true,"href":"http:\/\/hoycordobaweb.com\/index.php\/wp-json\/wp\/v2\/categories?post=61863"},{"taxonomy":"post_tag","embeddable":true,"href":"http:\/\/hoycordobaweb.com\/index.php\/wp-json\/wp\/v2\/tags?post=61863"}],"curies":[{"name":"wp","href":"https:\/\/api.w.org\/{rel}","templated":true}]}}