{"id":61817,"date":"2023-06-17T11:48:00","date_gmt":"2023-06-17T11:48:00","guid":{"rendered":"http:\/\/hoycordobaweb.com\/index.php\/2023\/06\/17\/brasil-jugara-con-guinea-en-un-amistoso-internacional\/"},"modified":"2023-06-17T11:48:00","modified_gmt":"2023-06-17T11:48:00","slug":"brasil-jugara-con-guinea-en-un-amistoso-internacional","status":"publish","type":"post","link":"http:\/\/hoycordobaweb.com\/index.php\/2023\/06\/17\/brasil-jugara-con-guinea-en-un-amistoso-internacional\/","title":{"rendered":"Brasil jugar\u00e1 con Guinea en un amistoso internacional"},"content":{"rendered":"<p><img src=\"http:\/\/hoycordobaweb.com\/wp-content\/uploads\/2023\/06\/brasil-jugara-con-guinea-en-un-amistoso-internacional.jpg\"><\/p>\n<figure class=\"mb-3\"><img loading=\"lazy\" data-src=\"http:\/\/hoycordobaweb.com\/wp-content\/uploads\/2023\/06\/brasil-jugara-con-guinea-en-un-amistoso-internacional-2.jpg\" src=\"https:\/\/www.telam.com.ar\/assets\/img\/not_image.png\" class=\" lazy \" width=\"100%\" height=\"100%\" alt=\"Vinicius Junior figura de Brasil Foto TW CBF_Futebol\"><figcaption> Vinicius Junior, figura de Brasil \/ Foto TW @CBF_Futebol <\/figcaption><\/figure>\n<p><strong>Brasil se enfrentar\u00e1 este s\u00e1bado a Guinea, en Barcelona<\/strong>, Espa\u00f1a, en un amistoso internacional por la doble fecha FIFA.<\/p>\n<p>El encuentro comenzar\u00e1 a las 16.30 (hora argentina), en el estadio RCDE (Cornell\u00e1-El Prat).<\/p>\n<p>La posible formaci\u00f3n de Brasil es con Allison, Danilo, Ib\u00e1\u00f1ez, Marquinhos, Alex Telles; Lucas Paquet\u00e1, Casemiro, Joelinton; Rodrygo, Richarlison, Vinicius Junior.<\/p>\n<p>El equipo brasile\u00f1o transita un interinato a cargo de <strong>Ram\u00f3n Menezes<\/strong>, que hasta ahora tuvo otra presentaci\u00f3n con derrota ante Marruecos (2-1), en el camino post Qatar 2022.<\/p>\n<p>Por su lado, Guinea ir\u00eda con Ibrahim Kon\u00e9; Antoine Conte, Sa\u00efdou Sow, Mouctar Diakhaby, Issiaga Sylla; Naby Ke\u00efta, Amadou Diawara, Ilaix Moriba; Morgan Guilavogui, Mohamed Bayo, Francois Kamano. DT: Kaba Diawara.<\/p>\n<p>El conjunto africano viene de perder con Egipto (2-1) en el grupo D de la Copa de \u00c1frica y reci\u00e9n volver\u00e1 a tener actividad por el certamen en septiembre frente a Malaui.<\/p>\n","protected":false},"excerpt":{"rendered":"<p>Vinicius Junior, figura de Brasil \/ Foto TW @CBF_Futebol Brasil se enfrentar\u00e1 este s\u00e1bado a Guinea, en Barcelona, Espa\u00f1a, en un amistoso internacional por la doble fecha FIFA. El encuentro comenzar\u00e1 a las 16.30 (hora argentina), en el estadio RCDE (Cornell\u00e1-El Prat). La posible formaci\u00f3n de Brasil es con Allison, Danilo, Ib\u00e1\u00f1ez, Marquinhos, Alex Telles; [&hellip;]<\/p>\n","protected":false},"author":1,"featured_media":61818,"comment_status":"open","ping_status":"closed","sticky":false,"template":"","format":"standard","meta":[],"categories":[16],"tags":[],"_links":{"self":[{"href":"http:\/\/hoycordobaweb.com\/index.php\/wp-json\/wp\/v2\/posts\/61817"}],"collection":[{"href":"http:\/\/hoycordobaweb.com\/index.php\/wp-json\/wp\/v2\/posts"}],"about":[{"href":"http:\/\/hoycordobaweb.com\/index.php\/wp-json\/wp\/v2\/types\/post"}],"author":[{"embeddable":true,"href":"http:\/\/hoycordobaweb.com\/index.php\/wp-json\/wp\/v2\/users\/1"}],"replies":[{"embeddable":true,"href":"http:\/\/hoycordobaweb.com\/index.php\/wp-json\/wp\/v2\/comments?post=61817"}],"version-history":[{"count":0,"href":"http:\/\/hoycordobaweb.com\/index.php\/wp-json\/wp\/v2\/posts\/61817\/revisions"}],"wp:featuredmedia":[{"embeddable":true,"href":"http:\/\/hoycordobaweb.com\/index.php\/wp-json\/wp\/v2\/media\/61818"}],"wp:attachment":[{"href":"http:\/\/hoycordobaweb.com\/index.php\/wp-json\/wp\/v2\/media?parent=61817"}],"wp:term":[{"taxonomy":"category","embeddable":true,"href":"http:\/\/hoycordobaweb.com\/index.php\/wp-json\/wp\/v2\/categories?post=61817"},{"taxonomy":"post_tag","embeddable":true,"href":"http:\/\/hoycordobaweb.com\/index.php\/wp-json\/wp\/v2\/tags?post=61817"}],"curies":[{"name":"wp","href":"https:\/\/api.w.org\/{rel}","templated":true}]}}