{"id":61811,"date":"2023-06-17T02:07:00","date_gmt":"2023-06-17T02:07:00","guid":{"rendered":"http:\/\/hoycordobaweb.com\/index.php\/2023\/06\/17\/se-le-fue-de-las-manos-a-marcela-acuna-dijo-el-fiscal-sobre-el-caso\/"},"modified":"2023-06-17T02:07:00","modified_gmt":"2023-06-17T02:07:00","slug":"se-le-fue-de-las-manos-a-marcela-acuna-dijo-el-fiscal-sobre-el-caso","status":"publish","type":"post","link":"http:\/\/hoycordobaweb.com\/index.php\/2023\/06\/17\/se-le-fue-de-las-manos-a-marcela-acuna-dijo-el-fiscal-sobre-el-caso\/","title":{"rendered":"\u00abSe le fue de las manos a Marcela Acu\u00f1a\u00bb, dijo el fiscal sobre el caso"},"content":{"rendered":"<p><img src=\"http:\/\/hoycordobaweb.com\/wp-content\/uploads\/2023\/06\/se-le-fue-de-las-manos-a-marcela-acuna-dijo-el-fiscal-sobre-el-caso.jpg\"><\/p>\n<figure class=\"mb-3\"><img loading=\"lazy\" data-src=\"http:\/\/hoycordobaweb.com\/wp-content\/uploads\/2023\/06\/se-le-fue-de-las-manos-a-marcela-acuna-dijo-el-fiscal-sobre-el-caso-2.jpg\" src=\"https:\/\/www.telam.com.ar\/assets\/img\/not_image.png\" class=\" lazy \" width=\"100%\" height=\"100%\" alt=\"Foto Pablo Caprarulo\"><figcaption> Foto: Pablo Caprarulo. <\/figcaption><\/figure>\n<p>Los investigadores del presunto femicidio de Cecilia Strzyzowski, de quien no se tienen noticias desde el 1 de junio en la ciudad chaque\u00f1a de Resistencia, est\u00e1n convencidos de que la joven fue asesinada en el marco de una \u00abdiscusi\u00f3n econ\u00f3mica\u00bb con su suegra, la exprecandidata a intendenta Marcela Acu\u00f1a, a quien la situaci\u00f3n \u00abse le fue de las manos\u00bb, mientras que el resto de los acusados detenidos \u00abcolaboraron activamente\u00bb con ella en la desaparici\u00f3n del cuerpo.<\/p>\n<p>En tanto, un equipo de antropolog\u00eda forense de C\u00f3rdoba llegar\u00e1 este s\u00e1bado a la capital provincial para ponerse a disposici\u00f3n del Equipo Fiscal Especial (EFE) y estudiar las muestras \u00f3seas que se peritaron este viernes.<br \/>La principal hip\u00f3tesis, relatada a T\u00e9lam por el fiscal Jorge C\u00e1ceres Olivera -integrante del EFE conformado para la investigaci\u00f3n del caso- tiene como escena principal la casa del matrimonio de Emerenciano Sena y de Marcela Acu\u00f1a (ambos detenidos al igual que su hijo C\u00e9sar y otra cuatro personas), en la calle Santa Mar\u00eda de Oro, en Resistencia, pero los pesquisas trabajan minuto a minuto para establecer el hallazgo del cad\u00e1ver, para lo cual aguardan resultados de peritajes qu\u00edmicos, de comunicaciones y antropol\u00f3gicos que a\u00fan demandar\u00e1n algunos d\u00edas.<\/p>\n<figure class=\"mb-3\"><img loading=\"lazy\" data-src=\"http:\/\/hoycordobaweb.com\/wp-content\/uploads\/2023\/06\/se-le-fue-de-las-manos-a-marcela-acuna-dijo-el-fiscal-sobre-el-caso-3.jpg\" src=\"https:\/\/www.telam.com.ar\/assets\/img\/not_image.png\" class=\" lazy \" width=\"100%\" height=\"100%\" alt=\"Los referentes chaqueos Emerenciano Sena y Marcela Acua padres de Csar Sena tambin quedaron detenidos Foto Facebook\"><figcaption> Los referentes chaque\u00f1os Emerenciano Sena y Marcela Acu\u00f1a, padres de C\u00e9sar Sena, tambi\u00e9n quedaron detenidos \/ Foto: Facebook. <\/figcaption><\/figure>\n<p>Durante la jornada, el fiscal C\u00e1ceres Olivera, junto a sus colegas Nelia Vel\u00e1zquez y Jorge G\u00f3mez, les tomaron declaraci\u00f3n indagatoria a Gustavo Obreg\u00f3n y su esposa Fabiana Gonz\u00e1lez, considerados part\u00edcipes secundario y necesario del delito de \u00abhomicidio agravado\u00bb, respectivamente, cuyos testimonios duraron unas cuatro horas y para el EFE robustecieron la hip\u00f3tesis investigada.<\/p>\n<p>Adem\u00e1s, recibieron la declaraci\u00f3n testimonial de la t\u00eda de C\u00e9sar Sena, Patricia Acu\u00f1a, y su marido Ricardo Goya, quienes negaron haber tenido alg\u00fan tipo de relaci\u00f3n con el hecho, aunque admitieron que el novio de Cecilia les neg\u00f3 en tres oportunidades que hubiera existido \u00abalg\u00fan acto de violencia\u00bb para con la chica.<\/p>\n<p>\u00abHasta ahora todas las personas que est\u00e1n detenidas considero que son los sospechosos y responsables de la participaci\u00f3n, desaparici\u00f3n y posterior muerte de Cecilia\u00bb, dijo esta noche en conferencia de prensa C\u00e1ceres Olivera tras las declaraciones indagatorias.<\/p>\n<figure class=\"mb-3\"><img loading=\"lazy\" data-src=\"http:\/\/hoycordobaweb.com\/wp-content\/uploads\/2023\/06\/se-le-fue-de-las-manos-a-marcela-acuna-dijo-el-fiscal-sobre-el-caso-4.jpg\" src=\"https:\/\/www.telam.com.ar\/assets\/img\/not_image.png\" class=\" lazy \" width=\"100%\" height=\"100%\" alt=\"Familiares de Cecilia Strzyzowski reclaman justicia Foto Pablo Caprarulo\"><figcaption> Familiares de Cecilia Strzyzowski reclaman justicia \/ Foto: Pablo Caprarulo. <\/figcaption><\/figure>\n<p>El funcionario judicial explic\u00f3 a T\u00e9lam que, de acuerdo con lo que lograron establecer en base a indicios, \u00abhubo alg\u00fan altercado dentro del inmueble de Santa Mar\u00eda de Oro -propiedad de la pareja de Emerenciano Sena y Acu\u00f1a-.<\/p>\n<p>\u00abLa hip\u00f3tesis central apunta a una discusi\u00f3n econ\u00f3mica entre Marcela Acu\u00f1a y Cecilia y, a ra\u00edz de eso, ocurre el desenlace de muerte. Estimo que habr\u00e1 habido una discusi\u00f3n acalorada y que esta situaci\u00f3n se le fue de las manos a Marcela Acu\u00f1a principalmente y que las dem\u00e1s personas colaboraron activamente con Marcela para crear una coartada de un supuesto viaje y poder encubrir\u00bb, indic\u00f3.<\/p>\n<p>Para el fiscal, los imputados -adem\u00e1s del exprecandidato a diputado provincial Sena, su esposa Acu\u00f1a y su hijo C\u00e9sar, est\u00e1n detenidos Gustavo Melgarejo, su esposa Graciela Reinoso, Gonz\u00e1lez y Obreg\u00f3n- \u00abarmaron toda la situaci\u00f3n previa\u00bb.<\/p>\n<figure class=\"mb-3\"><img loading=\"lazy\" data-src=\"http:\/\/hoycordobaweb.com\/wp-content\/uploads\/2023\/06\/se-le-fue-de-las-manos-a-marcela-acuna-dijo-el-fiscal-sobre-el-caso-5.jpg\" src=\"https:\/\/www.telam.com.ar\/assets\/img\/not_image.png\" class=\" lazy \" width=\"100%\" height=\"100%\" alt=\"Csar Sena acusado del femicidio de Cecilia Strzyzowski Foto Facebook\"><figcaption> C\u00e9sar Sena, acusado del femicidio de Cecilia Strzyzowski \/ Foto: Facebook. <\/figcaption><\/figure>\n<p>\u00abCreo que la citan a Cecilia para poder ponerse de acuerdo en una cuesti\u00f3n econ\u00f3mica y, a ra\u00edz de no llegar al acuerdo, le dan muerte\u00bb, agreg\u00f3 el representante del Ministerio P\u00fablico Fiscal, en referencia al femicidio.<\/p>\n<p>Anoche, el imputado Melgarejo -casero del campo que posee el matrimonio Sena en Puerto Tirol en una zona conocida como \u00abGranjita Abuela Ema\u00bb, a aproximadamente cinco kil\u00f3metros y medio de la ruta nacional 16- pidi\u00f3 ampliar su declaraci\u00f3n indagatoria y volvi\u00f3 a apuntar contra C\u00e9sar Sena y contra Obreg\u00f3n, a quienes sindic\u00f3 como quienes llevaban \u00abamordazada\u00bb a Cecilia, dos d\u00edas despu\u00e9s de su desaparici\u00f3n.<\/p>\n<figure class=\"mb-3\"><img loading=\"lazy\" data-src=\"http:\/\/hoycordobaweb.com\/wp-content\/uploads\/2023\/06\/se-le-fue-de-las-manos-a-marcela-acuna-dijo-el-fiscal-sobre-el-caso-6.jpg\" src=\"https:\/\/www.telam.com.ar\/assets\/img\/not_image.png\" class=\" lazy \" width=\"100%\" height=\"100%\" alt=\"Foto Pablo Caprarulo\"><figcaption> Foto: Pablo Caprarulo. <\/figcaption><\/figure>\n<p>El hombre le cont\u00f3 a los fiscales que Sena y Obreg\u00f3n la llevaron a Cecilia hasta el campo \u00abamordazada\u00bb dentro de una camioneta, que le \u00abpidieron una pala\u00bb y lo amenazaron con ser \u00abel pr\u00f3ximo\u00bb si hablaba.<\/p>\n<p>La abogada defensora de Melgarejo explic\u00f3 que su defendido aport\u00f3 distintas versiones sobre los hechos en sus dos declaraciones indagatorias \u00abporque tiene miedo\u00bb.<\/p>\n<figure class=\"mb-3\"><img loading=\"lazy\" data-src=\"http:\/\/hoycordobaweb.com\/wp-content\/uploads\/2023\/06\/se-le-fue-de-las-manos-a-marcela-acuna-dijo-el-fiscal-sobre-el-caso-7.jpg\" src=\"https:\/\/www.telam.com.ar\/assets\/img\/not_image.png\" class=\" lazy \" width=\"100%\" height=\"100%\" alt=\"Cecilia Strzyzowski permanece desaparecida desde el 1 de junio en la ciudad de Resistencia\"><figcaption> Cecilia Strzyzowski permanece desaparecida desde el 1 de junio en la ciudad de Resistencia. <\/figcaption><\/figure>\n<p>Es que en su primera indagatoria realizada el martes pasado, el hombre -el \u00fanico que declar\u00f3 de los siete detenidos- dijo que solamente hab\u00eda visto a la chica amordazada, pero no hab\u00eda mencionado ni las amenazas ni el pedido de una pala.<\/p>\n<p>\u00abSi la informaci\u00f3n que nos brinda coincide con los datos que nosotros estamos manejando, va a motivar nuevos allanamientos\u00bb, asegur\u00f3 el fiscal C\u00e1ceres Olivera en declaraciones a Telef\u00e9 Noticias una vez finalizada la indagatoria de Melgarejo.<\/p>\n<figure class=\"mb-3\"><img loading=\"lazy\" data-src=\"http:\/\/hoycordobaweb.com\/wp-content\/uploads\/2023\/06\/se-le-fue-de-las-manos-a-marcela-acuna-dijo-el-fiscal-sobre-el-caso-8.jpg\" src=\"https:\/\/www.telam.com.ar\/assets\/img\/not_image.png\" class=\" lazy \" width=\"100%\" height=\"100%\" alt=\"Foto Pablo Caprarulo\"><figcaption> Foto: Pablo Caprarulo. <\/figcaption><\/figure>\n<p>Sin embargo, durante la jornada no se llevaron a cabo nuevos procedimientos y los fiscales aguardan con ansiedad los resultados de peritajes a los restos hallados en la casa del matriomonio Sena que podr\u00edan ser de sangre.<\/p>\n<p>\u00abEstamos esperando esos resultados para saber si las manchas halladas son de sangre, luego si es sangre humana, y finalmente si pertenece a Cecilia. Lo mismo con los restos \u00f3seos, que tenemos que determinar si son humanos y tambi\u00e9n reci\u00e9n despu\u00e9s analizar si pertenecen a la chica\u00bb, dijo el fiscal G\u00f3mez.<\/p>\n<figure class=\"mb-3\"><img loading=\"lazy\" data-src=\"http:\/\/hoycordobaweb.com\/wp-content\/uploads\/2023\/06\/se-le-fue-de-las-manos-a-marcela-acuna-dijo-el-fiscal-sobre-el-caso-9.jpg\" src=\"https:\/\/www.telam.com.ar\/assets\/img\/not_image.png\" class=\" lazy \" width=\"100%\" height=\"100%\" alt=\"Foto Pablo Caprarulo\"><figcaption> Foto: Pablo Caprarulo. <\/figcaption><\/figure>\n<p>Al respecto, esta noche en un comunicado informaron que un equipo de antropolog\u00eda forense de C\u00f3rdoba llegar\u00e1 este s\u00e1bado a Resistencia para peritas restos \u00f3seos.<\/p>\n<p>\u00abEl equipo forense de C\u00f3rdoba Viene para poder cotejar los restos \u00f3seos que hab\u00edamos hallado en su momento y descartar que no sean restos humanos\u00bb, afirm\u00f3 C\u00e1ceres Olivera y a\u00f1adi\u00f3 que esperan tener \u00absuerte para la semana que viene para tener los resultados\u00bb de los peritajes de las manchas halladas en la casa de los Sena.<\/p>\n<p>Por otra parte, el juzgado federal 2 de Resistencia, a cargo del juez Ricardo Mainovich, inici\u00f3 una investigaci\u00f3n para determinar el origen de los m\u00e1s de seis millones de pesos secuestrados hace una semana en la casa de Sena y Acu\u00f1a.<\/p>\n<div class=\"jumbotron pt-4 mt-3\" readability=\"33\">\n<h3 class=\"module-title\">Investigan el origen de 6 millones de pesos secuestrados en la casa de los Sena<\/h3>\n<p>La justicia federal de Resistencia inici\u00f3 una investigaci\u00f3n para determinar el origen de los m\u00e1s de seis millones de pesos secuestrados hace una semana en la casa de Emerenciano Sena y su esposa Patricia Acu\u00f1a, ambos detenidos como supuestos coautores del femicidio de Cecilia Strzyzowski, informaron fuentes judiciales.<\/p>\n<p>La causa recay\u00f3 en el Juzgado Federal 2 de Resistencia, a cargo del juez Ricardo Mainovich, tras el hallazgo del dinero en la vivienda situada en Santa Mar\u00eda de Oro al 1400, donde la v\u00edctima fue vista con vida cuando ingres\u00f3 el 2 de junio.<\/p>\n<p>Fuentes judiciales informaron a T\u00e9lam que<strong> los 6.050.000 pesos fueron hallados en ese inmueble durante un allanamiento <\/strong>que deriv\u00f3 en las detenciones del entonces precandidato a diputado provincial y su esposa la entonces precandidata a Intendente de Resistencia.<\/p>\n<p><strong>Los billetes distribuidos en fajos fueron retirados de la vivienda en un cami\u00f3n de caudales y la fiscal\u00eda de instrucci\u00f3n,<\/strong> a cargo del fiscal Jorge C\u00e1ceres Olivera se declar\u00f3 incompetente respecto al dinero, por lo que se inici\u00f3 una causa anexa que recay\u00f3 en el fueron federal.<\/p>\n<p>De inmediato intervino el fiscal federal Patricio Sabadini, quien ahora deber\u00e1 solicitar una serie de medidas al juez Mainovich para intentar determinar el origen de ese dinero.<\/p>\n<\/p><\/div>\n<p>Fuentes judiciales informaron a T\u00e9lam que los 6.050.000 pesos fueron hallados en ese inmueble durante un allanamiento que deriv\u00f3 en las detenciones del entonces precandidato a diputado provincial y su esposa, la entonces precandidata a intendente de Resistencia.<\/p>\n<p>La joven fue vista por \u00faltima vez el 1 de junio, luego de decirle a su hermana que viajar\u00eda junto a Sena a la ciudad de Ushuaia, en Tierra del Fuego, porque hab\u00eda conseguido un trabajo.<\/p>\n<figure class=\"mb-3\"><img loading=\"lazy\" data-src=\"http:\/\/hoycordobaweb.com\/wp-content\/uploads\/2023\/06\/se-le-fue-de-las-manos-a-marcela-acuna-dijo-el-fiscal-sobre-el-caso-10.jpg\" src=\"https:\/\/www.telam.com.ar\/assets\/img\/not_image.png\" class=\" lazy \" width=\"100%\" height=\"100%\" alt=\"Foto Pablo Caprarulo\"><figcaption> Foto: Pablo Caprarulo. <\/figcaption><\/figure>\n<p>Los investigadores lograron determinar en base a una c\u00e1mara de seguridad que la joven ingres\u00f3 esa ma\u00f1ana a la casa de los padres de C\u00e9sar Sena, en la calle Santa Mar\u00eda de Oro, y que no volvi\u00f3 a salir m\u00e1s.<\/p>\n<p>Desde ese d\u00eda, los familiares de la joven recibieron algunos mensajes m\u00e1s v\u00eda Whatsapp el d\u00eda posterior a su desaparici\u00f3n, pero la sospecha es que ya no los escrib\u00eda Cecilia.<\/p>\n<div class=\"jumbotron pt-4 mt-3\" readability=\"63\">\n<h3 class=\"module-title\">Pietragalla: \u00abDeber\u00eda caerles todo el peso de la ley\u00bb a los dirigentes detenidos<\/h3>\n<p>El secretario de Derechos Humanos, Horacio Pietragalla Corti, dijo que la desaparici\u00f3n y posible femicidio de la joven chaque\u00f1a Cecilia Strzyzowski \u00abes un tema sensible que nos toca a todos\u00bb y afirm\u00f3 que \u00abpor tener roles de pol\u00edtica sociales deber\u00eda caerles todo el peso de la ley\u00bb a los dirigentes detenidos en la investigaci\u00f3n del caso.<\/p>\n<p>\u00abEs un tema sensible que nos toca a todos. No jodemos con estos casos ni nos hacemos los boludos. La Secretar\u00eda no se desprende de las situaciones de violencia institucional del Estado o de femicidios. Yo como militante acompa\u00f1\u00e9 casos emblem\u00e1ticos de femicidio como el de Luc\u00eda P\u00e9rez\u00bb, dijo el funcionario en declaraciones a radio Con Vos.<\/p>\n<p>\u00abNosotros no les preguntamos a qui\u00e9n votan, son v\u00edctimas. Siempre los primeros d\u00edas son de mayor impacto, pero no estamos de acuerdo con la politizaci\u00f3n, no especulamos\u00bb, afirm\u00f3 Pietragalla y agreg\u00f3 que, en todo caso \u00abjustamente por tener roles de pol\u00edtica social, deber\u00eda caerles todo el peso de la ley\u00bb a los sospechosos en caso de comprobarse su participaci\u00f3n en el crimen.<\/p>\n<p>El secretario de Derechos Humanos insisti\u00f3: <strong>\u00abNosotros no especulamos en estas cuestiones ya que siempre nos reunimos con las madres de chicas v\u00edctimas de femicidios y violencia de g\u00e9nero y no les preguntamos a quien votan\u00bb<\/strong>.<\/p>\n<p>\u00abPor ejemplo, hay madres con pocos recursos que no pueden llevar adelante las querellas y ah\u00ed colaboramos\u00bb dijo, en tanto que diferenci\u00f3 entre un \u00abestado que llama y acompa\u00f1a a las v\u00edctimas y otro que las esp\u00eda como fue en la gesti\u00f3n de Mauricio Macri y el caso de Santiago Maldonado\u00bb.<\/p>\n<p>\u00abEl estado tiene que estar presente en un caso de mucho dolor y angustia y es lo que hacemos nosotros\u00bb, afirm\u00f3 y record\u00f3 que en particular sobre el caso de Cecilia Strzyzowski, \u00abla ministra de la Mujer (Ayel\u00e9n Mazzina) se comunic\u00f3 con la familia\u00bb.<\/p>\n<p>\u00abAdem\u00e1s<strong> hay compa\u00f1eros y compa\u00f1eras que fueron a la marcha<\/strong>. Mandamos gente a acompa\u00f1arlos. (El gobernador Jorge) Capitanich sali\u00f3 tambi\u00e9n a decir que va a caer todo el peso de la ley y yo tambi\u00e9n le dije <strong>que cuenten con el Equipo Argentino de Antropolog\u00eda Forense para evitar la impunidad<\/strong>\u00ab, cont\u00f3 Pietragalla Corti.<\/p>\n<p>Capitanich expres\u00f3 nuevamente su \u00abm\u00e1s profundo dolor\u00bb en torno al caso de la desaparici\u00f3n de Cecilia Strzyzowski&nbsp;en la provincia, y record\u00f3 que el Estado provincial se constituy\u00f3 como querellante en la causa conforme a los protocolos establecidos en casos de violencia contra las mujeres.<\/p>\n<p>Adem\u00e1s, remarc\u00f3 que desde el Frente Chaque\u00f1o, con el cual buscar\u00e1 su reelecci\u00f3n, \u00abse tom\u00f3 la decisi\u00f3n de manera autom\u00e1tica de excluir a las personas involucradas\u00bb y pidi\u00f3 terminar con \u00abla difamaci\u00f3n\u00bb y la \u00aboperaci\u00f3n medi\u00e1tica\u00bb en torno al caso.<\/p>\n<\/p><\/div>\n<p><\/p>\n<div class=\"card col-md-10 offset-md-1 mb-4\">\n<h3 class=\"pt-2\">Relacionadas<\/h3>\n<\/p><\/div>\n<p><\/p>\n","protected":false},"excerpt":{"rendered":"<p>Foto: Pablo Caprarulo. Los investigadores del presunto femicidio de Cecilia Strzyzowski, de quien no se tienen noticias desde el 1 de junio en la ciudad chaque\u00f1a de Resistencia, est\u00e1n convencidos de que la joven fue asesinada en el marco de una \u00abdiscusi\u00f3n econ\u00f3mica\u00bb con su suegra, la exprecandidata a intendenta Marcela Acu\u00f1a, a quien la [&hellip;]<\/p>\n","protected":false},"author":1,"featured_media":61812,"comment_status":"open","ping_status":"closed","sticky":false,"template":"","format":"standard","meta":[],"categories":[19],"tags":[],"_links":{"self":[{"href":"http:\/\/hoycordobaweb.com\/index.php\/wp-json\/wp\/v2\/posts\/61811"}],"collection":[{"href":"http:\/\/hoycordobaweb.com\/index.php\/wp-json\/wp\/v2\/posts"}],"about":[{"href":"http:\/\/hoycordobaweb.com\/index.php\/wp-json\/wp\/v2\/types\/post"}],"author":[{"embeddable":true,"href":"http:\/\/hoycordobaweb.com\/index.php\/wp-json\/wp\/v2\/users\/1"}],"replies":[{"embeddable":true,"href":"http:\/\/hoycordobaweb.com\/index.php\/wp-json\/wp\/v2\/comments?post=61811"}],"version-history":[{"count":0,"href":"http:\/\/hoycordobaweb.com\/index.php\/wp-json\/wp\/v2\/posts\/61811\/revisions"}],"wp:featuredmedia":[{"embeddable":true,"href":"http:\/\/hoycordobaweb.com\/index.php\/wp-json\/wp\/v2\/media\/61812"}],"wp:attachment":[{"href":"http:\/\/hoycordobaweb.com\/index.php\/wp-json\/wp\/v2\/media?parent=61811"}],"wp:term":[{"taxonomy":"category","embeddable":true,"href":"http:\/\/hoycordobaweb.com\/index.php\/wp-json\/wp\/v2\/categories?post=61811"},{"taxonomy":"post_tag","embeddable":true,"href":"http:\/\/hoycordobaweb.com\/index.php\/wp-json\/wp\/v2\/tags?post=61811"}],"curies":[{"name":"wp","href":"https:\/\/api.w.org\/{rel}","templated":true}]}}