{"id":61737,"date":"2023-06-16T02:08:22","date_gmt":"2023-06-16T02:08:22","guid":{"rendered":"https:\/\/www.ole.com.ar\/futbol-internacional\/torcida-encaro-felipe-melo-fluminense_0_RWgMQS7whU.html"},"modified":"2023-06-16T02:08:22","modified_gmt":"2023-06-16T02:08:22","slug":"la-torcida-encaro-a-felipe-melo","status":"publish","type":"post","link":"http:\/\/hoycordobaweb.com\/index.php\/2023\/06\/16\/la-torcida-encaro-a-felipe-melo\/","title":{"rendered":"La torcida encar\u00f3 a Felipe Melo"},"content":{"rendered":"<p><img src=\"http:\/\/hoycordobaweb.com\/wp-content\/uploads\/2023\/06\/la-torcida-encaro-a-felipe-melo.jpg\"><\/p>\n<p><time class=\"createDate\" datetime=\"2023-06-15T23:08:22-03:00\">15\/06\/2023 23:08hs.<\/time><time class=\"modificatedDate\" datetime=\"2023\/06\/15T23:08:21-03:00\"><\/time><\/p>\n<div id=\"storyBody\">\n<div class=\"custom-text \" readability=\"37.885714285714\">\n<p><strong>Mal momento en la pr\u00e1ctica del Fluminense<\/strong>: este jueves,<strong> un grupo de torcedores se acerc\u00f3 al Centro Carlos Castilho para protestar contra los futbolistas<\/strong>, por la situaci\u00f3n actual: se perdi\u00f3 el cl\u00e1sico con Flamengo por la Copa Brasil y luego ante River por la Copa Libertadores, mientras que el equipo marcha quinto en el <a href=\"https:\/\/www.ole.com.ar\/tema\/brasileirao.html\" title=\"brasileirao\" alt=\"brasileirao\" class=\"slug\">Brasileirao<\/a>, con un punto en los \u00faltimos cuatro encuentros.<\/p>\n<\/div>\n<div class=\"custom-text \" readability=\"32.666666666667\">\n<p><strong>Uno de los apuntados fue <a href=\"https:\/\/www.ole.com.ar\/tema\/felipe-melo.html\" title=\"Felipe Melo\" alt=\"Felipe Melo\" class=\"slug\">Felipe Melo<\/a>. <\/strong>Si bien tuvo un di\u00e1logo tenso, no hubo agresiones ni insultos, pero los hinchas lo rodearon antes de que se subiera a su auto.<\/p>\n<\/div>\n<div class=\"sc-e7b891c4-0 jPbnQF\"><img alt=\"Felipe Melo apurado por la barra.\" src=\"http:\/\/hoycordobaweb.com\/wp-content\/uploads\/2023\/06\/la-torcida-encaro-a-felipe-melo-2.jpg\" width=\"72\" height=\"10\" decoding=\"async\" data-nimg=\"future\" loading=\"lazy\"><span class=\"epigraphe\">Felipe Melo apurado por la barra.<\/span><\/div>\n<div class=\"sc-e7b891c4-0 jPbnQF\"><img alt=\"Felipe Melo apurado por la barra.\" src=\"http:\/\/hoycordobaweb.com\/wp-content\/uploads\/2023\/06\/la-torcida-encaro-a-felipe-melo-3.jpg\" width=\"72\" height=\"10\" decoding=\"async\" data-nimg=\"future\" loading=\"lazy\"><span class=\"epigraphe\">Felipe Melo apurado por la barra.<\/span><\/div>\n<div class=\"custom-text \" readability=\"37\">\n<p>El grupo tambi\u00e9n protest\u00f3 con pancartas criticando al equipo en general, pero centr\u00e1ndose en algunos jugadores en concreto: Guga, Thiago Santos, Alexandre Jesus y Jorge. Algunos debieron bajar la ventanilla del auto y escuchar cuestionamientos subidos de tono.<\/p>\n<\/div>\n<div class=\"custom-text \" readability=\"37\">\n<p>Para el argentino Germ\u00e1n Cano, goleador del equipo, no hubo reproches. Al t\u00e9cnico, Fernando Diniz, le cuestionaron la continuidad de lesiones.<\/p>\n<\/div>\n<p><h2><strong>Copa Libertadores<\/strong><\/h2>\n<\/p>\n<div class=\"custom-text \" readability=\"36\">\n<p>El Fluminense cerrar\u00e1 su participaci\u00f3n en la Copa Libertadores el mi\u00e9rcoles 27 de junio ante Sporting Cristal de Per\u00fa, de local. Con ganar o empatar se asegurar\u00e1 un lugar en los octavos de final del certamen. El mismo d\u00eda, River enfrentar\u00e1 a The Strongest de Bolivia.<\/p>\n<\/div>\n<div class=\"sc-a7166897-0 exHLBh\" readability=\"6\">\n<section readability=\"2\"><picture><img alt=\"El regalo de Pep Guardiola para los empleados del Manchester City\" src=\"http:\/\/hoycordobaweb.com\/wp-content\/uploads\/2023\/06\/la-torcida-encaro-a-felipe-melo-4.jpg\" width=\"29\" height=\"29\" decoding=\"async\" data-nimg=\"future\" loading=\"lazy\"><\/picture>\n<p><span>Mir\u00e1 tambi\u00e9n<\/span><\/p>\n<hr>\n<h3>El regalo de Pep Guardiola para los empleados del Manchester City<\/h3>\n<\/p>\n<\/section>\n<\/div>\n<div class=\"sc-a7166897-0 exHLBh\" readability=\"6\">\n<section readability=\"2\"><picture><img alt=\"La demolici\u00f3n del Camp Nou\" src=\"http:\/\/hoycordobaweb.com\/wp-content\/uploads\/2023\/06\/la-torcida-encaro-a-felipe-melo-5.jpg\" width=\"29\" height=\"29\" decoding=\"async\" data-nimg=\"future\" loading=\"lazy\"><\/picture>\n<p><span>Mir\u00e1 tambi\u00e9n<\/span><\/p>\n<hr>\n<h3>La demolici\u00f3n del Camp Nou<\/h3>\n<\/p>\n<\/section>\n<\/div>\n<\/div>\n","protected":false},"excerpt":{"rendered":"<p>15\/06\/2023 23:08hs. Mal momento en la pr\u00e1ctica del Fluminense: este jueves, un grupo de torcedores se acerc\u00f3 al Centro Carlos Castilho para protestar contra los futbolistas, por la situaci\u00f3n actual: se perdi\u00f3 el cl\u00e1sico con Flamengo por la Copa Brasil y luego ante River por la Copa Libertadores, mientras que el equipo marcha quinto en [&hellip;]<\/p>\n","protected":false},"author":1,"featured_media":61738,"comment_status":"open","ping_status":"closed","sticky":false,"template":"","format":"standard","meta":[],"categories":[16],"tags":[],"_links":{"self":[{"href":"http:\/\/hoycordobaweb.com\/index.php\/wp-json\/wp\/v2\/posts\/61737"}],"collection":[{"href":"http:\/\/hoycordobaweb.com\/index.php\/wp-json\/wp\/v2\/posts"}],"about":[{"href":"http:\/\/hoycordobaweb.com\/index.php\/wp-json\/wp\/v2\/types\/post"}],"author":[{"embeddable":true,"href":"http:\/\/hoycordobaweb.com\/index.php\/wp-json\/wp\/v2\/users\/1"}],"replies":[{"embeddable":true,"href":"http:\/\/hoycordobaweb.com\/index.php\/wp-json\/wp\/v2\/comments?post=61737"}],"version-history":[{"count":0,"href":"http:\/\/hoycordobaweb.com\/index.php\/wp-json\/wp\/v2\/posts\/61737\/revisions"}],"wp:featuredmedia":[{"embeddable":true,"href":"http:\/\/hoycordobaweb.com\/index.php\/wp-json\/wp\/v2\/media\/61738"}],"wp:attachment":[{"href":"http:\/\/hoycordobaweb.com\/index.php\/wp-json\/wp\/v2\/media?parent=61737"}],"wp:term":[{"taxonomy":"category","embeddable":true,"href":"http:\/\/hoycordobaweb.com\/index.php\/wp-json\/wp\/v2\/categories?post=61737"},{"taxonomy":"post_tag","embeddable":true,"href":"http:\/\/hoycordobaweb.com\/index.php\/wp-json\/wp\/v2\/tags?post=61737"}],"curies":[{"name":"wp","href":"https:\/\/api.w.org\/{rel}","templated":true}]}}