{"id":61699,"date":"2023-06-15T04:16:00","date_gmt":"2023-06-15T04:16:00","guid":{"rendered":"http:\/\/hoycordobaweb.com\/index.php\/2023\/06\/15\/de-pedro-encabezara-este-jueves-un-plenario-con-tres-mil-personas\/"},"modified":"2023-06-15T04:16:00","modified_gmt":"2023-06-15T04:16:00","slug":"de-pedro-encabezara-este-jueves-un-plenario-con-tres-mil-personas","status":"publish","type":"post","link":"http:\/\/hoycordobaweb.com\/index.php\/2023\/06\/15\/de-pedro-encabezara-este-jueves-un-plenario-con-tres-mil-personas\/","title":{"rendered":"De Pedro encabezar\u00e1 este jueves un plenario con tres mil personas"},"content":{"rendered":"<p><img src=\"http:\/\/hoycordobaweb.com\/wp-content\/uploads\/2023\/06\/de-pedro-encabezara-este-jueves-un-plenario-con-tres-mil-personas.jpg\"><\/p>\n<figure class=\"mb-3\"><img loading=\"lazy\" data-src=\"http:\/\/hoycordobaweb.com\/wp-content\/uploads\/2023\/06\/de-pedro-encabezara-este-jueves-un-plenario-con-tres-mil-personas-2.jpg\" src=\"https:\/\/www.telam.com.ar\/assets\/img\/not_image.png\" class=\" lazy \" width=\"100%\" height=\"100%\" alt=\"Foto Diego Izquierdo\"><figcaption> Foto: Diego Izquierdo. <\/figcaption><\/figure>\n<p>El ministro del Interior, Eduardo \u00abWado\u00bb De Pedro, participar\u00e1 este jueves a las 15 de un plenario de las organizaciones pol\u00edticas, sociales y gremiales que integran la flamante Uni\u00f3n por la Patria (ex Frente de Todos) en la localidad bonaerense de Mor\u00f3n, donde compartir\u00e1 un encuentro con la militancia local junto al intendente, Lucas Ghi, y el titular de la Autoridad Cuenca Matanza Riachuelo (Acumar), Mart\u00edn Sabbatella, confirmaron a T\u00e9lam fuentes de la comuna y allegados al titular de la cartera de Interior.<\/p>\n<p>Antes de ese evento, De Pedro asistir\u00e1 a un acto de entrega de maquinarias ligadas a la pol\u00edtica ambiental por parte de la intendencia en el marco del programa \u00abMunicipio de Pie\u00bb, en la reserva natural de El Palomar, localidad de la misma comuna, para luego trasladarse hasta las instalaciones del Deportivo Mor\u00f3n, <strong>donde compartir\u00e1 un plenario con alrededor de 3000 personas destinado a miembros de agrupaciones, sindicatos y organizaciones sociales.<\/strong><\/p>\n<p>El intercambio con los presentes se realizar\u00e1 en un play\u00f3n ubicado al pie de las plateas del estadio del Deportivo Mor\u00f3n, en Bernardo de Irigoyen al 1000, con sillas reservadas para los participantes que est\u00e1n inscritos y llevar\u00e1n pulseras identificatorias.<\/p>\n<p>La actividad, la primera que realiza el kirchnerismo tras la inscripci\u00f3n electoral de la nueva coalici\u00f3n electoral que presentar\u00e1 el justicialismo, <strong>se llamar\u00e1 Plenario de la Militancia de Uni\u00f3n por la Patria de Mor\u00f3n<\/strong>, adelantaron a esta agencia los organizadores.<\/p>\n<p>Entre los anfitriones estar\u00e1 la dirigencia local de Nuevo Encuentro, partido que se define kirchnerista, con personer\u00eda reconocida a nivel nacional y que este mi\u00e9rcoles firm\u00f3 en la Justicia electoral como parte de la nueva coalici\u00f3n -UxP- : Nuevo Encuentro surgi\u00f3 como una construcci\u00f3n vecinal de la zona oeste del GBA a partir de la gesti\u00f3n municipal de Sabbatella.<\/p>\n<p>En su recorrida previa al plenario,<strong> De Pedro supervisar\u00e1 la entrega y adquisici\u00f3n por parte del municipio de m\u00e1quinas utilizadas para el mantenimiento de espacios verdes de la comuna<\/strong>, como chipeadoras (permite triturar y reducir el volumen de restos de poda para crear un compostaje), motosierras, motoguada\u00f1as, motosierras de altura y sopladoras.<\/p>\n<p>Esta actividad, en la que estar\u00e1 acompa\u00f1ado por Ghi y Sabbatella, forma parte de la l\u00ednea Ambiental del programa \u00abMunicipios de Pie\u00bb del Ministerio del Interior, y que en el caso de Mor\u00f3n contribuyeron a acondicionar y poner en valor espacios como el Vivero Municipal, el Espacio de Agroecolog\u00eda Urbana, la Reserva Natural Urbana de Castelar y la nueva Reserva Urbana de El Palomar, seg\u00fan detallaron desde la intendencia. <\/p>\n","protected":false},"excerpt":{"rendered":"<p>Foto: Diego Izquierdo. El ministro del Interior, Eduardo \u00abWado\u00bb De Pedro, participar\u00e1 este jueves a las 15 de un plenario de las organizaciones pol\u00edticas, sociales y gremiales que integran la flamante Uni\u00f3n por la Patria (ex Frente de Todos) en la localidad bonaerense de Mor\u00f3n, donde compartir\u00e1 un encuentro con la militancia local junto al [&hellip;]<\/p>\n","protected":false},"author":1,"featured_media":61700,"comment_status":"open","ping_status":"closed","sticky":false,"template":"","format":"standard","meta":[],"categories":[19],"tags":[],"_links":{"self":[{"href":"http:\/\/hoycordobaweb.com\/index.php\/wp-json\/wp\/v2\/posts\/61699"}],"collection":[{"href":"http:\/\/hoycordobaweb.com\/index.php\/wp-json\/wp\/v2\/posts"}],"about":[{"href":"http:\/\/hoycordobaweb.com\/index.php\/wp-json\/wp\/v2\/types\/post"}],"author":[{"embeddable":true,"href":"http:\/\/hoycordobaweb.com\/index.php\/wp-json\/wp\/v2\/users\/1"}],"replies":[{"embeddable":true,"href":"http:\/\/hoycordobaweb.com\/index.php\/wp-json\/wp\/v2\/comments?post=61699"}],"version-history":[{"count":0,"href":"http:\/\/hoycordobaweb.com\/index.php\/wp-json\/wp\/v2\/posts\/61699\/revisions"}],"wp:featuredmedia":[{"embeddable":true,"href":"http:\/\/hoycordobaweb.com\/index.php\/wp-json\/wp\/v2\/media\/61700"}],"wp:attachment":[{"href":"http:\/\/hoycordobaweb.com\/index.php\/wp-json\/wp\/v2\/media?parent=61699"}],"wp:term":[{"taxonomy":"category","embeddable":true,"href":"http:\/\/hoycordobaweb.com\/index.php\/wp-json\/wp\/v2\/categories?post=61699"},{"taxonomy":"post_tag","embeddable":true,"href":"http:\/\/hoycordobaweb.com\/index.php\/wp-json\/wp\/v2\/tags?post=61699"}],"curies":[{"name":"wp","href":"https:\/\/api.w.org\/{rel}","templated":true}]}}