{"id":61687,"date":"2023-06-14T23:09:38","date_gmt":"2023-06-14T23:09:38","guid":{"rendered":"https:\/\/www.ole.com.ar\/futbol-internacional\/amistoso-uruguay-nicaragua-debut-marcelo-bielsa_0_yXrt35YQjM.html"},"modified":"2023-06-14T23:09:38","modified_gmt":"2023-06-14T23:09:38","slug":"la-era-bielsa-en-uruguay-arranco-con-una-goleada","status":"publish","type":"post","link":"http:\/\/hoycordobaweb.com\/index.php\/2023\/06\/14\/la-era-bielsa-en-uruguay-arranco-con-una-goleada\/","title":{"rendered":"La era Bielsa en Uruguay arranc\u00f3 con una goleada"},"content":{"rendered":"<p><img src=\"http:\/\/hoycordobaweb.com\/wp-content\/uploads\/2023\/06\/la-era-bielsa-en-uruguay-arranco-con-una-goleada.jpg\"><\/p>\n<p><time class=\"createDate\" datetime=\"2023-06-14T20:09:38-03:00\">14\/06\/2023 20:09hs.<\/time><time class=\"modificatedDate\" datetime=\"2023\/06\/14T23:08:48-03:00\"> Actualizado al 14\/06\/2023 23:08hs.<\/time><\/p>\n<div id=\"storyBody\">\n<div class=\"custom-text \" readability=\"37\">\n<p>El Mundial de Qatar signific\u00f3 el punto final de una generaci\u00f3n extraordinaria en Uruguay. Marcelo Bielsa fue elegido nada menos que para ser el entrenador en este recambio generacional de la Celeste de cara a la Copa del Mundo de 2026.<strong> En su estreno en Montevideo, el Loco apost\u00f3 por la nueva camada y gole\u00f3 4-1 a Nicaragua, con momentos de alto vuelo y otros m\u00e1s bien pac\u00edficos.<\/strong><\/p>\n<\/div>\n<div class=\"custom-text \" readability=\"43\">\n<p><strong>Si este no es el recambio, \u00bfel recambio en d\u00f3nde est\u00e1?<\/strong> Emiliano Mart\u00ednez, Rodrigo Zalazar, Brian Rodr\u00edguez, Maxi Ara\u00fajo y Facundo Pellistri son nombres a los que el futbolero se deber\u00e1 ir acostumbrando. Ya sin Luis Su\u00e1rez, sin Edinson Cavani, sin Federico Valverde (el DT lo tendr\u00e1 en cuenta, pero le dio vacaciones), <strong>Bielsa puso en Montevideo un equipo con promedio de edad de 24 a\u00f1os. Ac\u00e1 est\u00e1 el futuro de Uruguay.<\/strong><\/p>\n<\/div>\n<div class=\"custom-text \" readability=\"41\">\n<p><strong>La Celeste control\u00f3 el desarrollo del partido de principio a fin, siendo due\u00f1o de la pelota y de las situaciones de peligro,<\/strong> ante un rival de muy baja jerarqu\u00eda. Sin embargo, para los objetivos de Bielsa, la diferencia de jerarqu\u00eda no ten\u00eda importancia: <strong>el entrenador argentino quiso ver qu\u00e9 ten\u00edan para ofrecer sus j\u00f3venes, ver conexiones, la qu\u00edmica entre ellos<\/strong>. Y vaya si la tienen&#8230;<\/p>\n<\/div>\n<div class=\"sc-e7b891c4-0 jPbnQF\"><img alt=\"La celebraci\u00f3n de Uruguay en el Centenario. (AFP)\" src=\"http:\/\/hoycordobaweb.com\/wp-content\/uploads\/2023\/06\/la-era-bielsa-en-uruguay-arranco-con-una-goleada-2.jpg\" width=\"72\" height=\"10\" decoding=\"async\" data-nimg=\"future\" loading=\"lazy\"><span class=\"epigraphe\">La celebraci\u00f3n de Uruguay en el Centenario. (AFP)<\/span><\/div>\n<div class=\"custom-text \" readability=\"39\">\n<p>El primer equipo de Bielsa en Uruguay estuvo conformado por: Franco Israel; Guillermo Varela, Sebasti\u00e1n C\u00e1ceres, Mat\u00edas Vi\u00f1a y Lucas Olaza; Rodrigo Zalazar y Emiliano Mart\u00ednez; Brian Rodr\u00edguez, Maxi Ara\u00fajo y Facundo Pellistri; y Mat\u00edas Arezo<strong>. Este 4-2-3-1 tuvo chispazos de la idea que caracteriza al Loco: tenencia de pelota, profundidad en los ataques y presi\u00f3n sobre la pelota. <\/strong><\/p>\n<\/div>\n<div class=\"custom-text \" readability=\"43\">\n<p><strong>La ventaja lleg\u00f3 r\u00e1pido<\/strong>: a los 7&#8242;, una gran jugada colectiva termin\u00f3 con un centro atr\u00e1s de Pellistri, en el aire, que Arezo empuj\u00f3 al gol. Zalazar, en el cierre de la primera mitad, culmin\u00f3 un contragolpe letal para el 2-0. Y <strong>luego de un bache en el complemento, la Celeste aceler\u00f3 y clav\u00f3 dos m\u00e1s, de la mano de Brian Rodr\u00edguez y nuevamente Zalazar, la gran figura del debut<\/strong>. S\u00f3lo Luis Coronel evit\u00f3 el 0 en el marcador de la visita. <\/p>\n<\/div>\n<div class=\"custom-text \" readability=\"39\">\n<p>Este fue el primer paso de una camada que promete en Uruguay. Adem\u00e1s, est\u00e1 respaldada por otra que se acaba de consagrar en el Mundial Sub 20 de Argentina. <strong>Est\u00e1 claro que la Celeste tiene material, adem\u00e1s de los Bentancur, los Valverde, los Ara\u00fajo y los Darwin N\u00fa\u00f1ez. Y qui\u00e9n mejor que Bielsa para poder potenciarlos.<\/strong><\/p>\n<\/div>\n<div class=\"sc-e7b891c4-0 jPbnQF\"><img alt=\"Bielsa, dando indicaciones en Montevideo. (AFP)\" src=\"http:\/\/hoycordobaweb.com\/wp-content\/uploads\/2023\/06\/la-era-bielsa-en-uruguay-arranco-con-una-goleada-3.jpg\" width=\"72\" height=\"10\" decoding=\"async\" data-nimg=\"future\" loading=\"lazy\"><span class=\"epigraphe\">Bielsa, dando indicaciones en Montevideo. (AFP)<\/span><\/div>\n<p><h2><strong><em>Lo mejor de Uruguay-Nicaragua<\/em><\/strong><\/h2>\n<\/p>\n<div class=\"sc-7ce6049-0 dwIKul\">\n<div class=\"sc-7ce6049-1 bdcBBS videoText\" id=\"contentTitleundefinedz1FFlicl\" readability=\"56\"><svg fill=\"#ffffff\"><symbol id=\"play\" viewBox=\"0 0 512 512\"><path d=\"M512 256C512 397.4 397.4 512 256 512C114.6 512 0 397.4 0 256C0 114.6 114.6 0 256 0C397.4 0 512 114.6 512 256zM176 168V344C176 352.7 180.7 360.7 188.3 364.9C195.8 369.2 205.1 369 212.5 364.5L356.5 276.5C363.6 272.1 368 264.4 368 256C368 247.6 363.6 239.9 356.5 235.5L212.5 147.5C205.1 142.1 195.8 142.8 188.3 147.1C180.7 151.3 176 159.3 176 168V168z\" \/><\/symbol><use xlink:href=\"#play\" \/><\/svg><\/p>\n<div class=\"right\" readability=\"7\">\n<p>Selecci\u00f3n de Uruguay<!-- --> &#8211;<!-- --> <span>14-6-2023<\/span><\/p>\n<h2 class=\"title-vid\">El primer gol de Uruguay en el ciclo de Bielsa<\/h2>\n<\/div>\n<\/div>\n<p><span class=\"back\" id=\"spanBackundefinedz1FFlicl\"><\/span><\/div>\n<div class=\"sc-7ce6049-0 dwIKul\">\n<div class=\"sc-7ce6049-1 bdcBBS videoText\" id=\"contentTitleundefined7sgiavC2\" readability=\"56\"><svg fill=\"#ffffff\"><symbol id=\"play\" viewBox=\"0 0 512 512\"><path d=\"M512 256C512 397.4 397.4 512 256 512C114.6 512 0 397.4 0 256C0 114.6 114.6 0 256 0C397.4 0 512 114.6 512 256zM176 168V344C176 352.7 180.7 360.7 188.3 364.9C195.8 369.2 205.1 369 212.5 364.5L356.5 276.5C363.6 272.1 368 264.4 368 256C368 247.6 363.6 239.9 356.5 235.5L212.5 147.5C205.1 142.1 195.8 142.8 188.3 147.1C180.7 151.3 176 159.3 176 168V168z\" \/><\/symbol><use xlink:href=\"#play\" \/><\/svg><\/p>\n<div class=\"right\" readability=\"7\">\n<p>Selecci\u00f3n de Uruguay<!-- --> &#8211;<!-- --> <span>14-6-2023<\/span><\/p>\n<h2 class=\"title-vid\">El segundo gol de Uruguay ante Nicaragua<\/h2>\n<\/div>\n<\/div>\n<p><span class=\"back\" id=\"spanBackundefined7sgiavC2\"><\/span><\/div>\n<div class=\"sc-7ce6049-0 dwIKul\">\n<div class=\"sc-7ce6049-1 bdcBBS videoText\" id=\"contentTitleundefinedhe0M03kO\" readability=\"56\"><svg fill=\"#ffffff\"><symbol id=\"play\" viewBox=\"0 0 512 512\"><path d=\"M512 256C512 397.4 397.4 512 256 512C114.6 512 0 397.4 0 256C0 114.6 114.6 0 256 0C397.4 0 512 114.6 512 256zM176 168V344C176 352.7 180.7 360.7 188.3 364.9C195.8 369.2 205.1 369 212.5 364.5L356.5 276.5C363.6 272.1 368 264.4 368 256C368 247.6 363.6 239.9 356.5 235.5L212.5 147.5C205.1 142.1 195.8 142.8 188.3 147.1C180.7 151.3 176 159.3 176 168V168z\" \/><\/symbol><use xlink:href=\"#play\" \/><\/svg><\/p>\n<div class=\"right\" readability=\"7\">\n<p>Selecci\u00f3n de Uruguay<!-- --> &#8211;<!-- --> <span>14-6-2023<\/span><\/p>\n<h2 class=\"title-vid\">El 3 a 0 del Uruguay de Bielsa<\/h2>\n<\/div>\n<\/div>\n<p><span class=\"back\" id=\"spanBackundefinedhe0M03kO\"><\/span><\/div>\n<div class=\"sc-7ce6049-0 dwIKul\">\n<div class=\"sc-7ce6049-1 bdcBBS videoText\" id=\"contentTitleundefinedpn41Lt4T\" readability=\"56\"><svg fill=\"#ffffff\"><symbol id=\"play\" viewBox=\"0 0 512 512\"><path d=\"M512 256C512 397.4 397.4 512 256 512C114.6 512 0 397.4 0 256C0 114.6 114.6 0 256 0C397.4 0 512 114.6 512 256zM176 168V344C176 352.7 180.7 360.7 188.3 364.9C195.8 369.2 205.1 369 212.5 364.5L356.5 276.5C363.6 272.1 368 264.4 368 256C368 247.6 363.6 239.9 356.5 235.5L212.5 147.5C205.1 142.1 195.8 142.8 188.3 147.1C180.7 151.3 176 159.3 176 168V168z\" \/><\/symbol><use xlink:href=\"#play\" \/><\/svg><\/p>\n<div class=\"right\" readability=\"7\">\n<p>Selecci\u00f3n de Uruguay<!-- --> &#8211;<!-- --> <span>14-6-2023<\/span><\/p>\n<h2 class=\"title-vid\">Uruguay sentenci\u00f3 el encuentro ante Nicaragua<\/h2>\n<\/div>\n<\/div>\n<p><span class=\"back\" id=\"spanBackundefinedpn41Lt4T\"><\/span><\/div>\n<p><h2><strong><em>El festejo de los campeones Sub 20<\/em><\/strong><\/h2>\n<\/p>\n<div class=\"custom-text \" readability=\"40\">\n<p><strong>Este encuentro estuvo lleno de expectativas. No s\u00f3lo por el debut del entrenador argentino<\/strong>, sino tambi\u00e9n por el furor que caus\u00f3 en el pa\u00eds la consagraci\u00f3n del elenco charr\u00faa en el Mundial Sub 20, en donde consigui\u00f3 su primer t\u00edtulo de la categor\u00eda tras vencer 1 a 0 a Italia en la final. Por ese motivo, <strong>antes del partido hubo una celebraci\u00f3n oficial juntos a los jugadores<\/strong>, que fueron reconocidos por las autoridades y por los hinchas, junto a un espect\u00e1culo musical.<\/p>\n<\/div>\n<div class=\"custom-text \" readability=\"38\">\n<p>Adem\u00e1s de estos festejos, el amistoso sum\u00f3 el plus de la apuesta hecha por Bielsa en su debut,<strong> ya que cit\u00f3 a siete integrantes de los campeones Sub 20 en esta primera convocatoria. <\/strong>Con un primer 11 con muchas caras que formar\u00e1n parte de una marcada renovaci\u00f3n y sin los grandes hist\u00f3ricos, se vivi\u00f3 una jornada muy especial en el Centenario.<\/p>\n<\/div>\n<div class=\"sc-e7b891c4-0 jPbnQF\"><img alt=\"Los campeones del Sub 20 de Uruguay, reconocidos en el Centenario. AFP.\" src=\"http:\/\/hoycordobaweb.com\/wp-content\/uploads\/2023\/06\/la-era-bielsa-en-uruguay-arranco-con-una-goleada-4.jpg\" width=\"72\" height=\"10\" decoding=\"async\" data-nimg=\"future\" loading=\"lazy\"><span class=\"epigraphe\">Los campeones del Sub 20 de Uruguay, reconocidos en el Centenario. AFP.<\/span><\/div>\n<p><h2><strong><em>Las estad\u00edsticas del partido<\/em><\/strong><\/h2>\n<\/p>\n<div class=\"sc-a7166897-0 exHLBh\" readability=\"7\">\n<section readability=\"4\"><picture><img alt=\"Scaloni, sobre Messi y el Mundial 2026: &quot;Sus declaraciones me parecen muy prudentes de un tipo que no vende humo y no miente&quot;\" src=\"http:\/\/hoycordobaweb.com\/wp-content\/uploads\/2023\/06\/la-era-bielsa-en-uruguay-arranco-con-una-goleada-5.jpg\" width=\"29\" height=\"29\" decoding=\"async\" data-nimg=\"future\" loading=\"lazy\"><\/picture>\n<p><span>Mir\u00e1 tambi\u00e9n<\/span><\/p>\n<hr>\n<h3>Scaloni, sobre Messi y el Mundial 2026: \u00abSus declaraciones me parecen muy prudentes de un tipo que no vende humo y no miente\u00bb<\/h3>\n<\/p>\n<\/section>\n<\/div>\n<div class=\"sc-a7166897-0 exHLBh\" readability=\"6\">\n<section readability=\"2\"><picture><img alt=\"Lo que hay que saber para entender la frase de Messi sobre el Mundial 2026\" src=\"http:\/\/hoycordobaweb.com\/wp-content\/uploads\/2023\/06\/la-era-bielsa-en-uruguay-arranco-con-una-goleada-6.jpg\" width=\"29\" height=\"29\" decoding=\"async\" data-nimg=\"future\" loading=\"lazy\"><\/picture>\n<p><span>Mir\u00e1 tambi\u00e9n<\/span><\/p>\n<hr>\n<h3>Lo que hay que saber para entender la frase de Messi sobre el Mundial 2026<\/h3>\n<\/p>\n<\/section>\n<\/div>\n<div class=\"sc-a7166897-0 exHLBh\" readability=\"6.5\">\n<section readability=\"3\"><picture><img alt=\"Argentina vs. Australia: hora y c\u00f3mo ver en vivo el amistoso de la Selecci\u00f3n y Messi\" src=\"http:\/\/hoycordobaweb.com\/wp-content\/uploads\/2023\/06\/la-era-bielsa-en-uruguay-arranco-con-una-goleada-7.jpg\" width=\"29\" height=\"29\" decoding=\"async\" data-nimg=\"future\" loading=\"lazy\"><\/picture>\n<p><span>Mir\u00e1 tambi\u00e9n<\/span><\/p>\n<hr>\n<h3>Argentina vs. Australia: hora y c\u00f3mo ver en vivo el amistoso de la Selecci\u00f3n y Messi<\/h3>\n<\/p>\n<\/section>\n<\/div>\n<\/div>\n","protected":false},"excerpt":{"rendered":"<p>14\/06\/2023 20:09hs. Actualizado al 14\/06\/2023 23:08hs. El Mundial de Qatar signific\u00f3 el punto final de una generaci\u00f3n extraordinaria en Uruguay. Marcelo Bielsa fue elegido nada menos que para ser el entrenador en este recambio generacional de la Celeste de cara a la Copa del Mundo de 2026. En su estreno en Montevideo, el Loco apost\u00f3 [&hellip;]<\/p>\n","protected":false},"author":1,"featured_media":61688,"comment_status":"open","ping_status":"closed","sticky":false,"template":"","format":"standard","meta":[],"categories":[16],"tags":[],"_links":{"self":[{"href":"http:\/\/hoycordobaweb.com\/index.php\/wp-json\/wp\/v2\/posts\/61687"}],"collection":[{"href":"http:\/\/hoycordobaweb.com\/index.php\/wp-json\/wp\/v2\/posts"}],"about":[{"href":"http:\/\/hoycordobaweb.com\/index.php\/wp-json\/wp\/v2\/types\/post"}],"author":[{"embeddable":true,"href":"http:\/\/hoycordobaweb.com\/index.php\/wp-json\/wp\/v2\/users\/1"}],"replies":[{"embeddable":true,"href":"http:\/\/hoycordobaweb.com\/index.php\/wp-json\/wp\/v2\/comments?post=61687"}],"version-history":[{"count":0,"href":"http:\/\/hoycordobaweb.com\/index.php\/wp-json\/wp\/v2\/posts\/61687\/revisions"}],"wp:featuredmedia":[{"embeddable":true,"href":"http:\/\/hoycordobaweb.com\/index.php\/wp-json\/wp\/v2\/media\/61688"}],"wp:attachment":[{"href":"http:\/\/hoycordobaweb.com\/index.php\/wp-json\/wp\/v2\/media?parent=61687"}],"wp:term":[{"taxonomy":"category","embeddable":true,"href":"http:\/\/hoycordobaweb.com\/index.php\/wp-json\/wp\/v2\/categories?post=61687"},{"taxonomy":"post_tag","embeddable":true,"href":"http:\/\/hoycordobaweb.com\/index.php\/wp-json\/wp\/v2\/tags?post=61687"}],"curies":[{"name":"wp","href":"https:\/\/api.w.org\/{rel}","templated":true}]}}