{"id":61685,"date":"2023-06-14T23:10:06","date_gmt":"2023-06-14T23:10:06","guid":{"rendered":"https:\/\/www.ole.com.ar\/futbol-internacional\/rodrygo-guino-mbappe-real-madrid-psg_0_6g3N77jtT9.html"},"modified":"2023-06-14T23:10:06","modified_gmt":"2023-06-14T23:10:06","slug":"el-guino-de-rodrygo-a-mbappe-me-haria-mucha-ilusion-que-viniera","status":"publish","type":"post","link":"http:\/\/hoycordobaweb.com\/index.php\/2023\/06\/14\/el-guino-de-rodrygo-a-mbappe-me-haria-mucha-ilusion-que-viniera\/","title":{"rendered":"El gui\u00f1o de Rodrygo a Mbapp\u00e9: \u00abMe har\u00eda mucha ilusi\u00f3n que viniera\u00bb"},"content":{"rendered":"<p><img src=\"http:\/\/hoycordobaweb.com\/wp-content\/uploads\/2023\/06\/el-guino-de-rodrygo-a-mbappe-me-haria-mucha-ilusion-que-viniera.jpg\"><\/p>\n<p><time class=\"createDate\" datetime=\"2023-06-14T20:10:06-03:00\">14\/06\/2023 20:10hs.<\/time><time class=\"modificatedDate\" datetime=\"2023\/06\/14T20:10:05-03:00\"><\/time><\/p>\n<div id=\"storyBody\">\n<div class=\"custom-text \" readability=\"33.442028985507\">\n<p>No es la primera vez que Kylian Mbapp\u00e9 suena como posible refuerzo del Real Madrid<strong>. <\/strong>El delantero franc\u00e9s se encuentra en el Paris Saint Germain, pero no renovar\u00eda su contrato despu\u00e9s de 2024, por lo que el club parisino intentar\u00eda ponerlo a la venta en este mercado de pases.<a href=\"https:\/\/www.ole.com.ar\/ecuador\/internacional\/precio-kylian-mbappe-psg-francia-transferencias-mercado_0_DBBjkU3DMd.html\" target=\"_blank\" rel=\"noopener noreferrer\"> Claro, habr\u00e1 que ver qui\u00e9n pone los billetes sobre la mes<\/a>a. Y en medio de todo esto, <strong>algunos del Merengue se ilusionan con tenerlo.<\/strong><\/p>\n<\/div>\n<div class=\"custom-text \" readability=\"41\">\n<p>Este mi\u00e9rcoles, <strong>Rodrygo<\/strong>, delantero brasile\u00f1o de 22 a\u00f1os de los Blancos, habl\u00f3 del tema, en medio de la presencia con su selecci\u00f3n, y asegur\u00f3 que le encantar\u00eda jugar con \u00e9l: \u00abEs uno de los mejores jugadores del mundo y <strong>sabemos que ahora mismo necesitamos un jugador ah\u00ed, en esta posici\u00f3n que a \u00e9l le gusta jugar\u00bb<\/strong>.<\/p>\n<\/div>\n<p><h2><strong>Meti\u00f3 ficha para su llegada<\/strong><\/h2>\n<\/p>\n<div class=\"custom-text \" readability=\"40\">\n<p>El Real Madrid fich\u00f3 a Bellingham por poco m\u00e1s de 100.000.000 de euros. \u00bfIr\u00e1 nuevamente por Mbapp\u00e9, <strong>una debilidad del equipo espa\u00f1ol desde hace a\u00f1os? \u00bfLe dar\u00e1 la billetera? \u00abCuanto antes (se fiche al franc\u00e9s), mejor.<\/strong> Pero no s\u00f3lo Mbapp\u00e9. Si no puede venir Mbapp\u00e9 ahora, hay otros jugadores. <strong>Eso deben hablarlo Florentino (P\u00e9rez), (Carlo) Ancelotti y ver qu\u00e9 es lo mejor para el Real Madrid. <\/strong>Tiene contrato en vigor y tenemos que respetarlo\u00bb, reconoci\u00f3 Rodrygo.<\/p>\n<\/div>\n<div class=\"sc-e7b891c4-0 jPbnQF\"><img alt=\"El delantero se encuentra entrenando junto a su selecci\u00f3n. (Photo by FRANCK FIFE \/ AFP)\" src=\"http:\/\/hoycordobaweb.com\/wp-content\/uploads\/2023\/06\/el-guino-de-rodrygo-a-mbappe-me-haria-mucha-ilusion-que-viniera-2.jpg\" width=\"72\" height=\"10\" decoding=\"async\" data-nimg=\"future\" loading=\"lazy\"><span class=\"epigraphe\">El delantero se encuentra entrenando junto a su selecci\u00f3n. (Photo by FRANCK FIFE \/ AFP)<\/span><\/div>\n<div class=\"custom-text \" readability=\"39\">\n<p>Adem\u00e1s, admiti\u00f3 que le encantar\u00eda compartir equipo con el delantero de 24 a\u00f1os y defini\u00f3 c\u00f3mo lo ilusionar\u00eda su llegada en una escala del 1 al 10:<strong> \u00abPara m\u00ed, diez porque es un fen\u00f3meno, es uno de los mejores jugadores del mundo y sabemos que ahora mismo necesitamos un jugador ah\u00ed, en esta posici\u00f3n que a \u00e9l le gusta jugar\u00bb. <\/strong><\/p>\n<\/div>\n<div class=\"sc-e7b891c4-0 jPbnQF\"><img alt=\"Y a qui\u00e9n no podr\u00eda ilusionar... (EFE\/EPA\/TERESA SUAREZ)\" src=\"http:\/\/hoycordobaweb.com\/wp-content\/uploads\/2023\/06\/el-guino-de-rodrygo-a-mbappe-me-haria-mucha-ilusion-que-viniera-3.jpg\" width=\"72\" height=\"10\" decoding=\"async\" data-nimg=\"future\" loading=\"lazy\"><span class=\"epigraphe\">Y a qui\u00e9n no podr\u00eda ilusionar&#8230; (EFE\/EPA\/TERESA SUAREZ)<\/span><\/div>\n<div class=\"custom-text \" readability=\"35\">\n<p>Habr\u00e1 que ver qu\u00e9 sucede en los pr\u00f3ximos d\u00edas. Seg\u00fan la prensa de Francia, <strong>el delantero no seguir\u00e1 en el PSG y uno de los posibles destinos podr\u00eda ser la capital de Espa\u00f1a. <\/strong>\u00bfVestir\u00e1 la camiseta blanca?<\/p>\n<\/div>\n<div class=\"sc-e7b891c4-0 jPbnQF\"><img alt=\"Termina su contrato y se va. (EFE\/EPA\/TERESA SUAREZ)\" src=\"http:\/\/hoycordobaweb.com\/wp-content\/uploads\/2023\/06\/el-guino-de-rodrygo-a-mbappe-me-haria-mucha-ilusion-que-viniera-4.jpg\" width=\"72\" height=\"10\" decoding=\"async\" data-nimg=\"future\" loading=\"lazy\"><span class=\"epigraphe\">Termina su contrato y se va. (EFE\/EPA\/TERESA SUAREZ)<\/span><\/div>\n<div class=\"sc-a7166897-0 exHLBh\" readability=\"6\">\n<section readability=\"2\"><picture><img alt=\"\u00bfCu\u00e1nto pide el PSG por Mbapp\u00e9?\" src=\"http:\/\/hoycordobaweb.com\/wp-content\/uploads\/2023\/06\/el-guino-de-rodrygo-a-mbappe-me-haria-mucha-ilusion-que-viniera-5.jpg\" width=\"29\" height=\"29\" decoding=\"async\" data-nimg=\"future\" loading=\"lazy\"><\/picture>\n<p><span>Mir\u00e1 tambi\u00e9n<\/span><\/p>\n<hr>\n<h3>\u00bfCu\u00e1nto pide el PSG por Mbapp\u00e9?<\/h3>\n<\/p>\n<\/section>\n<\/div>\n<div class=\"sc-a7166897-0 exHLBh\" readability=\"6\">\n<section readability=\"2\"><picture><img alt=\"La dura cr\u00edtica de Kroos a Hazard: &quot;Ha dejado morir su carrera...&quot;\" src=\"http:\/\/hoycordobaweb.com\/wp-content\/uploads\/2023\/06\/el-guino-de-rodrygo-a-mbappe-me-haria-mucha-ilusion-que-viniera-6.jpg\" width=\"29\" height=\"29\" decoding=\"async\" data-nimg=\"future\" loading=\"lazy\"><\/picture>\n<p><span>Mir\u00e1 tambi\u00e9n<\/span><\/p>\n<hr>\n<h3>La dura cr\u00edtica de Kroos a Hazard: \u00abHa dejado morir su carrera&#8230;\u00bb<\/h3>\n<\/p>\n<\/section>\n<\/div>\n<div class=\"sc-a7166897-0 exHLBh\" readability=\"6\">\n<section readability=\"2\"><picture><img alt=\"Ni Mbappe ni Kane: el delantero que est\u00e1 al caer en Real Madrid\" src=\"http:\/\/hoycordobaweb.com\/wp-content\/uploads\/2023\/06\/el-guino-de-rodrygo-a-mbappe-me-haria-mucha-ilusion-que-viniera-7.jpg\" width=\"29\" height=\"29\" decoding=\"async\" data-nimg=\"future\" loading=\"lazy\"><\/picture>\n<p><span>Mir\u00e1 tambi\u00e9n<\/span><\/p>\n<hr>\n<h3>Ni Mbappe ni Kane: el delantero que est\u00e1 al caer en Real Madrid<\/h3>\n<\/p>\n<\/section>\n<\/div>\n<div class=\"sc-a7166897-0 exHLBh\" readability=\"6\">\n<section readability=\"2\"><picture><img alt=\"La desorbitante cifra que desembols\u00f3 el Real Madrid para llevarse a Bellingham\" src=\"http:\/\/hoycordobaweb.com\/wp-content\/uploads\/2023\/06\/el-guino-de-rodrygo-a-mbappe-me-haria-mucha-ilusion-que-viniera-8.jpg\" width=\"29\" height=\"29\" decoding=\"async\" data-nimg=\"future\" loading=\"lazy\"><\/picture>\n<p><span>Mir\u00e1 tambi\u00e9n<\/span><\/p>\n<hr>\n<h3>La desorbitante cifra que desembols\u00f3 el Real Madrid para llevarse a Bellingham<\/h3>\n<\/p>\n<\/section>\n<\/div>\n<div class=\"sc-a7166897-0 exHLBh\" readability=\"6\">\n<section readability=\"2\"><picture><img alt=\"La inesperada frase de Emanuel Macron sobre el futuro de Mbapp\u00e9 y el PSG\" src=\"http:\/\/hoycordobaweb.com\/wp-content\/uploads\/2023\/06\/el-guino-de-rodrygo-a-mbappe-me-haria-mucha-ilusion-que-viniera-9.jpg\" width=\"29\" height=\"29\" decoding=\"async\" data-nimg=\"future\" loading=\"lazy\"><\/picture>\n<p><span>Mir\u00e1 tambi\u00e9n<\/span><\/p>\n<hr>\n<h3>La inesperada frase de Emanuel Macron sobre el futuro de Mbapp\u00e9 y el PSG<\/h3>\n<\/p>\n<\/section>\n<\/div>\n<\/div>\n","protected":false},"excerpt":{"rendered":"<p>14\/06\/2023 20:10hs. No es la primera vez que Kylian Mbapp\u00e9 suena como posible refuerzo del Real Madrid. El delantero franc\u00e9s se encuentra en el Paris Saint Germain, pero no renovar\u00eda su contrato despu\u00e9s de 2024, por lo que el club parisino intentar\u00eda ponerlo a la venta en este mercado de pases. Claro, habr\u00e1 que ver [&hellip;]<\/p>\n","protected":false},"author":1,"featured_media":61686,"comment_status":"open","ping_status":"closed","sticky":false,"template":"","format":"standard","meta":[],"categories":[16],"tags":[],"_links":{"self":[{"href":"http:\/\/hoycordobaweb.com\/index.php\/wp-json\/wp\/v2\/posts\/61685"}],"collection":[{"href":"http:\/\/hoycordobaweb.com\/index.php\/wp-json\/wp\/v2\/posts"}],"about":[{"href":"http:\/\/hoycordobaweb.com\/index.php\/wp-json\/wp\/v2\/types\/post"}],"author":[{"embeddable":true,"href":"http:\/\/hoycordobaweb.com\/index.php\/wp-json\/wp\/v2\/users\/1"}],"replies":[{"embeddable":true,"href":"http:\/\/hoycordobaweb.com\/index.php\/wp-json\/wp\/v2\/comments?post=61685"}],"version-history":[{"count":0,"href":"http:\/\/hoycordobaweb.com\/index.php\/wp-json\/wp\/v2\/posts\/61685\/revisions"}],"wp:featuredmedia":[{"embeddable":true,"href":"http:\/\/hoycordobaweb.com\/index.php\/wp-json\/wp\/v2\/media\/61686"}],"wp:attachment":[{"href":"http:\/\/hoycordobaweb.com\/index.php\/wp-json\/wp\/v2\/media?parent=61685"}],"wp:term":[{"taxonomy":"category","embeddable":true,"href":"http:\/\/hoycordobaweb.com\/index.php\/wp-json\/wp\/v2\/categories?post=61685"},{"taxonomy":"post_tag","embeddable":true,"href":"http:\/\/hoycordobaweb.com\/index.php\/wp-json\/wp\/v2\/tags?post=61685"}],"curies":[{"name":"wp","href":"https:\/\/api.w.org\/{rel}","templated":true}]}}