{"id":61671,"date":"2023-06-14T16:36:13","date_gmt":"2023-06-14T16:36:13","guid":{"rendered":"https:\/\/ladecimaweb.com\/?p=16995"},"modified":"2023-06-14T16:36:13","modified_gmt":"2023-06-14T16:36:13","slug":"ppp-el-jueves-15-inicia-la-entrega-de-tarjeta-de-debito","status":"publish","type":"post","link":"http:\/\/hoycordobaweb.com\/index.php\/2023\/06\/14\/ppp-el-jueves-15-inicia-la-entrega-de-tarjeta-de-debito\/","title":{"rendered":"PPP: el jueves 15 inicia la entrega de tarjeta de d\u00e9bito"},"content":{"rendered":"<div class=\"boldgrid-section\">\n<div class=\"container\">\n<div class=\"row\">\n<div class=\"col-md-12 col-xs-12 col-sm-12\">\n<p>El Ministerio de Empleo y Formaci\u00f3n Profesional informa que, a partir del jueves 15 de junio, los beneficiarios del Programa Primer Paso y Primer Paso Aprendiz podr\u00e1n retirar sus tarjetas de d\u00e9bito emitidas por el Banco de la Provincia de C\u00f3rdoba.<\/p>\n<p>El cronograma se estipula seg\u00fan el \u00faltimo d\u00edgito correspondiente al D.N.I, en el d\u00eda y horario correspondiente. Deber\u00e1n presentar DNI y fotocopia del mismo.<\/p>\n<p>Cabe destacar que, en el caso de los menores de edad, los apoderados tendr\u00e1n que retirar los pl\u00e1sticos y la entrega ser\u00e1 seg\u00fan \u00e9l terminaci\u00f3n del D.N.I del apoderado asignado.<\/p>\n<p>En C\u00f3rdoba Capital el retiro de los pl\u00e1sticos se realizar\u00e1 en la sucursal BANCOR ubicada en Bernardo O\u2019Higgins 3551.<\/p>\n<p>Quienes sean parte del programa en el interior provincial la entrega se realizar\u00e1 en la sucursal asignada. Podr\u00e1n chequear la misma ingresando mediante CIDI a<span>&nbsp;<\/span><a href=\"https:\/\/programasempleo.cba.gov.ar\/\"><u>https:\/\/programasempleo.cba.gov.ar\/<\/u><span>&nbsp;<\/span><\/a>secci\u00f3n \u201cverificar sucursal asignada\u201d.<\/p>\n<p>En caso de contar, con anterioridad, con una cuenta bancaria en el Banco de la Provincia de C\u00f3rdoba, el beneficiario podr\u00e1 cobrar su beca est\u00edmulo en cualquier cajero autom\u00e1tico BANCOR.<\/p>\n<p><strong>El mi\u00e9rcoles 21 de junio estar\u00e1 depositado la primera beca est\u00edmulo.<\/strong><\/p>\n<h3 class=\"wp-block-heading\"><strong>Cronograma<\/strong><\/h3>\n<p><strong>C\u00d3RDOBA CAPITAL&nbsp;&nbsp;&nbsp;&nbsp;&nbsp;&nbsp;&nbsp;&nbsp;&nbsp;&nbsp;&nbsp;&nbsp;&nbsp;&nbsp;&nbsp;&nbsp;&nbsp;&nbsp;&nbsp;&nbsp;&nbsp;&nbsp;&nbsp;&nbsp;&nbsp;&nbsp;&nbsp;&nbsp;&nbsp;&nbsp;&nbsp;&nbsp;&nbsp;&nbsp;&nbsp;&nbsp;&nbsp;&nbsp;&nbsp;&nbsp;&nbsp;&nbsp;&nbsp;&nbsp;&nbsp;&nbsp;&nbsp;&nbsp;&nbsp;&nbsp;&nbsp;&nbsp;&nbsp;&nbsp;&nbsp; INTERIOR<\/strong><\/p>\n<p><em><strong>Jueves 15 de Junio&nbsp;&nbsp;&nbsp;&nbsp;&nbsp;&nbsp;&nbsp;&nbsp;&nbsp;&nbsp;&nbsp;&nbsp;&nbsp;&nbsp;&nbsp;&nbsp;&nbsp;&nbsp;&nbsp;&nbsp;&nbsp;&nbsp;&nbsp;&nbsp;&nbsp;&nbsp;&nbsp;&nbsp;&nbsp;&nbsp;&nbsp;&nbsp;&nbsp;&nbsp;&nbsp;&nbsp;&nbsp;&nbsp;&nbsp;&nbsp;&nbsp;&nbsp;&nbsp;&nbsp;&nbsp;&nbsp;&nbsp;&nbsp;&nbsp;&nbsp;&nbsp;&nbsp;&nbsp;&nbsp;&nbsp;&nbsp;&nbsp;&nbsp;&nbsp; Jueves 15 de Junio<\/strong><\/em><\/p>\n<ul>\n<li>8:30hs a 10:30 hs: Terminaci\u00f3n en 0&nbsp;&nbsp;&nbsp;&nbsp;&nbsp;&nbsp;&nbsp;&nbsp;&nbsp;&nbsp;&nbsp;&nbsp;&nbsp;&nbsp;&nbsp;&nbsp;&nbsp;&nbsp;&nbsp;&nbsp;&nbsp;&nbsp;&nbsp;&nbsp;&nbsp;&nbsp;&nbsp;&nbsp;&nbsp;&nbsp;&nbsp; 8:30 hs a 09:30 hs: Terminaci\u00f3n en 0<\/li>\n<li>10:30hs a 12:30hs: Terminaci\u00f3n en 1&nbsp;&nbsp;&nbsp;&nbsp;&nbsp;&nbsp;&nbsp;&nbsp;&nbsp;&nbsp;&nbsp;&nbsp;&nbsp;&nbsp;&nbsp;&nbsp;&nbsp;&nbsp;&nbsp;&nbsp;&nbsp;&nbsp;&nbsp;&nbsp;&nbsp;&nbsp;&nbsp;&nbsp;&nbsp;&nbsp; 10:30 hs a 11:30hs: Terminaci\u00f3n en 1<\/li>\n<li>12:30hs a 14:30hs: Terminaci\u00f3n en 2&nbsp;&nbsp;&nbsp;&nbsp;&nbsp;&nbsp;&nbsp;&nbsp;&nbsp;&nbsp;&nbsp;&nbsp;&nbsp;&nbsp;&nbsp;&nbsp;&nbsp;&nbsp;&nbsp;&nbsp;&nbsp;&nbsp;&nbsp;&nbsp;&nbsp;&nbsp;&nbsp;&nbsp;&nbsp;&nbsp; 11:30 hs a 12:30hs: Terminaci\u00f3n en 2<\/li>\n<li>14:30hs a 16:30hs: Terminaci\u00f3n en 3&nbsp;&nbsp;&nbsp;&nbsp;&nbsp;&nbsp;&nbsp;&nbsp;&nbsp;&nbsp;&nbsp;&nbsp;&nbsp;&nbsp;&nbsp;&nbsp;&nbsp;&nbsp;&nbsp;&nbsp;&nbsp;&nbsp;&nbsp;&nbsp;&nbsp;&nbsp;&nbsp;&nbsp;&nbsp;&nbsp; 12:30 hs a 13:30hs: Terminaci\u00f3n en 3<\/li>\n<\/ul>\n<p><em><strong>Viernes 16 de Junio&nbsp;&nbsp;&nbsp;&nbsp;&nbsp;&nbsp;&nbsp;&nbsp;&nbsp;&nbsp;&nbsp;&nbsp;&nbsp;&nbsp;&nbsp;&nbsp;&nbsp;&nbsp;&nbsp;&nbsp;&nbsp;&nbsp;&nbsp;&nbsp;&nbsp;&nbsp;&nbsp;&nbsp;&nbsp;&nbsp;&nbsp;&nbsp;&nbsp;&nbsp;&nbsp;&nbsp;&nbsp;&nbsp;&nbsp;&nbsp;&nbsp;&nbsp;&nbsp;&nbsp;&nbsp;&nbsp;&nbsp;&nbsp;&nbsp;&nbsp;&nbsp;&nbsp;&nbsp;&nbsp;&nbsp;&nbsp;&nbsp;&nbsp; Viernes 16 de Junio<\/strong><\/em><\/p>\n<ul>\n<li>8:30hs a 11:00 hs: Terminaci\u00f3n en 4&nbsp;&nbsp;&nbsp;&nbsp;&nbsp;&nbsp;&nbsp;&nbsp;&nbsp;&nbsp;&nbsp;&nbsp;&nbsp;&nbsp;&nbsp;&nbsp;&nbsp;&nbsp;&nbsp;&nbsp;&nbsp;&nbsp;&nbsp;&nbsp;&nbsp;&nbsp;&nbsp;&nbsp;&nbsp; 8:30hs a 10:00 hs: Terminaci\u00f3n en 4<\/li>\n<li>11:00hs a 14:00hs: Terminaci\u00f3n en 5&nbsp;&nbsp;&nbsp;&nbsp;&nbsp;&nbsp;&nbsp;&nbsp;&nbsp;&nbsp;&nbsp;&nbsp;&nbsp;&nbsp;&nbsp;&nbsp;&nbsp;&nbsp;&nbsp;&nbsp;&nbsp;&nbsp;&nbsp;&nbsp;&nbsp;&nbsp;&nbsp; 10:00hs a 11:30hs: Terminaci\u00f3n en 5<\/li>\n<li>14:00hs a 16:30hs: Terminaci\u00f3n en 6&nbsp;&nbsp;&nbsp;&nbsp;&nbsp;&nbsp;&nbsp;&nbsp;&nbsp;&nbsp;&nbsp;&nbsp;&nbsp;&nbsp;&nbsp;&nbsp;&nbsp;&nbsp;&nbsp;&nbsp;&nbsp;&nbsp;&nbsp;&nbsp;&nbsp;&nbsp;&nbsp;&nbsp;11:00hs a 13:30hs: Terminaci\u00f3n en 6<\/li>\n<\/ul>\n<p><em><strong>Mi\u00e9rcoles 21 de Junio&nbsp;&nbsp;&nbsp;&nbsp;&nbsp;&nbsp;&nbsp;&nbsp;&nbsp;&nbsp;&nbsp;&nbsp;&nbsp;&nbsp;&nbsp;&nbsp;&nbsp;&nbsp;&nbsp;&nbsp;&nbsp;&nbsp;&nbsp;&nbsp;&nbsp;&nbsp;&nbsp;&nbsp;&nbsp;&nbsp;&nbsp;&nbsp;&nbsp;&nbsp;&nbsp;&nbsp;&nbsp;&nbsp;&nbsp;&nbsp;&nbsp;&nbsp;&nbsp;&nbsp;&nbsp;&nbsp;&nbsp;&nbsp;&nbsp;&nbsp;&nbsp;&nbsp;&nbsp;&nbsp;&nbsp;&nbsp;&nbsp;&nbsp;&nbsp;&nbsp;&nbsp;&nbsp;&nbsp;&nbsp;&nbsp;&nbsp;&nbsp;&nbsp;&nbsp;&nbsp;&nbsp; Mi\u00e9rcoles 21 de Junio<\/strong><\/em><\/p>\n<ul>\n<li>8:30hs a 11:00 hs: Terminaci\u00f3n en 7&nbsp;&nbsp;&nbsp;&nbsp;&nbsp;&nbsp;&nbsp;&nbsp;&nbsp;&nbsp;&nbsp;&nbsp;&nbsp;&nbsp;&nbsp;&nbsp;&nbsp;&nbsp;&nbsp;&nbsp;&nbsp;&nbsp;&nbsp;&nbsp;&nbsp;&nbsp;&nbsp;&nbsp;&nbsp;&nbsp; 8:30hs a 10:00 hs: Terminaci\u00f3n en 7<\/li>\n<li>11:00hs a 14:00hs: Terminaci\u00f3n en 8&nbsp;&nbsp;&nbsp;&nbsp;&nbsp;&nbsp;&nbsp;&nbsp;&nbsp;&nbsp;&nbsp;&nbsp;&nbsp;&nbsp;&nbsp;&nbsp;&nbsp;&nbsp;&nbsp;&nbsp;&nbsp;&nbsp;&nbsp;&nbsp;&nbsp;&nbsp;&nbsp;&nbsp;&nbsp;&nbsp;10:00hs a 11:30hs: Terminaci\u00f3n en 8<\/li>\n<li>14:00hs a 16:30hs: Terminaci\u00f3n en 9&nbsp;&nbsp;&nbsp;&nbsp;&nbsp;&nbsp;&nbsp;&nbsp;&nbsp;&nbsp;&nbsp;&nbsp;&nbsp;&nbsp;&nbsp;&nbsp;&nbsp;&nbsp;&nbsp;&nbsp;&nbsp;&nbsp;&nbsp;&nbsp;&nbsp;&nbsp;&nbsp;&nbsp;&nbsp;&nbsp;11:30hs a 13:30hs: Terminaci\u00f3n en 9<\/li>\n<\/ul>\n<p class=\"\">Por consultas comunicarse al 351-5684750 o enviar un mensaje de WhatsApp al 351 8690655.<\/p>\n<p>M\u00e1s informaci\u00f3n en<span>&nbsp;<\/span><a href=\"http:\/\/empleoyformacion.cba.gov.ar\/\" target=\"_blank\" rel=\"noreferrer noopener\">empleoyformacion.cba.gov.ar<\/a><\/p>\n<p class=\"\">&nbsp;<\/p>\n<div class=\"ubm_banner\"><a href=\"http:\/\/www.cba.gov.ar\/prevencion-incendios\" target=\"_blank\" rel=\"dofollow noopener noreferrer\"><img src=\"http:\/\/hoycordobaweb.com\/wp-content\/uploads\/2023\/06\/ppp-el-jueves-15-inicia-la-entrega-de-tarjeta-de-debito.gif\" alt=\"\"><\/a><\/div>\n<\/div>\n<\/div>\n<\/div>\n<\/div>\n<p>La entrada <a rel=\"nofollow\" href=\"https:\/\/ladecimaweb.com\/ppp-el-jueves-15-inicia-la-entrega-de-tarjeta-de-debito\/\">PPP: el jueves 15 inicia la entrega de tarjeta de d\u00e9bito<\/a> se public\u00f3 primero en <a rel=\"nofollow\" href=\"https:\/\/ladecimaweb.com\">LaDecima<\/a>.<\/p>\n","protected":false},"excerpt":{"rendered":"<p>El Ministerio de Empleo y Formaci\u00f3n Profesional informa que, a partir del jueves 15 de junio, los beneficiarios del Programa Primer Paso y Primer Paso Aprendiz podr\u00e1n retirar sus tarjetas de d\u00e9bito emitidas por el Banco de la Provincia de C\u00f3rdoba. El cronograma se estipula seg\u00fan el \u00faltimo d\u00edgito correspondiente al D.N.I, en el d\u00eda [&hellip;]<\/p>\n","protected":false},"author":1,"featured_media":61672,"comment_status":"closed","ping_status":"closed","sticky":false,"template":"","format":"standard","meta":[],"categories":[19],"tags":[],"_links":{"self":[{"href":"http:\/\/hoycordobaweb.com\/index.php\/wp-json\/wp\/v2\/posts\/61671"}],"collection":[{"href":"http:\/\/hoycordobaweb.com\/index.php\/wp-json\/wp\/v2\/posts"}],"about":[{"href":"http:\/\/hoycordobaweb.com\/index.php\/wp-json\/wp\/v2\/types\/post"}],"author":[{"embeddable":true,"href":"http:\/\/hoycordobaweb.com\/index.php\/wp-json\/wp\/v2\/users\/1"}],"replies":[{"embeddable":true,"href":"http:\/\/hoycordobaweb.com\/index.php\/wp-json\/wp\/v2\/comments?post=61671"}],"version-history":[{"count":0,"href":"http:\/\/hoycordobaweb.com\/index.php\/wp-json\/wp\/v2\/posts\/61671\/revisions"}],"wp:featuredmedia":[{"embeddable":true,"href":"http:\/\/hoycordobaweb.com\/index.php\/wp-json\/wp\/v2\/media\/61672"}],"wp:attachment":[{"href":"http:\/\/hoycordobaweb.com\/index.php\/wp-json\/wp\/v2\/media?parent=61671"}],"wp:term":[{"taxonomy":"category","embeddable":true,"href":"http:\/\/hoycordobaweb.com\/index.php\/wp-json\/wp\/v2\/categories?post=61671"},{"taxonomy":"post_tag","embeddable":true,"href":"http:\/\/hoycordobaweb.com\/index.php\/wp-json\/wp\/v2\/tags?post=61671"}],"curies":[{"name":"wp","href":"https:\/\/api.w.org\/{rel}","templated":true}]}}