{"id":61656,"date":"2023-06-14T18:21:43","date_gmt":"2023-06-14T18:21:43","guid":{"rendered":"https:\/\/www.espinof.com\/otros\/como-se-rasca-nariz-asi-se-le-ocurrio-a-john-romita-uno-rasgos-caracteristicos-lobezno"},"modified":"2023-06-14T18:21:43","modified_gmt":"2023-06-14T18:21:43","slug":"como-se-rasca-la-nariz-asi-se-le-ocurrio-a-john-romita-uno-de-los-rasgos-mas-caracteristicos-de-lobezno-wolverine","status":"publish","type":"post","link":"http:\/\/hoycordobaweb.com\/index.php\/2023\/06\/14\/como-se-rasca-la-nariz-asi-se-le-ocurrio-a-john-romita-uno-de-los-rasgos-mas-caracteristicos-de-lobezno-wolverine\/","title":{"rendered":"\u00ab\u00bfC\u00f3mo se rasca la nariz?\u00bb. As\u00ed se le ocurri\u00f3 a John Romita uno de los rasgos m\u00e1s caracter\u00edsticos de Lobezno (Wolverine)"},"content":{"rendered":"<p><a href=\"http:\/\/espinof.com\/tag\/lobezno\">Lobezno <\/a>se ha quedado hu\u00e9rfano. Y, como \u00e9l, <strong>otros tantos superh\u00e9roes de Marvel con la muerte de John Romita<\/strong>. El legendario dibujante y director art\u00edstico de la editorial ha fallecido a los 93 a\u00f1os, tal como<a href=\"https:\/\/twitter.com\/JrRomita\/status\/1668823142775812096\"> ha informado su propio hijo<\/a> (y tambi\u00e9n ic\u00f3nico dibujante) John Romita Jr.<\/p>\n<p><!-- BREAK 1 --><\/p>\n<p>Conocido por toda una generaci\u00f3n por su larga etapa en &#8216;<strong>Amazing Spider-Man<\/strong>&#8216;, donde tuvo que sustituir a Steve Ditko, fue el que <strong>transform\u00f3 por completo el estilo del h\u00e9roe ar\u00e1cnido<\/strong> durante las aventuras guionizadas por Stan Lee adem\u00e1s de, como director art\u00edstico de la editorial, cocrear a uno de los grandes pesos pesados de los superh\u00e9roes marvelitas: Lobezno.<\/p>\n<p><!-- BREAK 2 --> <\/p>\n<div class=\"article-asset article-asset-normal article-asset-center\">\n<div class=\"desvio-container\">\n<div class=\"desvio\">\n<div class=\"desvio-figure js-desvio-figure\"> <a href=\"https:\/\/www.espinof.com\/proyectos\/de-x-men-a-logan-la-evolucion-de-lobezno-en-el-cine-de-los-mutantes\"> <img alt=\"De 'X-Men' a 'Logan': la evoluci\u00f3n de Lobezno en el cine de los mutantes\" src=\"http:\/\/hoycordobaweb.com\/wp-content\/uploads\/2023\/06\/como-se-rasca-la-nariz-asi-se-le-ocurrio-a-john-romita-uno-de-los-rasgos-mas-caracteristicos-de-lobezno-wolverine.png\"> <\/a> <\/div><\/div><\/div>\n<\/div>\n<p>Una creaci\u00f3n que, como suele pasar, viene con an\u00e9cdotas incluidas. Con su primera aparici\u00f3n para el n\u00famero 180 de &#8216;<strong>The Incredible Hulk<\/strong>&#8216;, donde el coloso esmeralda se adentraba en los bosques canadienses, <a href=\"https:\/\/www.espinof.com\/otros\/adios-a-len-wein-padre-de-lobezno-y-figura-esencial-en-los-comics-de-los-70-y-80\">el guionista Len Wein<\/a> se acerc\u00f3 a John Romita, por entonces director de arte de Marvel con un encargo: un personaje nuevo llamado Lobezno (Wolverine).<\/p>\n<p><!-- BREAK 3 --><\/p>\n<h2>Resulta que no es una loba<\/h2>\n<p><em>\u00ab\u00a1Entonces pens\u00e9 que un wolverine era una loba hembra!\u00bb<\/em>, admiti\u00f3 el dibujante entre risas en una entrevista para Frank Lovece. Con el \u00abM\u00e9todo Marvel\u00bb de Stan Lee, Romita estaba acostumbrado a recibir solo un nombre y, sin ninguna indicaci\u00f3n, <strong>tener que dise\u00f1ar al completo a un personaje<\/strong>. As\u00ed que cogi\u00f3 la enciclopedia de la oficina, vio que no era una loba sino otro tipo de animal:<\/p>\n<p><!-- BREAK 4 --> <\/p>\n<blockquote><p>\u00abUna peque\u00f1a y feroz criatura con rasgos felinos y garras. As\u00ed que fui a la mesa de dibujo y empec\u00e9 a dibujar bocetos. Como escrib\u00ed \u00abpeque\u00f1a\u00bb en mis notas, suger\u00ed en el boceto original el hacerle 5,4, 5,5 [1,64-1,67 metros]. Dije, \u00ab\u00e9l es feroz y es peque\u00f1o\u00bb as\u00ed que le haces un peque\u00f1o tipo cabreado.\u00bb<\/p><\/blockquote>\n<div class=\"article-asset-image article-asset-large\">\n<div class=\"asset-content\">\n<div class=\"base-wrapper-image\"> <img class=\"sf-lazy \" src=\"http:\/\/hoycordobaweb.com\/wp-content\/uploads\/2023\/06\/como-se-rasca-la-nariz-asi-se-le-ocurrio-a-john-romita-uno-de-los-rasgos-mas-caracteristicos-de-lobezno-wolverine.gif\" data-sf-srcset=\"http:\/\/hoycordobaweb.com\/wp-content\/uploads\/2023\/06\/como-se-rasca-la-nariz-asi-se-le-ocurrio-a-john-romita-uno-de-los-rasgos-mas-caracteristicos-de-lobezno-wolverine.jpg 450w, http:\/\/hoycordobaweb.com\/wp-content\/uploads\/2023\/06\/como-se-rasca-la-nariz-asi-se-le-ocurrio-a-john-romita-uno-de-los-rasgos-mas-caracteristicos-de-lobezno-wolverine-3.jpg 681w,http:\/\/hoycordobaweb.com\/wp-content\/uploads\/2023\/06\/como-se-rasca-la-nariz-asi-se-le-ocurrio-a-john-romita-uno-de-los-rasgos-mas-caracteristicos-de-lobezno-wolverine-4.jpg 1024w, http:\/\/hoycordobaweb.com\/wp-content\/uploads\/2023\/06\/como-se-rasca-la-nariz-asi-se-le-ocurrio-a-john-romita-uno-de-los-rasgos-mas-caracteristicos-de-lobezno-wolverine-5.jpg 1366w,\" data-sf-src=\"http:\/\/hoycordobaweb.com\/wp-content\/uploads\/2023\/06\/como-se-rasca-la-nariz-asi-se-le-ocurrio-a-john-romita-uno-de-los-rasgos-mas-caracteristicos-de-lobezno-wolverine.jpg\" alt=\"Lobezno Hulk\"> <noscript><img alt=\"Lobezno Hulk\" class src=\"http:\/\/hoycordobaweb.com\/wp-content\/uploads\/2023\/06\/como-se-rasca-la-nariz-asi-se-le-ocurrio-a-john-romita-uno-de-los-rasgos-mas-caracteristicos-de-lobezno-wolverine.jpg\"><\/noscript> <\/div><\/div>\n<\/div>\n<p>Si bien asegur\u00f3 que quiz\u00e1s la memoria le falle, Romita asegura que adem\u00e1s dise\u00f1\u00f3 el que quiz\u00e1s sea el rasgo m\u00e1s caracter\u00edstico de <strong>Lobezno: sus garras retr\u00e1ctiles<\/strong>. Y, la verdad, es que la idea de que eso fuese as\u00ed fue por pura l\u00f3gica:<\/p>\n<p><!-- BREAK 5 --><\/p>\n<blockquote><p>\u00abCuando hago un dise\u00f1o, quiero que sea pr\u00e1ctico y funcional. Pens\u00e9, \u00abSi un hombre tiene garras como esas, \u00bfc\u00f3mo se rasca la nariz o se ata los cordones?\u00bb\u00bb<\/p><\/blockquote>\n<div class=\"article-asset article-asset-normal article-asset-center\">\n<div class=\"desvio-container\">\n<div class=\"desvio\">\n<div class=\"desvio-figure js-desvio-figure\"> <a href=\"https:\/\/www.espinof.com\/otros\/metodo-marvel-mala-memoria-poco-morro-como-stan-lee-domino-discurso-torno-a-sus-creaciones\"> <img alt=\"M\u00e9todo Marvel, mala memoria y un poco de morro: c\u00f3mo Stan Lee domin\u00f3 el discurso en torno a sus creaciones \" src=\"http:\/\/hoycordobaweb.com\/wp-content\/uploads\/2023\/06\/como-se-rasca-la-nariz-asi-se-le-ocurrio-a-john-romita-uno-de-los-rasgos-mas-caracteristicos-de-lobezno-wolverine-1.jpg\"> <\/a> <\/div><\/div><\/div>\n<\/div>\n<p>Si bien fue <strong>Herb Trimpe el encargado de dibujar a Lobezno en su primera aparici\u00f3n<\/strong> en el mentado n\u00famero 180 de &#8216;Incredible Hulk&#8217; y, de hecho suele estar acreditado como cocreador, este asegura que no tuvo nada que ver con el dise\u00f1o del h\u00e9roe.<\/p>\n<p><!-- BREAK 6 --><\/p>\n<p><em>\u00abTal como lo veo, esos dos tipos [Romita y Wein] cosieron al monstruo juntos y fue el susto de mi vida.\u00bb<\/em>, reconoce Trimpe, quien tambi\u00e9n confiesa que para \u00e9l <strong>era uno de esos tantos secundarios y terciarios<\/strong> que pululaban las series como Hulk. De esos que aparecen y quiz\u00e1s nunca m\u00e1s se sabe.<\/p>\n<p><!-- BREAK 7 --> <\/p>\n<p>Afortunadamente, no fue as\u00ed y pronto el retaco malhumorado canadiense ser\u00eda recuperado para revivir una comatosa, por decirlo suavemente, serie de c\u00f3mics. El propio <strong>Len Wein coger\u00eda personajes nuevos y antiguos como Lobezno para una nueva generaci\u00f3n de &#8216;X-Men&#8217;<\/strong>&#8230; y el resto es historia.<\/p>\n<p><!-- BREAK 8 --><\/p>\n<p>Lobezno no es el \u00fanico dise\u00f1o que debemos a Romita. Bajo sus l\u00e1pices pas\u00f3 la plana mayor de los superh\u00e9roes marvelitas de los sesenta y setenta, incluyendo algunos rasgos tan caracter\u00edsticos como la calavera gigante de la camiseta de <strong>Punisher <\/strong>o el mism\u00edsimo <strong>Bullseye<\/strong>. Hubo un hombre en Marvel que lo hizo (casi) todo. <strong>Adi\u00f3s, John Romita<\/strong>.<\/p>\n<p><!-- BREAK 9 --><\/p>\n<p>En Espinof | <a href=\"https:\/\/www.espinof.com\/listas\/mejores-peliculas-superheroes-para-adultos\">Las 13 mejores pel\u00edculas de superh\u00e9roes \u00abpara adultos\u00bb<\/a><\/p>\n<p><!-- BREAK 10 --> <\/p>\n","protected":false},"excerpt":{"rendered":"<p>Lobezno se ha quedado hu\u00e9rfano. Y, como \u00e9l, otros tantos superh\u00e9roes de Marvel con la muerte de John Romita. El legendario dibujante y director art\u00edstico de la editorial ha fallecido a los 93 a\u00f1os, tal como ha informado su propio hijo (y tambi\u00e9n ic\u00f3nico dibujante) John Romita Jr. Conocido por toda una generaci\u00f3n por su [&hellip;]<\/p>\n","protected":false},"author":1,"featured_media":61657,"comment_status":"open","ping_status":"closed","sticky":false,"template":"","format":"standard","meta":[],"categories":[10],"tags":[],"_links":{"self":[{"href":"http:\/\/hoycordobaweb.com\/index.php\/wp-json\/wp\/v2\/posts\/61656"}],"collection":[{"href":"http:\/\/hoycordobaweb.com\/index.php\/wp-json\/wp\/v2\/posts"}],"about":[{"href":"http:\/\/hoycordobaweb.com\/index.php\/wp-json\/wp\/v2\/types\/post"}],"author":[{"embeddable":true,"href":"http:\/\/hoycordobaweb.com\/index.php\/wp-json\/wp\/v2\/users\/1"}],"replies":[{"embeddable":true,"href":"http:\/\/hoycordobaweb.com\/index.php\/wp-json\/wp\/v2\/comments?post=61656"}],"version-history":[{"count":0,"href":"http:\/\/hoycordobaweb.com\/index.php\/wp-json\/wp\/v2\/posts\/61656\/revisions"}],"wp:featuredmedia":[{"embeddable":true,"href":"http:\/\/hoycordobaweb.com\/index.php\/wp-json\/wp\/v2\/media\/61657"}],"wp:attachment":[{"href":"http:\/\/hoycordobaweb.com\/index.php\/wp-json\/wp\/v2\/media?parent=61656"}],"wp:term":[{"taxonomy":"category","embeddable":true,"href":"http:\/\/hoycordobaweb.com\/index.php\/wp-json\/wp\/v2\/categories?post=61656"},{"taxonomy":"post_tag","embeddable":true,"href":"http:\/\/hoycordobaweb.com\/index.php\/wp-json\/wp\/v2\/tags?post=61656"}],"curies":[{"name":"wp","href":"https:\/\/api.w.org\/{rel}","templated":true}]}}