{"id":61643,"date":"2023-06-14T03:12:00","date_gmt":"2023-06-14T03:12:00","guid":{"rendered":"http:\/\/hoycordobaweb.com\/index.php\/2023\/06\/14\/ante-diputados-agustin-rossi-defendio-la-politica-de-generacion-de-empleo\/"},"modified":"2023-06-14T03:12:00","modified_gmt":"2023-06-14T03:12:00","slug":"ante-diputados-agustin-rossi-defendio-la-politica-de-generacion-de-empleo","status":"publish","type":"post","link":"http:\/\/hoycordobaweb.com\/index.php\/2023\/06\/14\/ante-diputados-agustin-rossi-defendio-la-politica-de-generacion-de-empleo\/","title":{"rendered":"Ante Diputados, Agust\u00edn Rossi defendi\u00f3 la pol\u00edtica de generaci\u00f3n de empleo"},"content":{"rendered":"<p><img src=\"http:\/\/hoycordobaweb.com\/wp-content\/uploads\/2023\/06\/ante-diputados-agustin-rossi-defendio-la-politica-de-generacion-de-empleo.jpg\"><\/p>\n<figure class=\"mb-3\"><img loading=\"lazy\" data-src=\"http:\/\/hoycordobaweb.com\/wp-content\/uploads\/2023\/06\/ante-diputados-agustin-rossi-defendio-la-politica-de-generacion-de-empleo-2.jpg\" src=\"https:\/\/www.telam.com.ar\/assets\/img\/not_image.png\" class=\" lazy \" width=\"100%\" height=\"100%\" alt=\"Foto Eliana Obregn\"><figcaption> Foto: Eliana Obreg\u00f3n. <\/figcaption><\/figure>\n<p>El jefe de Gabinete, Agust\u00edn Rossi, remarc\u00f3 este martes en su informe en la C\u00e1mara de Diputados que <strong>\u00abla generaci\u00f3n de empleo en la Argentina es una de las pol\u00edticas m\u00e1s contundentes del Gobierno\u00bb<\/strong>; destac\u00f3 que con la puesta en marcha del gasoducto &#8216;N\u00e9stor Kirchner&#8217; \u00abse podr\u00e1n ahorrar 4 mil millones de d\u00f3lares en importaciones\u00bb y cuestion\u00f3 la pol\u00edtica de endeudamiento internacional del Gobierno de Juntos por el Cambio (JxC).<\/p>\n<p>En su segundo informe ante los diputados desde que asumi\u00f3 como Jefe de Gabinete, que se extendi\u00f3 durante 50 minutos, <strong>Rossi hizo adem\u00e1s un balance del crecimiento del empleo, destac\u00f3 la instrumentaci\u00f3n del plan de obras p\u00fablicas \u00abcon 5.000 en ejecuci\u00f3n\u00bb, la creaci\u00f3n de nuevas universidades y la entrega de pensiones por discapacidad.<\/strong><\/p>\n<p>Luego, para completar las seis horas de trabajo que demand\u00f3 la jornada, se alternaron las preguntas de los diferentes bloques con las respuestas del funcionario, con tiempos proporcionales al volumen de las bancadas.<\/p>\n<p>En su mensaje, Rossi -tambi\u00e9n precandidato presidencial del Frente de Todos (FdT)- critic\u00f3 el acuerdo alcanzado por el Gobierno de Mauricio Macri con el FMI; consider\u00f3 incre\u00edble\u00bb que se \u00abhaya podido firmar un acuerdo de esas caracter\u00edsticas\u00bb y sostuvo que \u00abpor el monto de la deuda del cr\u00e9dito con el FMI, el Congreso deber\u00eda haber tenido participaci\u00f3n\u00bb en la suscripci\u00f3n.<\/p>\n<div class=\"video_repositive\"> <a class=\"video_sticky\" href=\"javascript:void();\" onclick=\"removeStuckVideo(true);\"><i class=\"far fa-window-close\"><\/i><\/a> <\/p>\n<div id=\"b4mfzdEl3o0\" class=\"video_telam\" readability=\"6.5\">\n<div class=\"feature_article_inner\" readability=\"33\">\n<p><h2 class=\"text-center\">Rossi inici\u00f3 informe en Diputados: \u00abGeneraci\u00f3n de empleo es una de las pol\u00edticas m\u00e1s contundentes\u00bb<\/h2>\n<\/p><\/div>\n<p>VER VIDEO <i class=\"fas fa-play\"><\/i><\/p>\n<\/p><\/div><\/div>\n<p>Al defender la gesti\u00f3n del presidente Alberto Fern\u00e1ndez, Rossi asegur\u00f3 que la<strong> \u00abgeneraci\u00f3n de empleo en la Argentina en estos \u00faltimos a\u00f1os es una de las pol\u00edticas m\u00e1s contundentes del Gobierno\u00bb<\/strong> y se\u00f1al\u00f3 que <strong>\u00abllevamos 32 meses de crecimiento del empleo privado\u00bb.<\/strong><\/p>\n<p>\u00abEstos 32 meses consecutivos se convierten en una de las series m\u00e1s extensas de creaci\u00f3n de empleo desde el 2009. El \u00faltimo mes que se cre\u00f3 empleo durante la gesti\u00f3n de Macri fue en diciembre de 2017. Desde ah\u00ed se perdieron trabajos. Despu\u00e9s empez\u00f3 la pandemia y la cuarentena estricta\u00bb, record\u00f3.<\/p>\n<p>En ese sentido, destac\u00f3 que \u00ab<strong>las cosas no suceden, como alguna vez se dijo, por arte de magia, sino por pol\u00edticas y modelos que sostienen y se llevan adelante. En todo el Gobierno del presidente Alberto Fern\u00e1ndez hubo una clara intenci\u00f3n del desarrollo industrial en nuestro pa\u00eds\u00bb.<\/strong><\/p>\n<figure class=\"mb-3\"><img loading=\"lazy\" data-src=\"http:\/\/hoycordobaweb.com\/wp-content\/uploads\/2023\/06\/ante-diputados-agustin-rossi-defendio-la-politica-de-generacion-de-empleo-3.jpg\" src=\"https:\/\/www.telam.com.ar\/assets\/img\/not_image.png\" class=\" lazy \" width=\"100%\" height=\"100%\" alt=\"Foto Eliana Obregn\"><figcaption> Foto: Eliana Obreg\u00f3n. <\/figcaption><\/figure>\n<p>Detall\u00f3 asimismo que \u00abal mes de marzo se llevan 32 meses de crecimiento, el \u00faltimo mes creci\u00f3 el 0,3%, viene creciendo entre 0,2% y 0,4% desde agosto pasado\u00bb y precis\u00f3 que unos 19 mil ciudadanos \u00abconsiguieron trabajo desde marzo\u00bb.<\/p>\n<p>Se\u00f1al\u00f3 que la creaci\u00f3n de empleo se registr\u00f3 \u00aben todas las actividades de la econom\u00eda, con excepci\u00f3n de la agricultura, la pesca y la intermediaci\u00f3n financiera\u00bb, y precis\u00f3 que ese aumento se dio con m\u00e1s fuerza \u00aben la construcci\u00f3n, el turismo y la gastronom\u00eda, que fueron los motores de empleo privado de la Argentina\u00bb.<\/p>\n<p>Durante su exposici\u00f3n Rossi destac\u00f3 que una de las obras m\u00e1s importantes que se inaugurar\u00e1 ser\u00e1 el gasoducto &#8216;N\u00e9stor Kirchner&#8217; -previsto para el pr\u00f3ximo 20 de junio-, el cual permitir\u00e1 en \u00abla segunda mitad del a\u00f1o un ahorro de 2.000 millones de d\u00f3lares en exportaciones y al final ese ahorro va a ser de m\u00e1s de 4.000 millones de d\u00f3lares\u00bb.<\/p>\n<figure class=\"mb-3\"><img loading=\"lazy\" data-src=\"http:\/\/hoycordobaweb.com\/wp-content\/uploads\/2023\/06\/ante-diputados-agustin-rossi-defendio-la-politica-de-generacion-de-empleo-4.jpg\" src=\"https:\/\/www.telam.com.ar\/assets\/img\/not_image.png\" class=\" lazy \" width=\"100%\" height=\"100%\" alt=\"Foto Eliana Obregn\"><figcaption> Foto: Eliana Obreg\u00f3n. <\/figcaption><\/figure>\n<p>Destac\u00f3 que luego se empezar\u00e1 \u00abla segunda etapa del gasoducto &#8216;N\u00e9stor Kirchner&#8217; que viene a terminar en San Jer\u00f3nimo, Santa Fe, y ser\u00e1n otros 3.500 millones m\u00e1s de ahorro en importaciones de energ\u00eda y con todo el proceso de reversi\u00f3n que se est\u00e1 haciendo en el Norte la posibilidad de expansi\u00f3n a Bolivia, alimentando a grandes centros urbanos del propio Brasil\u00bb.<\/p>\n<p>\u00abSeg\u00fan nuestra empresa de energ\u00eda, Enarsa, el gasoducto ha permitido emplear a 9.800 trabajadores en forma directa y m\u00e1s de 40.000 en empleo indirecto\u00bb, indic\u00f3.<\/p>\n<p>Agreg\u00f3 que el gasoducto \u00abha sido financiado, en esta primera etapa, por el Tesoro Nacional y dentro de las l\u00edneas de financiamiento ha estado el impuesto a las grandes fortunas que fue sancionado por nuestro Gobierno, por nuestro Parlamento e impulsado por el entonces presidente de (el bloque de) diputados, M\u00e1ximo Kirchner, y el diputado Carlos Heller\u00bb.<\/p>\n<p>Tambi\u00e9n destac\u00f3 la reapertura de la f\u00e1brica de p\u00f3lvora y explosivos Fanazul, en la ciudad bonaerense de Azul, cerrada por la administraci\u00f3n de Mar\u00eda Eugenia Vidal hace 5 a\u00f1os y que el Gobierno nacional volvi\u00f3 a poner en marcha en mayo pasado: \u00abCuando uno toma decisiones tiene que tener una dimensi\u00f3n humana\u00bb, expres\u00f3.<\/p>\n<div class=\"video_repositive\"> <a class=\"video_sticky\" href=\"javascript:void();\" onclick=\"removeStuckVideo(true);\"><i class=\"far fa-window-close\"><\/i><\/a> <\/p>\n<div id=\"VLHJ_zO_8cQ\" class=\"video_telam\" readability=\"6\">\n<div class=\"feature_article_inner\" readability=\"32\">\n<p><h2 class=\"text-center\">Rossi afirm\u00f3 que el Gasoducto N\u00e9stor Kirchner \u00abes una de las obras m\u00e1s importantes de Argentina\u00bb<\/h2>\n<\/p><\/div>\n<p>VER VIDEO <i class=\"fas fa-play\"><\/i><\/p>\n<\/p><\/div><\/div>\n<h2 class> Apunt\u00f3 contra JxC <\/h2>\n<p>A la hora de las respuestas a los bloques, el jefe de Gabinete replic\u00f3 a diputados de Juntos por el Cambio (JxC) que criticaron al Gobierno y les dijo que \u00abse hagan cargo\u00bb del pa\u00eds que dejaron a fines de 2019.<\/p>\n<p>Rossi refut\u00f3 a los jefes de las bancadas de la UCR, Mario Negri, y del PRO, Cristian Ritondo, quienes vertieron duros conceptos sobre el Gobierno nacional en el bloque de preguntas que tiene cada bancada parlamentaria.<\/p>\n<p>Rossi expres\u00f3 que quer\u00eda \u00abdecirles a cada uno de ustedes que se hagan cargo de la parte que le corresponde\u00bb.<\/p>\n<p><strong>\u00abNo nos entregaron Disneylandia, nos entregaron un pa\u00eds con el 55% de inflaci\u00f3n, con una desocupaci\u00f3n del 10%, con tres a\u00f1os de recesi\u00f3n sobre cuatro de gobierno y con un endeudamiento con el Fondo Monetario Internacional (FMI) que nunca la Argentina hab\u00eda tenido<\/strong>\u00ab, afirm\u00f3.<\/p>\n<div class=\"video_repositive\"> <a class=\"video_sticky\" href=\"javascript:void();\" onclick=\"removeStuckVideo(true);\"><i class=\"far fa-window-close\"><\/i><\/a> <\/p>\n<div id=\"V0Psy4fJL30\" class=\"video_telam\" readability=\"6\">\n<div class=\"feature_article_inner\" readability=\"32\">\n<p><h2 class=\"text-center\">Rossi cruz\u00f3 a diputados de Juntos por el Cambio en su informe en la C\u00e1mara baja<\/h2>\n<\/p><\/div>\n<p>VER VIDEO <i class=\"fas fa-play\"><\/i><\/p>\n<\/p><\/div><\/div>\n<p>\u00abEntonces voy a ponerlo al rev\u00e9s. Sin sequ\u00eda, sin guerra y sin pandemia: todo eso lo hicieron en cuatro a\u00f1os de gesti\u00f3n. Nos dejaron ese pa\u00eds, de ese pa\u00eds nosotros nos hacemos cargo\u00bb, asever\u00f3.<\/p>\n<p>Sobre las elecciones, Rossi dijo que \u00abtodo indica que ser\u00e1 una elecci\u00f3n pareja\u00bb y le sugiri\u00f3 a JXC que \u00abprimero pongan la olla, porque est\u00e1n comiendo el postre, ya que est\u00e1n diciendo ustedes que ya ganaron las elecciones y dem\u00e1s. No pareciera que venga tan as\u00ed\u00bb.<\/p>\n<p>Negri dijo que \u00abeste gobierno ha naturalizado todo, nada es verdad, todo es mentira. \u00a1Son ficciones las que viven los argentinos cada vez que van al almac\u00e9n!\u00bb.<\/p>\n<p>A\u00f1adi\u00f3 que \u00abno nos hagan el &#8216;cuento del t\u00edo&#8217;. Nos est\u00e1n diciendo que fueron con 5.000 millones de yuanes, que vuelven con 10.000 millones de yuanes, como si eso no fuera nueva deuda que van a tener con China. \u00bfCreen que los chinos te regalan o te prestan? \u00bfEso no es nueva deuda? \u00bfEs un pr\u00e9stamo de beneficencia que lo devolv\u00e9s con la fundaci\u00f3n cuando ten\u00e9s tiempo?\u00bb.<\/p>\n<p>Por su parte, Ritondo puso de relieve que \u00abel 64% de los argentinos est\u00e1 en deuda; y no para comprarse un auto, para mejorar la casa o para viajar, se endeuda para comer\u00bb.<\/p>\n<p>Luego<strong> Rossi defendi\u00f3 el acuerdo con el gigante asi\u00e1tico y dijo que \u00abla ampliaci\u00f3n del swap se utilizar\u00e1 para seguir fomentando las importaciones de China\u00bb, para que \u00absean utilizadas en esa moneda y no afecten las reservas en d\u00f3lares<\/strong>\u00ab. Tambi\u00e9n mencion\u00f3 la posibilidad de \u00abir logrando ese mismo mecanismo con Brasil\u00bb.<\/p>\n<p>Previamente, al responder una pregunta de la diputada de la izquierda Romina del Pl\u00e1, Rossi descart\u00f3 que pueda suceder una situaci\u00f3n similar a la crisis del 2001.<\/p>\n<p>Se\u00f1al\u00f3 que \u00abno est\u00e1n las condiciones para que esto sea 2001, porque hay una red de contenci\u00f3n enorme a lo largo y ancho del pa\u00eds\u00bb.<\/p>\n<figure class=\"mb-3\"><img loading=\"lazy\" data-src=\"http:\/\/hoycordobaweb.com\/wp-content\/uploads\/2023\/06\/ante-diputados-agustin-rossi-defendio-la-politica-de-generacion-de-empleo-5.jpg\" src=\"https:\/\/www.telam.com.ar\/assets\/img\/not_image.png\" class=\" lazy \" width=\"100%\" height=\"100%\" alt=\"Foto Eliana Obregn\"><figcaption> Foto: Eliana Obreg\u00f3n. <\/figcaption><\/figure>\n<p><strong>Rossi, quien asumi\u00f3 el cargo el 15 de febrero, realiz\u00f3 su primera presentaci\u00f3n ante el Congreso con su visita a Diputados el pasado 29 de marzo, y el jueves 11 de mayo lo hizo ante el Senado.<\/strong><\/p>\n<p>De esta manera, cumplir\u00e1 con la prerrogativa de concurrir al Parlamento todos los meses, alternadamente a cada C\u00e1mara, como establece la Constituci\u00f3n en su art\u00edculo 101.<\/p>\n<p>El lunes se dieron a conocer las respuestas a las 1.254 preguntas enviadas oportunamente por los legisladores al jefe de Gabinete, en su mayor\u00eda vinculadas con la situaci\u00f3n econ\u00f3mica, la marcha de varias obras en el interior del pa\u00eds, la ejecuci\u00f3n presupuestaria y aspectos relacionados con la pol\u00edtica exterior.<\/p>\n<p><strong>En total hubo 2.769 preguntas, pero como muchas estaban referidas a los mismos temas se agruparon en 1.254<\/strong> con sus correspondientes respuestas.<\/p>\n","protected":false},"excerpt":{"rendered":"<p>Foto: Eliana Obreg\u00f3n. El jefe de Gabinete, Agust\u00edn Rossi, remarc\u00f3 este martes en su informe en la C\u00e1mara de Diputados que \u00abla generaci\u00f3n de empleo en la Argentina es una de las pol\u00edticas m\u00e1s contundentes del Gobierno\u00bb; destac\u00f3 que con la puesta en marcha del gasoducto &#8216;N\u00e9stor Kirchner&#8217; \u00abse podr\u00e1n ahorrar 4 mil millones de [&hellip;]<\/p>\n","protected":false},"author":1,"featured_media":61644,"comment_status":"open","ping_status":"closed","sticky":false,"template":"","format":"standard","meta":[],"categories":[19],"tags":[],"_links":{"self":[{"href":"http:\/\/hoycordobaweb.com\/index.php\/wp-json\/wp\/v2\/posts\/61643"}],"collection":[{"href":"http:\/\/hoycordobaweb.com\/index.php\/wp-json\/wp\/v2\/posts"}],"about":[{"href":"http:\/\/hoycordobaweb.com\/index.php\/wp-json\/wp\/v2\/types\/post"}],"author":[{"embeddable":true,"href":"http:\/\/hoycordobaweb.com\/index.php\/wp-json\/wp\/v2\/users\/1"}],"replies":[{"embeddable":true,"href":"http:\/\/hoycordobaweb.com\/index.php\/wp-json\/wp\/v2\/comments?post=61643"}],"version-history":[{"count":0,"href":"http:\/\/hoycordobaweb.com\/index.php\/wp-json\/wp\/v2\/posts\/61643\/revisions"}],"wp:featuredmedia":[{"embeddable":true,"href":"http:\/\/hoycordobaweb.com\/index.php\/wp-json\/wp\/v2\/media\/61644"}],"wp:attachment":[{"href":"http:\/\/hoycordobaweb.com\/index.php\/wp-json\/wp\/v2\/media?parent=61643"}],"wp:term":[{"taxonomy":"category","embeddable":true,"href":"http:\/\/hoycordobaweb.com\/index.php\/wp-json\/wp\/v2\/categories?post=61643"},{"taxonomy":"post_tag","embeddable":true,"href":"http:\/\/hoycordobaweb.com\/index.php\/wp-json\/wp\/v2\/tags?post=61643"}],"curies":[{"name":"wp","href":"https:\/\/api.w.org\/{rel}","templated":true}]}}