{"id":61633,"date":"2023-06-14T00:58:38","date_gmt":"2023-06-14T00:58:38","guid":{"rendered":"https:\/\/www.ole.com.ar\/messi\/fuerte-elogio-mbappe-messi_0_DdLGNStVRr.html"},"modified":"2023-06-14T00:58:38","modified_gmt":"2023-06-14T00:58:38","slug":"mbappe-sobre-messi-no-entiendo-por-que-tanta-gente-estaba-tan-aliviada-de-que-se-vaya","status":"publish","type":"post","link":"http:\/\/hoycordobaweb.com\/index.php\/2023\/06\/14\/mbappe-sobre-messi-no-entiendo-por-que-tanta-gente-estaba-tan-aliviada-de-que-se-vaya\/","title":{"rendered":"Mbapp\u00e9 sobre Messi: \u00abNo entiendo por qu\u00e9 tanta gente estaba tan aliviada de que se vaya\u00bb"},"content":{"rendered":"<p><img src=\"http:\/\/hoycordobaweb.com\/wp-content\/uploads\/2023\/06\/mbappe-sobre-messi-no-entiendo-por-que-tanta-gente-estaba-tan-aliviada-de-que-se-vaya.jpg\"><\/p>\n<p><time class=\"createDate\" datetime=\"2023-06-13T21:58:38-03:00\">13\/06\/2023 21:58hs.<\/time><time class=\"modificatedDate\" datetime=\"2023\/06\/13T22:06:02-03:00\"> Actualizado al 13\/06\/2023 22:06hs.<\/time><\/p>\n<div id=\"storyBody\">\n<div class=\"custom-text \" readability=\"34.325581395349\">\n<p><a href=\"https:\/\/www.ole.com.ar\/futbol-internacional\/francia\/mbappe-psg_0_izLIhYQVH6.html\" target=\"_blank\" rel=\"noopener noreferrer\">Kylian Mbapp\u00e9<\/a> est\u00e1 en el ojo de la tormenta en Francia porque anticip\u00f3 su decisi\u00f3n de no renovar su contrato con el<strong> Paris Saint Germain<\/strong> a partir de junio de 2024. En ese contexto, le concedi\u00f3 una entrevista a La Gazzetta dello Sport y le preguntaron por la salida de la Pulga del equipo franc\u00e9s.<\/p>\n<\/div>\n<div class=\"custom-text \" readability=\"33.128205128205\">\n<p>\u00ab\u00bfMessi?<strong> Estamos hablando de potencialmente el mejor jugador de la historia del f\u00fatbol. Nunca es una buena noticia cuando alguien como <a href=\"https:\/\/www.ole.com.ar\/messi\" target=\"_blank\" rel=\"noopener noreferrer\">Messi <\/a>se va\u00bb,<\/strong> afirm\u00f3 el delantero sobre su ex compa\u00f1ero.<\/p>\n<\/div>\n<div class=\"custom-text \" readability=\"34\">\n<p><strong>\u00abNo entiendo muy bien por qu\u00e9 tanta gente estaba tan aliviada de que se vaya. <\/strong>No obtuvo el respeto que merec\u00eda en Francia. Es una pena\u2026\u00bb, agreg\u00f3 Kylian.<\/p>\n<\/div>\n<div class=\"custom-text \" readability=\"36\">\n<p>Su fuerte defensa del argentino quiz\u00e1 exponga su relaci\u00f3n con la dirigencia del PSG. Es m\u00e1s, tampoco deber\u00eda gustarles a los fans, ya que algunos de ellos silbaron a Leo cuando termin\u00f3 su v\u00ednculo con el club.<\/p>\n<\/div>\n<div class=\"sc-e7b891c4-0 jPbnQF\"><img alt=\"Lionel Messi se abraza con Kylian Mbapp\u00e9 tras anotar el cuarto gol del Paris Saint-Germain en la victoria 4-3 ante Lille en la liga francesa, el domingo 19 de febrero de 2023. (AP Foto\/Christophe Ena)\" src=\"http:\/\/hoycordobaweb.com\/wp-content\/uploads\/2023\/06\/mbappe-sobre-messi-no-entiendo-por-que-tanta-gente-estaba-tan-aliviada-de-que-se-vaya-2.jpg\" width=\"72\" height=\"10\" decoding=\"async\" data-nimg=\"future\" loading=\"lazy\"><span class=\"epigraphe\">Lionel Messi se abraza con Kylian Mbapp\u00e9 tras anotar el cuarto gol del Paris Saint-Germain en la victoria 4-3 ante Lille en la liga francesa, el domingo 19 de febrero de 2023. (AP Foto\/Christophe Ena)<\/span><\/div>\n<div class=\"custom-text \" readability=\"36\">\n<p>\u00abNo he pedido dejar el PSG ni fichar por el Real Madrid. Solo le dije al club que no activar\u00eda la opci\u00f3n de ampliar mi contrato hasta 2025. Con el PSG nunca hablamos sobre la ampliaci\u00f3n del contrato.\u00bb, agreg\u00f3 sobre su situaci\u00f3n personal. Para tener en cuenta: en Espa\u00f1a se activ\u00f3 la posibilidad de que el Merengue contrate al franc\u00e9s tras el anuncio que este hizo poniendo un plazo a su etapa en Francia.<\/p>\n<\/div>\n<div class=\"sc-a7166897-0 exHLBh\" readability=\"6\">\n<section readability=\"2\"><picture><img alt=\"Infantino se puso la de Messi y arm\u00f3 dupla con Chiqui Tapia\" src=\"http:\/\/hoycordobaweb.com\/wp-content\/uploads\/2023\/06\/mbappe-sobre-messi-no-entiendo-por-que-tanta-gente-estaba-tan-aliviada-de-que-se-vaya-3.jpg\" width=\"29\" height=\"29\" decoding=\"async\" data-nimg=\"future\" loading=\"lazy\"><\/picture>\n<p><span>Mir\u00e1 tambi\u00e9n<\/span><\/p>\n<hr>\n<h3>Infantino se puso la de Messi y arm\u00f3 dupla con Chiqui Tapia<\/h3>\n<\/p>\n<\/section>\n<\/div>\n<div class=\"sc-a7166897-0 exHLBh\" readability=\"6.5\">\n<section readability=\"3\"><picture><img alt=\"Jordi Alba, entre jugar con Messi y otras opciones de peso\" src=\"http:\/\/hoycordobaweb.com\/wp-content\/uploads\/2023\/06\/mbappe-sobre-messi-no-entiendo-por-que-tanta-gente-estaba-tan-aliviada-de-que-se-vaya-4.jpg\" width=\"29\" height=\"29\" decoding=\"async\" data-nimg=\"future\" loading=\"lazy\"><\/picture>\n<p><span>Mir\u00e1 tambi\u00e9n<\/span><\/p>\n<hr>\n<h3>Jordi Alba, entre jugar con Messi y otras opciones de peso<\/h3>\n<\/p>\n<\/section>\n<\/div>\n<\/div>\n","protected":false},"excerpt":{"rendered":"<p>13\/06\/2023 21:58hs. Actualizado al 13\/06\/2023 22:06hs. Kylian Mbapp\u00e9 est\u00e1 en el ojo de la tormenta en Francia porque anticip\u00f3 su decisi\u00f3n de no renovar su contrato con el Paris Saint Germain a partir de junio de 2024. En ese contexto, le concedi\u00f3 una entrevista a La Gazzetta dello Sport y le preguntaron por la salida [&hellip;]<\/p>\n","protected":false},"author":1,"featured_media":61634,"comment_status":"open","ping_status":"closed","sticky":false,"template":"","format":"standard","meta":[],"categories":[16],"tags":[],"_links":{"self":[{"href":"http:\/\/hoycordobaweb.com\/index.php\/wp-json\/wp\/v2\/posts\/61633"}],"collection":[{"href":"http:\/\/hoycordobaweb.com\/index.php\/wp-json\/wp\/v2\/posts"}],"about":[{"href":"http:\/\/hoycordobaweb.com\/index.php\/wp-json\/wp\/v2\/types\/post"}],"author":[{"embeddable":true,"href":"http:\/\/hoycordobaweb.com\/index.php\/wp-json\/wp\/v2\/users\/1"}],"replies":[{"embeddable":true,"href":"http:\/\/hoycordobaweb.com\/index.php\/wp-json\/wp\/v2\/comments?post=61633"}],"version-history":[{"count":0,"href":"http:\/\/hoycordobaweb.com\/index.php\/wp-json\/wp\/v2\/posts\/61633\/revisions"}],"wp:featuredmedia":[{"embeddable":true,"href":"http:\/\/hoycordobaweb.com\/index.php\/wp-json\/wp\/v2\/media\/61634"}],"wp:attachment":[{"href":"http:\/\/hoycordobaweb.com\/index.php\/wp-json\/wp\/v2\/media?parent=61633"}],"wp:term":[{"taxonomy":"category","embeddable":true,"href":"http:\/\/hoycordobaweb.com\/index.php\/wp-json\/wp\/v2\/categories?post=61633"},{"taxonomy":"post_tag","embeddable":true,"href":"http:\/\/hoycordobaweb.com\/index.php\/wp-json\/wp\/v2\/tags?post=61633"}],"curies":[{"name":"wp","href":"https:\/\/api.w.org\/{rel}","templated":true}]}}