{"id":61627,"date":"2023-06-14T02:32:42","date_gmt":"2023-06-14T02:32:42","guid":{"rendered":"https:\/\/www.ole.com.ar\/seleccion\/paul-recordo-mundial-qatar_0_4oatcpJsfo.html"},"modified":"2023-06-14T02:32:42","modified_gmt":"2023-06-14T02:32:42","slug":"de-paul-y-qatar-siempre-presente-el-reto-de-scaloni-los-extremos-y-su-rutina-con-messi","status":"publish","type":"post","link":"http:\/\/hoycordobaweb.com\/index.php\/2023\/06\/14\/de-paul-y-qatar-siempre-presente-el-reto-de-scaloni-los-extremos-y-su-rutina-con-messi\/","title":{"rendered":"De Paul y Qatar siempre presente: el reto de Scaloni, los extremos y su rutina con Messi"},"content":{"rendered":"<p><img src=\"http:\/\/hoycordobaweb.com\/wp-content\/uploads\/2023\/06\/de-paul-y-qatar-siempre-presente-el-reto-de-scaloni-los-extremos-y-su-rutina-con-messi.jpg\"><\/p>\n<p><time class=\"createDate\" datetime=\"2023-06-13T23:32:42-03:00\">13\/06\/2023 23:32hs.<\/time><time class=\"modificatedDate\" datetime=\"2023\/06\/13T23:42:46-03:00\"> Actualizado al 13\/06\/2023 23:42hs.<\/time><\/p>\n<div id=\"storyBody\">\n<div class=\"custom-text \" readability=\"34\">\n<p>La Scaloneta puso primera y volvi\u00f3 al ruedo. Nuestros Campeones del Mundo se encuentran en China y est\u00e1n pr\u00f3ximos a jugar esta doble fecha FIFA de amistosos: <strong>este jueves (15\/6) enfrentar\u00e1n a Australia y el lunes (19\/6) se medir\u00e1n ante Indonesia.<\/strong><\/p>\n<\/div>\n<div class=\"custom-text \" readability=\"39\">\n<p>La expectativa de verlos nuevamente en cancha crece y <strong>los recuerdos de Qatar renacen cada vez que juega la Selecci\u00f3n<\/strong>. A d\u00edas de que vuelva a jugar la Scaloneta, <strong>Rodrigo De Paul record\u00f3 el Mundia<\/strong>l en \u201cLa llave de la eternidad\u201d, programa de la TV P\u00fablica: <strong>la previa, el Mundial y su lesi\u00f3n, las charlas con Messi y una pregunta de Francella: \u201cQu\u00e9 sentiste cu\u00e1ndo\u2026\u201d<\/strong><\/p>\n<\/div>\n<div class=\"sc-7ce6049-0 dwIKul\">\n<div class=\"sc-7ce6049-1 bdcBBS videoText\" id=\"contentTitleundefinedPgUIh4Pb\" readability=\"56\"><svg fill=\"#ffffff\"><symbol id=\"play\" viewBox=\"0 0 512 512\"><path d=\"M512 256C512 397.4 397.4 512 256 512C114.6 512 0 397.4 0 256C0 114.6 114.6 0 256 0C397.4 0 512 114.6 512 256zM176 168V344C176 352.7 180.7 360.7 188.3 364.9C195.8 369.2 205.1 369 212.5 364.5L356.5 276.5C363.6 272.1 368 264.4 368 256C368 247.6 363.6 239.9 356.5 235.5L212.5 147.5C205.1 142.1 195.8 142.8 188.3 147.1C180.7 151.3 176 159.3 176 168V168z\" \/><\/symbol><use xlink:href=\"#play\" \/><\/svg><\/p>\n<div class=\"right\" readability=\"7\">\n<p>Rodrigo De Paul<!-- --> &#8211;<!-- --> <span>13-6-2023<\/span><\/p>\n<h2 class=\"title-vid\">De Paul record\u00f3 una charla con Scaloni previa al Mundial<\/h2>\n<\/div>\n<\/div>\n<p><span class=\"back\" id=\"spanBackundefinedPgUIh4Pb\"><\/span><\/div>\n<div class=\"sc-7ce6049-0 dwIKul\">\n<div class=\"sc-7ce6049-1 bdcBBS videoText\" id=\"contentTitleundefinedZn7TP6Ew\" readability=\"56\"><svg fill=\"#ffffff\"><symbol id=\"play\" viewBox=\"0 0 512 512\"><path d=\"M512 256C512 397.4 397.4 512 256 512C114.6 512 0 397.4 0 256C0 114.6 114.6 0 256 0C397.4 0 512 114.6 512 256zM176 168V344C176 352.7 180.7 360.7 188.3 364.9C195.8 369.2 205.1 369 212.5 364.5L356.5 276.5C363.6 272.1 368 264.4 368 256C368 247.6 363.6 239.9 356.5 235.5L212.5 147.5C205.1 142.1 195.8 142.8 188.3 147.1C180.7 151.3 176 159.3 176 168V168z\" \/><\/symbol><use xlink:href=\"#play\" \/><\/svg><\/p>\n<div class=\"right\" readability=\"7\">\n<p>Rodrigo De Paul<!-- --> &#8211;<!-- --> <span>13-6-2023<\/span><\/p>\n<h2 class=\"title-vid\">La pregunta de Guillermo Francella a De Paul<\/h2>\n<\/div>\n<\/div>\n<p><span class=\"back\" id=\"spanBackundefinedZn7TP6Ew\"><\/span><\/div>\n<div class=\"sc-e7b891c4-0 jPbnQF\"><img alt=\"De Paul, relajado, record\u00f3 el Mundial de Qatar \" src=\"http:\/\/hoycordobaweb.com\/wp-content\/uploads\/2023\/06\/de-paul-y-qatar-siempre-presente-el-reto-de-scaloni-los-extremos-y-su-rutina-con-messi-2.jpg\" width=\"72\" height=\"10\" decoding=\"async\" data-nimg=\"future\" loading=\"lazy\"><span class=\"epigraphe\">De Paul, relajado, record\u00f3 el Mundial de Qatar <\/span><\/div>\n<div class=\"custom-text \">\n<h2><strong>Un maltrato que fortalece<\/strong><\/h2>\n<\/div>\n<div class=\"custom-text \" readability=\"39\">\n<p>\u201cAntes del Mundial no la pas\u00e9 bien. Dec\u00edan que no iba a poder jugar en el Mundial, que ten\u00eda la cabeza en otro lado y la realidad es que los \u00faltimos dos meses antes de la copa no sal\u00ed de mi casa. Estaba muy enfocado\u2026 Es m\u00e1s, tengo muchos videos yendo a entrenar a la madrugada, dos de la ma\u00f1ana, diciendo: \u2018Hoy es 4 de octubre y faltan 42 d\u00edas para el Mundial y nos preparamos as\u00ed\u2026\u00bb.<\/p>\n<\/div>\n<div class=\"sc-e7b891c4-0 jPbnQF\"><img alt=\"Transform\u00f3 el maltrato en fortaleza. REUTERS\/Dylan Martinez\" src=\"http:\/\/hoycordobaweb.com\/wp-content\/uploads\/2023\/06\/de-paul-y-qatar-siempre-presente-el-reto-de-scaloni-los-extremos-y-su-rutina-con-messi-3.jpg\" width=\"72\" height=\"10\" decoding=\"async\" data-nimg=\"future\" loading=\"lazy\"><span class=\"epigraphe\">Transform\u00f3 el maltrato en fortaleza. REUTERS\/Dylan Martinez<\/span><\/div>\n<div class=\"custom-text \">\n<h2><strong>Los retos de Scaloni<\/strong><\/h2>\n<\/div>\n<div class=\"custom-text \" readability=\"40\">\n<p>\u201cCuando ya se hab\u00eda sorteado la fase de grupos del Mundial, con el Atl\u00e9tico jugamos contra el Mallorca y Scaloni vino a ver el partido. Despu\u00e9s nos quedamos charlando y le dije: \u2018Bueno bien el sorteo, empezar con Arabia Saudita nos viene bien\u2019. Y Leo (Scaloni) me responde: \u2018No. Es lo peor que nos pudo pasar, porque pensamos que es una Selecci\u00f3n f\u00e1cil y yo que jugu\u00e9 un Mundial te puedo asegurar que el primer partido es el peor de todos. Cuando el \u00e1rbitro toca el silbato, por m\u00e1s fuerte que te creas, te baja todo\u2019 Dicho y hecho\u2026\u201d<\/p>\n<\/div>\n<div class=\"custom-text \">\n<h2><strong>El triste sonido de la vajilla<\/strong><\/h2>\n<\/div>\n<div class=\"custom-text \" readability=\"37\">\n<p>\u201cCuando pas\u00f3 el partido contra Arabia pensaba \u2018ese que jug\u00f3 no fu\u00ed yo, me ganaron las emociones de ese d\u00eda\u2019. Tengo la imagen grabada de lo que fue la cena de ese d\u00eda, se escuchaba el ruido de los cubiertos del silencio que hab\u00eda. No volaba una mosca. Por suerte todo sirvi\u00f3 para encarar los otros partidos de otra manera\u201d.<\/p>\n<\/div>\n<div class=\"sc-e7b891c4-0 jPbnQF\"><img alt=\"Un golpazo a tiempo. REUTERS\/Marko Djurica\" src=\"http:\/\/hoycordobaweb.com\/wp-content\/uploads\/2023\/06\/de-paul-y-qatar-siempre-presente-el-reto-de-scaloni-los-extremos-y-su-rutina-con-messi-4.jpg\" width=\"72\" height=\"10\" decoding=\"async\" data-nimg=\"future\" loading=\"lazy\"><span class=\"epigraphe\">Un golpazo a tiempo. REUTERS\/Marko Djurica<\/span><\/div>\n<div class=\"custom-text \">\n<h2><strong>Los extremos de un Mundial<\/strong><\/h2>\n<\/div>\n<div class=\"custom-text \" readability=\"38\">\n<p>\u201cFue fuert\u00edsimo tener que soportar los dos extremos que ten\u00eda un Mundial. Si gan\u00e1bamos, nos amaban y si perd\u00edamos nos odiaban. Obviamente nosotros sab\u00edamos todo lo que pasaba en el pa\u00eds y la revoluci\u00f3n que hab\u00eda. Est\u00e1bamos al tanto de todo. Pero manten\u00edamos una l\u00ednea, que la bajaba el cuerpo t\u00e9cnico, sobre no revolucionar mucho a la hora de la victoria porque en alg\u00fan momento va a llegar la derrota. Y ah\u00ed estaba el balance que cada vez nos hac\u00eda m\u00e1s fuertes\u201d.<\/p>\n<\/div>\n<div class=\"sc-e7b891c4-0 jPbnQF\"><img alt=\"Leo, Rodri y la gente. (Photo by Jewel SAMAD \/ AFP)\" src=\"http:\/\/hoycordobaweb.com\/wp-content\/uploads\/2023\/06\/de-paul-y-qatar-siempre-presente-el-reto-de-scaloni-los-extremos-y-su-rutina-con-messi-5.jpg\" width=\"72\" height=\"10\" decoding=\"async\" data-nimg=\"future\" loading=\"lazy\"><span class=\"epigraphe\">Leo, Rodri y la gente. (Photo by Jewel SAMAD \/ AFP)<\/span><\/div>\n<p><h2><strong>Rutina con Messi: pasto, sol y mates<\/strong><\/h2>\n<\/p>\n<div class=\"custom-text \" readability=\"36\">\n<p>\u201cEl enano lo super disfrut\u00f3 y cuando termin\u00f3 la copa nos dijo que la hab\u00eda disfrutado much\u00edsimo. Recuerdo que all\u00e1 en Qatar nos tom\u00e1bamos las ma\u00f1anas e \u00edbamos a un lugar que ten\u00eda pasto para poder descalzarnos, apoyar los pies y tomar energ\u00edas del mismo pasto. Ah\u00ed tom\u00e1bamos unos mates y charl\u00e1bamos. Nos aisl\u00e1bamos un rato del resto. Era una rutina hermosa\u201d.<\/p>\n<\/div>\n<div class=\"sc-e7b891c4-0 jPbnQF\"><img alt=\"Leo, su gran amigo. (Photo by JUAN MABROMATA \/ AFP)\" src=\"http:\/\/hoycordobaweb.com\/wp-content\/uploads\/2023\/06\/de-paul-y-qatar-siempre-presente-el-reto-de-scaloni-los-extremos-y-su-rutina-con-messi-6.jpg\" width=\"72\" height=\"10\" decoding=\"async\" data-nimg=\"future\" loading=\"lazy\"><span class=\"epigraphe\">Leo, su gran amigo. (Photo by JUAN MABROMATA \/ AFP)<\/span><\/div>\n<p><h2><strong>Lesi\u00f3n, confianza y partidazo<\/strong><\/h2>\n<\/p>\n<div class=\"custom-text \" readability=\"38\">\n<p>\u201cLa entrada en calor previa al partido contra Holanda la hice bien, pero cuando hicimos tiros al arco me tir\u00f3 un poco. Volvimos al vestuario para cambiarnos y el kinesi\u00f3logo me apret\u00f3 la zona con una venda para que no circule la sangre. Cuando me estaba vendando escucho a Leo (Scaloni) le dice a Exequiel Palacios y a Leandro Paredes: \u2018apenas empieza el partido vayan a calentar los dos\u2019, afirmando que yo no iba a aguantar. Pero yo enfoqu\u00e9 mi cabeza en ayudar a Enzo y Alexis, porque ten\u00eda que ser un referente para ellos en el mediocampo y tambi\u00e9n puse foco en De Jong porque ten\u00eda que anularlo a \u00e9l. As\u00ed fue como pas\u00f3 lo de la pierna y me centr\u00e9 en el partido\u201d.<\/p>\n<\/div>\n<div class=\"sc-e7b891c4-0 jPbnQF\"><img alt=\"Pese a la lesi\u00f3n, Rodri jug\u00f3 un partidazo. EFE\/EPA\/Rungroj Yongrit\" src=\"http:\/\/hoycordobaweb.com\/wp-content\/uploads\/2023\/06\/de-paul-y-qatar-siempre-presente-el-reto-de-scaloni-los-extremos-y-su-rutina-con-messi-7.jpg\" width=\"72\" height=\"10\" decoding=\"async\" data-nimg=\"future\" loading=\"lazy\"><span class=\"epigraphe\">Pese a la lesi\u00f3n, Rodri jug\u00f3 un partidazo. EFE\/EPA\/Rungroj Yongrit<\/span><\/div>\n<div class=\"custom-text \">\n<h2><strong>\u00abMe cambi\u00f3 la vida\u00bb<\/strong><\/h2>\n<\/div>\n<div class=\"custom-text \" readability=\"40\">\n<p>\u201cMe cambi\u00f3 la vida. En el d\u00eda a d\u00eda mucho no se nota quiz\u00e1s, porque voy a entrenar, duermo la siesta y estoy metido en mi rutina. Pero s\u00ed, me cambi\u00f3 la vida. Emocionalmente pas\u00e9 por un mont\u00f3n de lugares por los que nunca hab\u00eda pasado y eso me hizo crecer mucho. Adem\u00e1s, me cambi\u00f3 la vida con respecto al cari\u00f1o de la gente, el reconocimiento y poder sentirte parte de una m\u00ednimo grupo que es Campe\u00f3n del Mundo te sent\u00eds orgulloso. Me cambi\u00f3 la vida y creo que soy mejor persona que antes del Mundial\u201d.<\/p>\n<\/div>\n<div class=\"sc-e7b891c4-0 jPbnQF\"><img alt=\"El momento so\u00f1ado.\" src=\"http:\/\/hoycordobaweb.com\/wp-content\/uploads\/2023\/06\/de-paul-y-qatar-siempre-presente-el-reto-de-scaloni-los-extremos-y-su-rutina-con-messi-8.jpg\" width=\"72\" height=\"10\" decoding=\"async\" data-nimg=\"future\" loading=\"lazy\"><span class=\"epigraphe\">El momento so\u00f1ado.<\/span><\/div>\n<p><h2><strong>Pregunta Francella: <\/strong>\u00bf<strong>Qu\u00e9 fue lo primero que pensaste cu\u00e1ndo Montiel meti\u00f3 el penal?<\/strong><\/h2>\n<\/p>\n<div class=\"custom-text \" readability=\"44\">\n<p>\u201cPensas en un mont\u00f3n de cosas despu\u00e9s de salir campe\u00f3n del Mundo. En poquitos minutos ves todo: tus hijos, tu familia, tus amigos, mi abuelo\u2026 Pero cuando Gonzalo hace el gol, en lo primero que pens\u00e9 fue en Leo (Messi). En ir a abrazarlo. Porque en todo ese mes me di cuenta de lo dif\u00edcil que hab\u00eda sido para \u00e9l. En todos los mundiales en los que jug\u00f3 Leo, fue la cara del Mundial. Desde el 2006 hasta ac\u00e1, todos venden con \u00e9l. Y cuando la Argentina quedaba eliminada, la cara de \u00e9l pasaba a ser la cara de la derrota. Estando ah\u00ed adentro ese mes y viviendo este tipo de emociones, sab\u00eda lo que \u00e9l so\u00f1aba eso. Por eso en el momento en el que Montiel hace el gol y la pelota toca la red, pens\u00e9 en Leo\u201d.<\/p>\n<\/div>\n<div class=\"sc-a7166897-0 exHLBh\" readability=\"6\">\n<section readability=\"2\"><picture><img alt=\"La AFA analiza bajar de tres a dos los descensos en la Liga Profesional\" src=\"http:\/\/hoycordobaweb.com\/wp-content\/uploads\/2023\/06\/de-paul-y-qatar-siempre-presente-el-reto-de-scaloni-los-extremos-y-su-rutina-con-messi-9.jpg\" width=\"29\" height=\"29\" decoding=\"async\" data-nimg=\"future\" loading=\"lazy\"><\/picture>\n<p><span>Mir\u00e1 tambi\u00e9n<\/span><\/p>\n<hr>\n<h3>La AFA analiza bajar de tres a dos los descensos en la Liga Profesional<\/h3>\n<\/p>\n<\/section>\n<\/div>\n<div class=\"sc-a7166897-0 exHLBh\" readability=\"6\">\n<section readability=\"2\"><picture><img alt=\"Encuesta Ol\u00e9: \u00bfcre\u00e9s que Messi jugar\u00e1 el Mundial 2026?\" src=\"http:\/\/hoycordobaweb.com\/wp-content\/uploads\/2023\/06\/de-paul-y-qatar-siempre-presente-el-reto-de-scaloni-los-extremos-y-su-rutina-con-messi-10.jpg\" width=\"29\" height=\"29\" decoding=\"async\" data-nimg=\"future\" loading=\"lazy\"><\/picture>\n<p><span>Mir\u00e1 tambi\u00e9n<\/span><\/p>\n<hr>\n<h3>Encuesta Ol\u00e9: \u00bfcre\u00e9s que Messi jugar\u00e1 el Mundial 2026?<\/h3>\n<\/p>\n<\/section>\n<\/div>\n<div class=\"sc-a7166897-0 exHLBh\" readability=\"6\">\n<section readability=\"2\"><picture><img alt=\"C\u00f3mo le fue a Argentina cuando se present\u00f3 como N\u00b0 1 del ranking FIFA \" src=\"http:\/\/hoycordobaweb.com\/wp-content\/uploads\/2023\/06\/de-paul-y-qatar-siempre-presente-el-reto-de-scaloni-los-extremos-y-su-rutina-con-messi-11.jpg\" width=\"29\" height=\"29\" decoding=\"async\" data-nimg=\"future\" loading=\"lazy\"><\/picture>\n<p><span>Mir\u00e1 tambi\u00e9n<\/span><\/p>\n<hr>\n<h3>C\u00f3mo le fue a Argentina cuando se present\u00f3 como N\u00b0 1 del ranking FIFA<br \/>\n<\/h3>\n<\/p>\n<\/section>\n<\/div>\n<div class=\"sc-a7166897-0 exHLBh\" readability=\"6\">\n<section readability=\"2\"><picture><img alt=\"Lo que hay que saber para entender la frase de Messi sobre el Mundial 2026\" src=\"http:\/\/hoycordobaweb.com\/wp-content\/uploads\/2023\/06\/de-paul-y-qatar-siempre-presente-el-reto-de-scaloni-los-extremos-y-su-rutina-con-messi-12.jpg\" width=\"29\" height=\"29\" decoding=\"async\" data-nimg=\"future\" loading=\"lazy\"><\/picture>\n<p><span>Mir\u00e1 tambi\u00e9n<\/span><\/p>\n<hr>\n<h3>Lo que hay que saber para entender la frase de Messi sobre el Mundial 2026<\/h3>\n<\/p>\n<\/section>\n<\/div>\n<\/div>\n","protected":false},"excerpt":{"rendered":"<p>13\/06\/2023 23:32hs. Actualizado al 13\/06\/2023 23:42hs. La Scaloneta puso primera y volvi\u00f3 al ruedo. Nuestros Campeones del Mundo se encuentran en China y est\u00e1n pr\u00f3ximos a jugar esta doble fecha FIFA de amistosos: este jueves (15\/6) enfrentar\u00e1n a Australia y el lunes (19\/6) se medir\u00e1n ante Indonesia. La expectativa de verlos nuevamente en cancha crece [&hellip;]<\/p>\n","protected":false},"author":1,"featured_media":61628,"comment_status":"open","ping_status":"closed","sticky":false,"template":"","format":"standard","meta":[],"categories":[16],"tags":[],"_links":{"self":[{"href":"http:\/\/hoycordobaweb.com\/index.php\/wp-json\/wp\/v2\/posts\/61627"}],"collection":[{"href":"http:\/\/hoycordobaweb.com\/index.php\/wp-json\/wp\/v2\/posts"}],"about":[{"href":"http:\/\/hoycordobaweb.com\/index.php\/wp-json\/wp\/v2\/types\/post"}],"author":[{"embeddable":true,"href":"http:\/\/hoycordobaweb.com\/index.php\/wp-json\/wp\/v2\/users\/1"}],"replies":[{"embeddable":true,"href":"http:\/\/hoycordobaweb.com\/index.php\/wp-json\/wp\/v2\/comments?post=61627"}],"version-history":[{"count":0,"href":"http:\/\/hoycordobaweb.com\/index.php\/wp-json\/wp\/v2\/posts\/61627\/revisions"}],"wp:featuredmedia":[{"embeddable":true,"href":"http:\/\/hoycordobaweb.com\/index.php\/wp-json\/wp\/v2\/media\/61628"}],"wp:attachment":[{"href":"http:\/\/hoycordobaweb.com\/index.php\/wp-json\/wp\/v2\/media?parent=61627"}],"wp:term":[{"taxonomy":"category","embeddable":true,"href":"http:\/\/hoycordobaweb.com\/index.php\/wp-json\/wp\/v2\/categories?post=61627"},{"taxonomy":"post_tag","embeddable":true,"href":"http:\/\/hoycordobaweb.com\/index.php\/wp-json\/wp\/v2\/tags?post=61627"}],"curies":[{"name":"wp","href":"https:\/\/api.w.org\/{rel}","templated":true}]}}