{"id":61535,"date":"2023-06-11T12:26:11","date_gmt":"2023-06-11T12:26:11","guid":{"rendered":"https:\/\/www.mujerhoy.com\/moda\/no-te-pierdas\/vestido-punto-flecos-viral-parece-lujo-mango-20230611142603-nt.html"},"modified":"2023-06-11T12:26:11","modified_gmt":"2023-06-11T12:26:11","slug":"el-vestido-de-punto-con-flecos-que-parece-de-lujo-con-el-que-vas-a-causar-sensacion-este-verano","status":"publish","type":"post","link":"http:\/\/hoycordobaweb.com\/index.php\/2023\/06\/11\/el-vestido-de-punto-con-flecos-que-parece-de-lujo-con-el-que-vas-a-causar-sensacion-este-verano\/","title":{"rendered":"El vestido de punto con flecos que parece de lujo con el que vas a causar sensaci\u00f3n este verano"},"content":{"rendered":"<p><!-- AUTHOR --><\/p>\n<div class=\"voc-author-timesocial \"><!-- AUTHOR --><\/p>\n<div class=\"voc-author-timesocial__signature\"><!-- IMAGE AUTHOR --><picture class=\"voc-image-signature\"><img class=\"voc-image-signature__img\" src=\"http:\/\/hoycordobaweb.com\/wp-content\/uploads\/2023\/06\/el-vestido-de-punto-con-flecos-que-parece-de-lujo-con-el-que-vas-a-causar-sensacion-este-verano.jpg\" alt=\"Elena Olivero\"><\/picture><!-- INFO AUTHOR --><\/div>\n<\/div>\n<p><!-- COMPONENTS --><\/p>\n<p class=\"voc-paragraph\">Aunque el estilo minimalista, con b\u00e1sicos del armario y tonos neutros como la ropa color blanco, sean atemporales, elegantes y la forma m\u00e1s f\u00e1cil de vestir en cualquier ocasi\u00f3n, no es lo que m\u00e1s se lleva esta temporada. De hecho, todo lo contrario. Nos encontramos en un momento en el que la originalidad protagoniza los <strong>dise\u00f1os a la moda<\/strong> y aparecen prendas con maxi lazo, <a data-voc-vtm-id=\"in-text-traffic\" href=\"https:\/\/www.mujerhoy.com\/moda\/no-te-pierdas\/blazer-estampada-viral-favorece-rejuvenece-look-zara-20230320173003-ga.html\">flor 3D<\/a> o lentejuelas de la <a data-voc-vtm-id=\"in-text-traffic\" href=\"https:\/\/www.mujerhoy.com\/moda\/no-te-pierdas\/mermaidcore-tendencia-verano-prendas-lentejuelas-zara-20230519140144-nt.html\">tendencia mermaidcore<\/a> que favorecen much\u00edsimo, pero no son nada discretas.\n<\/p>\n<p class=\"voc-paragraph\">Para ganar hay que arriesgar y la moda de verano lo confirma. Por eso, estamos viendo mucho adorno de volantes en blusas, faldas o vestidos. Tambi\u00e9n cortes asim\u00e9tricos en faldas o escotes que te har\u00e1n ir super estilosa y a la \u00faltima. Y, los <a data-voc-vtm-id=\"in-text-traffic\" href=\"https:\/\/www.mujerhoy.com\/moda\/no-te-pierdas\/falda-flecos-tendencia-elegante-mango-zara-hym-sfera-20230324124757-nt.html\">flecos<\/a> son otro de los esenciales para elevar tus looks, combinados con tejidos top veraniegos como el lino o el crochet. As\u00ed que, si quieres estar en tendencia, pero ir con algo ponible, c\u00f3modo y fresquito, este <strong>vestido de punto con flecos<\/strong> de Mango ser\u00e1 todo lo que necesitas.\n<\/p>\n<p class=\"voc-paragraph\">Seguro que te has precatada de que <strong>los flecos son tendencia top este verano<\/strong>. Desde camisetas hasta <a data-voc-vtm-id=\"in-text-traffic\" href=\"https:\/\/www.mujerhoy.com\/moda\/no-te-pierdas\/reina-letizia-vestido-flecos-copia-zara-mejor-look-20230605065709-nt.html\">las capas favoritas de las royals<\/a> para elevar la elegancia de los looks, est\u00e1n en todas partes. Una de las opciones m\u00e1s populares y cl\u00e1sicas de llevar este adorno es con las faldas de flecos que aportan un toque glamuroso y un movimiento sensacional.\n<\/p>\n<p class=\"voc-paragraph\">Pero esta moda ha ido evolucionando y cada vez se luce de manera m\u00e1s original. Por eso, se trata de combinar con otras de las corrientes m\u00e1s populares del momento se lleva principalmente para adornar el <strong>tejido de crochet<\/strong> o punto. As\u00ed podr\u00e1s ir c\u00f3moda y casual, pero con un outfit super estiloso que parezca de lujo.\n<\/p>\n<div class=\"voc-detail-photo-zoom\"><picture data-toggle=\"modal\" data-target=\"#photoZoomModal-480\" target=\"modal\">\n<div class=\"voc-img-icon-link\"><img loading=\"lazy\" data-original=\"\/\/static3.mujerhoy.com\/www\/multimedia\/202306\/08\/media\/cortadas\/vestido-flecos-1-verde-k3g--460x637@MujerHoy.jpg\" class=\"lazy\" alt=\"Vestido de punto con flecos en verde\"><noscript><img src=\"http:\/\/hoycordobaweb.com\/wp-content\/uploads\/2023\/06\/el-vestido-de-punto-con-flecos-que-parece-de-lujo-con-el-que-vas-a-causar-sensacion-este-verano-1.jpg\" alt=\"Vestido de punto con flecos en verde\"><\/noscript><i class=\"voc-icons zoom voc-multimedia-box voc-ico-l\"><\/i><\/div><figcaption class=\"figure-caption\">Vestido de punto con flecos en verde<\/figcaption><\/picture><\/div>\n<div id=\"photoZoomModal-480\" class=\"voc-lightbox modal fade voc-lightbox--photo-zoom\" role=\"dialog\" data-voc-photozoom-lightbox>\n<div class=\"voc-lightbox__dialog\" role=\"document\">\n<div class=\"voc-lightbox__content\"><!-- Modal header --><!-- Modal content --><\/p>\n<div class=\"voc-lightbox__photo-container\"><picture class><img loading=\"lazy\" data-original=\"\/\/static3.mujerhoy.com\/www\/multimedia\/202306\/08\/media\/cortadas\/vestido-flecos-1-verde-k3g--460x637@MujerHoy.jpg\" alt=\"Vestido de punto con flecos en verde\" class=\"lazy\"><noscript><img src=\"http:\/\/hoycordobaweb.com\/wp-content\/uploads\/2023\/06\/el-vestido-de-punto-con-flecos-que-parece-de-lujo-con-el-que-vas-a-causar-sensacion-este-verano-1.jpg\" alt=\"Vestido de punto con flecos en verde\"><\/noscript><\/picture><\/div>\n<\/div>\n<\/div>\n<\/div>\n<p class=\"voc-paragraph\">La mejor opci\u00f3n para estar arreglada pero informal. Adem\u00e1s, permiten lucirse de d\u00eda o de noche, con <a data-voc-vtm-id=\"in-text-traffic\" href=\"https:\/\/www.mujerhoy.com\/moda\/no-te-pierdas\/sandalias-tendencia-comodas-baratas-verano-primark-20230510075919-nt.html\">sandalias<\/a> o con zapatos de tac\u00f3n, por lo que se trata de un dise\u00f1o que s\u00ed o s\u00ed tiene que estar en tu armario en esta temporada. Las influencers han sido las primeras en apuntarse a esta tendencia y ahora lo har\u00e1s tu con este impresionante art\u00edculo de <strong>Mango<\/strong>.\n<\/p>\n<p class=\"voc-paragraph\">Se trata de un <strong>vestido midi de punto grueso<\/strong>. Tiene tirantes anchos. El corte es acomodado al cuerpo. Cuenta con escote redondo en la parte frontal y la espalda. La sisa es amplia. Adem\u00e1s, est\u00e1 decorado con <strong>detalles de flecos<\/strong> tupidos en hileras, superpuestos en forma de cascada. Y, no incorpora cierre porque tiene cierta elasticidad.\n<\/p>\n<div class=\"voc-detail-photo-zoom\"><picture data-toggle=\"modal\" data-target=\"#photoZoomModal-329\" target=\"modal\">\n<div class=\"voc-img-icon-link\"><img loading=\"lazy\" data-original=\"\/\/static2.mujerhoy.com\/www\/multimedia\/202306\/08\/media\/cortadas\/vestido-flecos-2-negro-k3g--460x637@MujerHoy.jpg\" class=\"lazy\" alt=\"Vestido negro con flecos\"><noscript><img src=\"http:\/\/hoycordobaweb.com\/wp-content\/uploads\/2023\/06\/el-vestido-de-punto-con-flecos-que-parece-de-lujo-con-el-que-vas-a-causar-sensacion-este-verano-2.jpg\" alt=\"Vestido negro con flecos\"><\/noscript><i class=\"voc-icons zoom voc-multimedia-box voc-ico-l\"><\/i><\/div><figcaption class=\"figure-caption\">Vestido negro con flecos<\/figcaption><\/picture><\/div>\n<div id=\"photoZoomModal-329\" class=\"voc-lightbox modal fade voc-lightbox--photo-zoom\" role=\"dialog\" data-voc-photozoom-lightbox>\n<div class=\"voc-lightbox__dialog\" role=\"document\">\n<div class=\"voc-lightbox__content\"><!-- Modal header --><!-- Modal content --><\/p>\n<div class=\"voc-lightbox__photo-container\"><picture class><img loading=\"lazy\" data-original=\"\/\/static2.mujerhoy.com\/www\/multimedia\/202306\/08\/media\/cortadas\/vestido-flecos-2-negro-k3g--460x637@MujerHoy.jpg\" alt=\"Vestido negro con flecos\" class=\"lazy\"><noscript><img src=\"http:\/\/hoycordobaweb.com\/wp-content\/uploads\/2023\/06\/el-vestido-de-punto-con-flecos-que-parece-de-lujo-con-el-que-vas-a-causar-sensacion-este-verano-2.jpg\" alt=\"Vestido negro con flecos\"><\/noscript><\/picture><\/div>\n<\/div>\n<\/div>\n<\/div>\n<p class=\"voc-paragraph\">Puedes encontrar esta espectacular <strong>prenda en dos colores<\/strong>. El negro cl\u00e1sico m\u00e1s ponible, elegante y atemporal. O, un verde brillante que rejuvenecer\u00e1 tu look y dar\u00e1 un toque alegre y lleno de vida a tu apariencia. Las tallas disponibles son solo tres: la S, la M o la L, porque como hemos mencionado anteriormente, el tejido cede.\n<\/p>\n<p class=\"voc-paragraph\">La cuesti\u00f3n es que este vestido forma parte de una colecci\u00f3n c\u00e1psula de edici\u00f3n limitada en colaboraci\u00f3n con un dise\u00f1ador californiano, Simon Miller, por lo que los precios de las prendas son m\u00e1s elevados que en otras de Mango. En particular, el desembolso que har\u00e1s por este dise\u00f1o es de <strong>129,99 euros<\/strong>. Y, aunque parezca mucho, ten en cuenta que es un modelo de lo m\u00e1s vers\u00e1til que te pondr\u00e1s para todo por sus infinitos usos y no puede ser m\u00e1s especial.\n<\/p>\n<div class=\"voc-detail-photo-zoom\"><picture data-toggle=\"modal\" data-target=\"#photoZoomModal-117\" target=\"modal\">\n<div class=\"voc-img-icon-link\"><img loading=\"lazy\" data-original=\"\/\/static3.mujerhoy.com\/www\/multimedia\/202306\/08\/media\/cortadas\/vestido-flecos-3-hym-k3g--460x637@MujerHoy.jpg\" class=\"lazy\" alt=\"Vestido de punto con flecos color crema\"><noscript><img src=\"http:\/\/hoycordobaweb.com\/wp-content\/uploads\/2023\/06\/el-vestido-de-punto-con-flecos-que-parece-de-lujo-con-el-que-vas-a-causar-sensacion-este-verano-3.jpg\" alt=\"Vestido de punto con flecos color crema\"><\/noscript><i class=\"voc-icons zoom voc-multimedia-box voc-ico-l\"><\/i><\/div><figcaption class=\"figure-caption\">Vestido de punto con flecos color crema<\/figcaption><\/picture><\/div>\n<div id=\"photoZoomModal-117\" class=\"voc-lightbox modal fade voc-lightbox--photo-zoom\" role=\"dialog\" data-voc-photozoom-lightbox>\n<div class=\"voc-lightbox__dialog\" role=\"document\">\n<div class=\"voc-lightbox__content\"><!-- Modal header --><!-- Modal content --><\/p>\n<div class=\"voc-lightbox__photo-container\"><picture class><img loading=\"lazy\" data-original=\"\/\/static3.mujerhoy.com\/www\/multimedia\/202306\/08\/media\/cortadas\/vestido-flecos-3-hym-k3g--460x637@MujerHoy.jpg\" alt=\"Vestido de punto con flecos color crema\" class=\"lazy\"><noscript><img src=\"http:\/\/hoycordobaweb.com\/wp-content\/uploads\/2023\/06\/el-vestido-de-punto-con-flecos-que-parece-de-lujo-con-el-que-vas-a-causar-sensacion-este-verano-3.jpg\" alt=\"Vestido de punto con flecos color crema\"><\/noscript><\/picture><\/div>\n<\/div>\n<\/div>\n<\/div>\n<p class=\"voc-paragraph\">Pero, si te parece demasiado, tranquila porque el low cost tiene una alternativa para ti. En <strong>H&amp;M<\/strong> aparece este vestido midi en tejido de punto con cascada de flecos a tono en el bajo, cuello redondo y manga sisa, color crema. Lo puedes conseguir con un coste de solo 40 euros (est\u00e1 rebajado) y entre las tallas XS y la XXL.\n<\/p>\n<p><!-- TOPICS --><\/p>\n","protected":false},"excerpt":{"rendered":"<p>Aunque el estilo minimalista, con b\u00e1sicos del armario y tonos neutros como la ropa color blanco, sean atemporales, elegantes y la forma m\u00e1s f\u00e1cil de vestir en cualquier ocasi\u00f3n, no es lo que m\u00e1s se lleva esta temporada. De hecho, todo lo contrario. Nos encontramos en un momento en el que la originalidad protagoniza los [&hellip;]<\/p>\n","protected":false},"author":1,"featured_media":61536,"comment_status":"closed","ping_status":"closed","sticky":false,"template":"","format":"standard","meta":[],"categories":[1],"tags":[],"_links":{"self":[{"href":"http:\/\/hoycordobaweb.com\/index.php\/wp-json\/wp\/v2\/posts\/61535"}],"collection":[{"href":"http:\/\/hoycordobaweb.com\/index.php\/wp-json\/wp\/v2\/posts"}],"about":[{"href":"http:\/\/hoycordobaweb.com\/index.php\/wp-json\/wp\/v2\/types\/post"}],"author":[{"embeddable":true,"href":"http:\/\/hoycordobaweb.com\/index.php\/wp-json\/wp\/v2\/users\/1"}],"replies":[{"embeddable":true,"href":"http:\/\/hoycordobaweb.com\/index.php\/wp-json\/wp\/v2\/comments?post=61535"}],"version-history":[{"count":0,"href":"http:\/\/hoycordobaweb.com\/index.php\/wp-json\/wp\/v2\/posts\/61535\/revisions"}],"wp:featuredmedia":[{"embeddable":true,"href":"http:\/\/hoycordobaweb.com\/index.php\/wp-json\/wp\/v2\/media\/61536"}],"wp:attachment":[{"href":"http:\/\/hoycordobaweb.com\/index.php\/wp-json\/wp\/v2\/media?parent=61535"}],"wp:term":[{"taxonomy":"category","embeddable":true,"href":"http:\/\/hoycordobaweb.com\/index.php\/wp-json\/wp\/v2\/categories?post=61535"},{"taxonomy":"post_tag","embeddable":true,"href":"http:\/\/hoycordobaweb.com\/index.php\/wp-json\/wp\/v2\/tags?post=61535"}],"curies":[{"name":"wp","href":"https:\/\/api.w.org\/{rel}","templated":true}]}}