{"id":61531,"date":"2023-06-12T00:51:35","date_gmt":"2023-06-12T00:51:35","guid":{"rendered":"https:\/\/www.ole.com.ar\/futbol-internacional\/champions\/guardiola-entrevista-champions-city-ole-exclusiva_0_Wu5KStNRnO.html"},"modified":"2023-06-12T00:51:35","modified_gmt":"2023-06-12T00:51:35","slug":"guardiola-con-ole-del-valor-de-esta-champions-league-al-recuerdo-del-ya-esta-de-messi","status":"publish","type":"post","link":"http:\/\/hoycordobaweb.com\/index.php\/2023\/06\/12\/guardiola-con-ole-del-valor-de-esta-champions-league-al-recuerdo-del-ya-esta-de-messi\/","title":{"rendered":"Guardiola con Ol\u00e9: del valor de esta Champions League al recuerdo del \u00abya est\u00e1\u00bb de Messi"},"content":{"rendered":"<p><img src=\"http:\/\/hoycordobaweb.com\/wp-content\/uploads\/2023\/06\/guardiola-con-ole-del-valor-de-esta-champions-league-al-recuerdo-del-ya-esta-de-messi.jpg\"><\/p>\n<p><time class=\"createDate\" datetime=\"2023-06-11T21:51:35-03:00\">11\/06\/2023 21:51hs.<\/time><time class=\"modificatedDate\" datetime=\"2023\/06\/11T22:01:29-03:00\"> Actualizado al 11\/06\/2023 22:01hs.<\/time><\/p>\n<div id=\"storyBody\">\n<div class=\"custom-text \" readability=\"32.705882352941\">\n<p>Ni el cansancio por las pocas horas de sue\u00f1o ni la tensi\u00f3n por un partido con suspenso hasta el final logran maquillar de su rostro esa sonrisa permanente que transmite alivio y satisfacci\u00f3n. Esa mueca que desnuda el orgullo por haber alcanzado la gloria y al mismo tiempo haberse quitado un peso de encima. Son las 11.45 del d\u00eda despu\u00e9s de la consagraci\u00f3n cuando Pep Guardiola, con una remera celeste con la leyenda \u00abel mejor equipo de Inglaterra y de toda Europa\u00bb, baja en ascensor desde el s\u00e9ptimo piso del hotel Marriott M\u00e1rmara, el bunker del<strong><a href=\"https:\/\/www.ole.com.ar\/futbol-internacional\/champions\/champions-league-final-manchester-city-inter_0_TVJJ00uxmA.html\" target=\"_blank\" rel=\"noopener noreferrer\"> Manchester City en donde se concentr\u00f3 en esta final de la Champions League ante el Inter.<\/a><\/strong><\/p>\n<\/div>\n<div class=\"custom-text \" readability=\"42\">\n<p> Afuera, muchos hinchas y curiosos hacen guardia al igual que varios medios de prensa. La ca\u00f3tica y cautivante Estambul amaneci\u00f3 soleada y calurosa. Ajeno a todo eso, el hombre que acaba de conseguir su tercera Champions League como entrenador, y la primera fuera del Barcelona, s\u00f3lo piensa en almorzar algo antes de emprender el regreso a Manchester. Pero en el camino aparece Ol\u00e9, \u00fanico medio con privilegiado acceso a la concentraci\u00f3n del flamante campe\u00f3n, y le pide una charla mano a mano. Pep acepta dar unos minutos de su tiempo en el sal\u00f3n comedor de la planta baja donde los jugadores ya van por el postre. Cordial y c\u00e1lido como siempre, agradece las felicitaciones y asegura: \u00abEstaba escrito\u00bb.<\/p>\n<\/div>\n<div class=\"custom-text \" readability=\"32\">\n<p><strong>-\u00bfC\u00f3mo dormiste anoche?<\/strong><\/p>\n<\/div>\n<div class=\"custom-text \" readability=\"34\">\n<p>-Bien, bien. Poco pero bien, je.<\/p>\n<\/div>\n<div class=\"custom-text \" readability=\"32\">\n<p><strong>-\u00bfQu\u00e9 sentiste cuando apoyaste la cabeza en la almohada? \u00bfAlivio?<\/strong><\/p>\n<\/div>\n<div class=\"custom-text \" readability=\"42\">\n<p>-No, no s\u00e9&#8230; nada especial. Pens\u00e9 en intentar dormir, jaja&#8230; no hab\u00eda bebido mucho anoche as\u00ed que, por lo tanto, pensaba descansar. Bien, la verdad que contento por tantas cosas que se te vienen a la cabeza. La Champions es una competici\u00f3n muy dif\u00edcil de ganar, todos lo sabemos, y es algo que pasa muy de vez en cuando en tu vida as\u00ed que volver a ganarla y en este club que tanto me ha acogido pues es algo que est\u00e1 muy bien.<\/p>\n<\/div>\n<div class=\"custom-text \" readability=\"42\">\n<p>Mientras se refriega los ojos, toma un poco de un jugo de naranja. El sue\u00f1o est\u00e1 justificado. El partido termin\u00f3 a la medianoche de Turqu\u00eda (seis horas m\u00e1s que en Argentina) y ya en el hotel sigui\u00f3 la celebraci\u00f3n especial con un festejo a todo trapo que dur\u00f3 hasta el amanecer con alrededor de 500 invitados entre staff del City y familiares. La estrella de la noche no fue Guardiola sino un escenario montado en el patio para la ocasi\u00f3n y que ten\u00eda tres tarimas. En cada una, las tres copas logradas esta temporada: la Premier, la FA Cup y la Champions. Al lado, una interminable fila india para esa foto con los trofeos 2que ser\u00e1 eterna. \u00abPrimer triplete en la historia del club y el segundo en la carrera de Pep\u00bb, informa, orgulloso, uno de sus allegados.<\/p>\n<\/div>\n<div class=\"custom-text \" readability=\"33\">\n<p><strong>-\u00bfSent\u00eds que esta vez el equipo estaba preparado no s\u00f3lo para ganar sino tambi\u00e9n para sufrir? Que en la final iban a pasar por momentos de sufrimiento?<\/strong><\/p>\n<\/div>\n<div class=\"custom-text \" readability=\"40\">\n<p>-S\u00ed, pero en anteriores Champions, donde por ejemplo perdimos contra el Chelsea o con el Madrid el a\u00f1o pasado en semifinales o incluso este a\u00f1o, siempre se sufre. Mira, hoy estamos muy contentos pero podr\u00edamos haber empatado al final. El Inter nos podr\u00eda haber empatado y podr\u00edamos haber perdido. Y ahora no estar\u00edamos haciendo esta nota ni todo el mundo estar\u00eda tan contento. Al final, el deporte a este alto nivel es de&#8230; (piensa).<\/p>\n<\/div>\n<div class=\"custom-text \">\n<p><strong>-Detalles.<\/strong><\/p>\n<\/div>\n<div class=\"custom-text \" readability=\"43\">\n<p>-Detalles, \u00bfno? Es verdad que el detalle era el deseo que ten\u00edamos todos, no s\u00f3lo los jugadores, todo el club y toda la gente que lleva a\u00f1os con esta competici\u00f3n donde nos ha costado siempre conseguirla, pues ese plus te lo da ese deseo y ayer lo conseguimos. Pero no nos cambia. A m\u00ed no me cambia, hoy estamos muy felices y contentos pero s\u00e9 que en el pasado haciendo lo mismo podr\u00edamos haber ganado y este a\u00f1o haciendo lo mismo podr\u00edamos haber perdido. Eso en esta competici\u00f3n. El campeonato, no.<strong> El campeonato son 38 fechas y ah\u00ed tienes que&#8230; ah\u00ed el que gana es el mejor. Pero en la Champions&#8230; hay que tener ese punto de suerte o esa cuesti\u00f3n de que est\u00e1 escrito. Cada vez tengo m\u00e1s claro que en estas competiciones esto est\u00e1 escrito,<\/strong> no me digas por qu\u00e9, pero hay miles de detalles durante el a\u00f1o que dices &#8216;este a\u00f1o nos toca&#8217;. Y se nos dio.<\/p>\n<\/div>\n<div class=\"sc-e7b891c4-0 jPbnQF\"><img alt=\"Pep Guardiola mano a mano con Vicente Muglia, de Ol\u00e9.\" src=\"http:\/\/hoycordobaweb.com\/wp-content\/uploads\/2023\/06\/guardiola-con-ole-del-valor-de-esta-champions-league-al-recuerdo-del-ya-esta-de-messi-2.jpg\" width=\"72\" height=\"10\" decoding=\"async\" data-nimg=\"future\" loading=\"lazy\"><span class=\"epigraphe\">Pep Guardiola mano a mano con Vicente Muglia, de Ol\u00e9.<\/span><\/div>\n<div class=\"custom-text \" readability=\"38\">\n<p>Fueron siete intentos con el City m\u00e1s otros tres anteriores con el Bayern.<strong> Reci\u00e9n en la d\u00e9cima edici\u00f3n fuera del Barsa volvi\u00f3 a comprobar cu\u00e1ntos kilos pesaba la Orejona. Pero su mensaje es claro: este tipo de competiciones se definen por detalles y por el azar. Justo lo peor que puede pasarle a alguien obsesivo y detallista como Pep, <\/strong>que intenta tener todo controlado en un juego donde de por s\u00ed ya hay poco control. Por eso, elige y valora m\u00e1s los torneos largos, donde las sorpresas no alcanzan para ganar el t\u00edtulo.<\/p>\n<\/div>\n<div class=\"custom-text \" readability=\"34\">\n<p><strong>-\u00bfY ahora qu\u00e9? Son 14 titulos en 7 a\u00f1os en el City. \u00bfC\u00f3mo reinventarse, c\u00f3mo seguir en el mismo camino cuando uno siempre suele aflojarse un poco despu\u00e9s de alcanzar la gloria?<\/strong><\/p>\n<\/div>\n<div class=\"custom-text \" readability=\"38\">\n<p>-Yo creo que el trabajo est\u00e1 hecho. <strong>No me quiero comparar ni mucho menos con Leo (Messi) pero hay una imagen suya en el Mundial de que \u00abya est\u00e1, ya est\u00e1\u00bb.<\/strong> \u00bfNo? Pues en este club yo tengo que saber que ya est\u00e1. Ya esta Champions le da sentido a las cinco Premier que ganamos. Pero tambi\u00e9n es verdad que necesitamos irnos a casa, desconectar m\u00e1s que un poco y conoci\u00e9ndonos todos, cuando vuelva a empezar la adrenalina pues volveremos a enchufarnos. Pero ahora no estoy para pensar m\u00e1s all\u00e1.<\/p>\n<\/div>\n<div class=\"custom-text \" readability=\"44\">\n<p>De la nada, Messi aparece en la charla. Como referencia de lo que \u00e9l siente con esta Champions. Que logr\u00f3 lo que le ped\u00edan. Cuenta pendiente saldada, como Leo con el Mundial. <strong>\u00bfEsto significa que Pep se ir\u00e1 del City? No. Le quedan dos a\u00f1os de contrato.<\/strong> Llegar\u00e1 a nueve temporadas en el club pero ya dio a entender que no se ve como Sir Alex Ferguson, que se qued\u00f3 a vivir en el United, el rival de la ciudad. A mediados del 2025, de no surgir imprevistos, se marchar\u00e1 en busca de otros objetivos. Ahora, ya lo remarc\u00f3 en esta nota, buscar\u00e1 descansar (vacaciones con la familia, mucho golf) y cuando vuelva la actividad seguir\u00e1 persiguiendo t\u00edtulos con la voracidad de siempre.<\/p>\n<\/div>\n<div class=\"custom-text \" readability=\"32\">\n<p><strong>-La \u00faltima: un saludo para la gente de Argentina.<\/strong><\/p>\n<\/div>\n<div class=\"custom-text \" readability=\"32\">\n<p>-C\u00f3mo no. Espero que a\u00fan les dure la resaca de haber ganado el Mundial.<\/p>\n<\/div>\n<div class=\"sc-7ce6049-0 dwIKul\">\n<div class=\"sc-7ce6049-1 bdcBBS videoText\" id=\"contentTitleundefinedj0KmPHTX\" readability=\"56\"><svg fill=\"#ffffff\"><symbol id=\"play\" viewBox=\"0 0 512 512\"><path d=\"M512 256C512 397.4 397.4 512 256 512C114.6 512 0 397.4 0 256C0 114.6 114.6 0 256 0C397.4 0 512 114.6 512 256zM176 168V344C176 352.7 180.7 360.7 188.3 364.9C195.8 369.2 205.1 369 212.5 364.5L356.5 276.5C363.6 272.1 368 264.4 368 256C368 247.6 363.6 239.9 356.5 235.5L212.5 147.5C205.1 142.1 195.8 142.8 188.3 147.1C180.7 151.3 176 159.3 176 168V168z\" \/><\/symbol><use xlink:href=\"#play\" \/><\/svg><\/p>\n<div class=\"right\" readability=\"7\">\n<p>Manchester City<!-- --> &#8211;<!-- --> <span>11-6-2023<\/span><\/p>\n<h2 class=\"title-vid\">El resumen de la victoria de Manchester City ante Inter<\/h2>\n<\/div>\n<\/div>\n<p><span class=\"back\" id=\"spanBackundefinedj0KmPHTX\"><\/span><\/div>\n<\/div>\n","protected":false},"excerpt":{"rendered":"<p>11\/06\/2023 21:51hs. Actualizado al 11\/06\/2023 22:01hs. Ni el cansancio por las pocas horas de sue\u00f1o ni la tensi\u00f3n por un partido con suspenso hasta el final logran maquillar de su rostro esa sonrisa permanente que transmite alivio y satisfacci\u00f3n. Esa mueca que desnuda el orgullo por haber alcanzado la gloria y al mismo tiempo haberse [&hellip;]<\/p>\n","protected":false},"author":1,"featured_media":61532,"comment_status":"open","ping_status":"closed","sticky":false,"template":"","format":"standard","meta":[],"categories":[16],"tags":[],"_links":{"self":[{"href":"http:\/\/hoycordobaweb.com\/index.php\/wp-json\/wp\/v2\/posts\/61531"}],"collection":[{"href":"http:\/\/hoycordobaweb.com\/index.php\/wp-json\/wp\/v2\/posts"}],"about":[{"href":"http:\/\/hoycordobaweb.com\/index.php\/wp-json\/wp\/v2\/types\/post"}],"author":[{"embeddable":true,"href":"http:\/\/hoycordobaweb.com\/index.php\/wp-json\/wp\/v2\/users\/1"}],"replies":[{"embeddable":true,"href":"http:\/\/hoycordobaweb.com\/index.php\/wp-json\/wp\/v2\/comments?post=61531"}],"version-history":[{"count":0,"href":"http:\/\/hoycordobaweb.com\/index.php\/wp-json\/wp\/v2\/posts\/61531\/revisions"}],"wp:featuredmedia":[{"embeddable":true,"href":"http:\/\/hoycordobaweb.com\/index.php\/wp-json\/wp\/v2\/media\/61532"}],"wp:attachment":[{"href":"http:\/\/hoycordobaweb.com\/index.php\/wp-json\/wp\/v2\/media?parent=61531"}],"wp:term":[{"taxonomy":"category","embeddable":true,"href":"http:\/\/hoycordobaweb.com\/index.php\/wp-json\/wp\/v2\/categories?post=61531"},{"taxonomy":"post_tag","embeddable":true,"href":"http:\/\/hoycordobaweb.com\/index.php\/wp-json\/wp\/v2\/tags?post=61531"}],"curies":[{"name":"wp","href":"https:\/\/api.w.org\/{rel}","templated":true}]}}