{"id":6153,"date":"2020-11-27T17:47:24","date_gmt":"2020-11-27T17:47:24","guid":{"rendered":"https:\/\/www.perfil.com\/noticias\/politica\/la-camara-de-diputados-recibe-a-especialistas-en-ninez-y-educacion.phtml"},"modified":"2020-11-27T17:47:24","modified_gmt":"2020-11-27T17:47:24","slug":"la-camara-de-diputados-recibe-a-especialistas-en-ninez-y-educacion","status":"publish","type":"post","link":"http:\/\/hoycordobaweb.com\/index.php\/2020\/11\/27\/la-camara-de-diputados-recibe-a-especialistas-en-ninez-y-educacion\/","title":{"rendered":"La C\u00e1mara de Diputados recibe a especialistas en ni\u00f1ez y educaci\u00f3n"},"content":{"rendered":"<p><img src=\"http:\/\/hoycordobaweb.com\/wp-content\/uploads\/2020\/11\/la-camara-de-diputados-recibe-a-especialistas-en-ninez-y-educacion.jpg\"><\/p>\n<div><img src=\"http:\/\/hoycordobaweb.com\/wp-content\/uploads\/2020\/11\/la-camara-de-diputados-recibe-a-especialistas-en-ninez-y-educacion-2.jpg\" class=\"ff-og-image-inserted\"><\/div>\n<aside class=\"relatedPost\">\n<h3>M\u00e1s noticias de politica<\/h3>\n<\/aside>\n<p>Reuni\u00f3n informativa de la comisi\u00f3n de Familias, Ni\u00f1ez y Juventudes con especialistas en ni\u00f1ez y educaci\u00f3n para debatir la situaci\u00f3n del sistema educativo en el marco de la pandemia y los desaf\u00edos para la postpandemia y vuelta a clases.<\/p>\n","protected":false},"excerpt":{"rendered":"<p>M\u00e1s noticias de politica Reuni\u00f3n informativa de la comisi\u00f3n de Familias, Ni\u00f1ez y Juventudes con especialistas en ni\u00f1ez y educaci\u00f3n para debatir la situaci\u00f3n del sistema educativo en el marco de la pandemia y los desaf\u00edos para la postpandemia y vuelta a clases.<\/p>\n","protected":false},"author":1,"featured_media":6154,"comment_status":"closed","ping_status":"closed","sticky":false,"template":"","format":"standard","meta":[],"categories":[1],"tags":[],"_links":{"self":[{"href":"http:\/\/hoycordobaweb.com\/index.php\/wp-json\/wp\/v2\/posts\/6153"}],"collection":[{"href":"http:\/\/hoycordobaweb.com\/index.php\/wp-json\/wp\/v2\/posts"}],"about":[{"href":"http:\/\/hoycordobaweb.com\/index.php\/wp-json\/wp\/v2\/types\/post"}],"author":[{"embeddable":true,"href":"http:\/\/hoycordobaweb.com\/index.php\/wp-json\/wp\/v2\/users\/1"}],"replies":[{"embeddable":true,"href":"http:\/\/hoycordobaweb.com\/index.php\/wp-json\/wp\/v2\/comments?post=6153"}],"version-history":[{"count":0,"href":"http:\/\/hoycordobaweb.com\/index.php\/wp-json\/wp\/v2\/posts\/6153\/revisions"}],"wp:featuredmedia":[{"embeddable":true,"href":"http:\/\/hoycordobaweb.com\/index.php\/wp-json\/wp\/v2\/media\/6154"}],"wp:attachment":[{"href":"http:\/\/hoycordobaweb.com\/index.php\/wp-json\/wp\/v2\/media?parent=6153"}],"wp:term":[{"taxonomy":"category","embeddable":true,"href":"http:\/\/hoycordobaweb.com\/index.php\/wp-json\/wp\/v2\/categories?post=6153"},{"taxonomy":"post_tag","embeddable":true,"href":"http:\/\/hoycordobaweb.com\/index.php\/wp-json\/wp\/v2\/tags?post=6153"}],"curies":[{"name":"wp","href":"https:\/\/api.w.org\/{rel}","templated":true}]}}