{"id":61525,"date":"2023-06-12T01:51:47","date_gmt":"2023-06-12T01:51:47","guid":{"rendered":"https:\/\/www.ole.com.ar\/ecuador\/la-tri\/caicedo-cifuentes-gruezo-franco-arreaga-campana-sumaron-tri-amistosos-unidos_0_NKCDcKUYun.html"},"modified":"2023-06-12T01:51:47","modified_gmt":"2023-06-12T01:51:47","slug":"la-tri-toma-forma-en-estados-unidos","status":"publish","type":"post","link":"http:\/\/hoycordobaweb.com\/index.php\/2023\/06\/12\/la-tri-toma-forma-en-estados-unidos\/","title":{"rendered":"La Tri toma forma en Estados Unidos"},"content":{"rendered":"<p><img src=\"http:\/\/hoycordobaweb.com\/wp-content\/uploads\/2023\/06\/la-tri-toma-forma-en-estados-unidos.jpg\"><\/p>\n<p><time class=\"createDate\" datetime=\"2023-06-11T22:51:47-03:00\">11\/06\/2023 22:51hs.<\/time><time class=\"modificatedDate\" datetime=\"2023\/06\/11T23:07:21-03:00\"> Actualizado al 11\/06\/2023 23:07hs.<\/time><\/p>\n<div id=\"storyBody\">\n<div class=\"custom-text \" readability=\"35.8\">\n<p>A lo largo de la tarde de domingo, las redes sociales de <a href=\"https:\/\/www.ole.com.ar\/ecuador\/la-tri\/%5Bobject%20Object%5D\" rel=\"noopener noreferrer\" target=\"_blank\">La Tri<\/a> fueron descubriendo la llegada de los distintos jugadores a la concentraci\u00f3n de <a href=\"https:\/\/www.ole.com.ar\/ecuador\/la-tri\/%5Bobject%20Object%5D\" rel=\"noopener noreferrer\" target=\"_blank\"><strong>Ecuador<\/strong><\/a> en Estados Unidos: la Selecci\u00f3n se preparar\u00e1 all\u00ed de cara a los <strong>amistosos contra Bolivia<\/strong> (el s\u00e1bado 17, en Nueva Jersey) <strong>y Costa Rica<\/strong> (el martes 20, en Philadelphia), los segundos que tendr\u00e1n con <a href=\"https:\/\/www.ole.com.ar\/ecuador\/la-tri\/%5Bobject%20Object%5D\" rel=\"noopener noreferrer\" target=\"_blank\"><strong>F\u00e9lix S\u00e1nchez Bas<\/strong><\/a> como entrenador.<\/p>\n<\/div>\n<div class=\"custom-text \" readability=\"22.097130242826\">\n<p><strong><a href=\"https:\/\/www.ole.com.ar\/ecuador\/la-tri\/felix-sanchez-bas-viajo-unidos-espera-jugadores-seleccion-ecuador-fecha-fifa-tri_0_9YPFu6TT01.html\" target=\"_blank\" rel=\"noopener noreferrer\">El espa\u00f1ol viaj\u00f3 a Newark en la noche del viernes junto a su cuerpo t\u00e9cnico<\/a><\/strong> y staff de la Federaci\u00f3n Ecuatoriana de F\u00fatbol. FSB y su grupo de trabajo avanzaron el s\u00e1bado en ultimar los detalles para tener todo en orden cuando el resto de la delegaci\u00f3n arribe a suelo norteamericano. <strong><a href=\"https:\/\/www.ole.com.ar\/ecuador\/la-tri\/felix-sanchez-bas-tri-entrenamiento-amistosos_0_4VSDbCFkW2.html\" target=\"_blank\" rel=\"noopener noreferrer\">Visitaron algunos lugares de entrenamiento para definir d\u00f3nde realizar\u00e1n las pr\u00e1cticas<\/a> y confirmaron el cronograma previo a los mencionados duelos preparativos.<\/strong><\/p>\n<\/div>\n<p><h2>El cronograma de Ecuador en Estados Unidos<\/h2>\n<\/p>\n<div class=\"custom-text \" readability=\"44\">\n<p>Tras arribar a la ciudad estadounidense el s\u00e1bado, el staff (conformado por 18 personas, las cuales integran el cuerpo t\u00e9cnico, m\u00e9dicos, fisioterapeutas, utileros, seguridad, cocineros y prensa), visit\u00f3 el campo de entrenamiento y prepar\u00f3 todo para la primera sesi\u00f3n del equipo: este lunes. <strong>En horas de la ma\u00f1ana norteamericana, est\u00e1 previsto un trabajo de activaci\u00f3n en el gimnasio con doble turno.<\/strong> Desde las 19 habr\u00e1 ensayo en campo y se espera que para el martes est\u00e9n todos los citados.<\/p>\n<\/div>\n<div class=\"sc-e7b891c4-0 jPbnQF\"><img alt=\"La Tri en New Jersey.\" src=\"http:\/\/hoycordobaweb.com\/wp-content\/uploads\/2023\/06\/la-tri-toma-forma-en-estados-unidos-2.jpg\" width=\"72\" height=\"10\" decoding=\"async\" data-nimg=\"future\" loading=\"lazy\"><span class=\"epigraphe\">La Tri en New Jersey.<\/span><\/div>\n<div class=\"custom-text \" readability=\"33.276836158192\">\n<p><a href=\"https:\/\/www.ole.com.ar\/ecuador\/la-tri\/%5Bobject%20Object%5D\" rel=\"noopener noreferrer\" target=\"_blank\"><strong>Gonzalo Plata<\/strong><\/a><strong>, <a href=\"https:\/\/www.ole.com.ar\/ecuador\/la-tri\/%5Bobject%20Object%5D\" target=\"_blank\" rel=\"noopener noreferrer\">Piero Hincapi\u00e9<\/a>, Pervis Estupi\u00f1\u00e1n y <a href=\"https:\/\/www.ole.com.ar\/ecuador\/la-tri\/%5Bobject%20Object%5D\" target=\"_blank\" rel=\"noopener noreferrer\">\u00c1ngelo Preciado<\/a><\/strong> han estado trabajando en la Casa de la Selecci\u00f3n previo a la fecha FIFA, donde tuvieron contacto con S\u00e1nchez Bas. Los futbolistas que militan en Europa ya est\u00e1n en vacaciones y tras los partidos con Bolivia y Costa Rica podr\u00e1n tener varios d\u00edas libre para estar con sus familias.<\/p>\n<\/div>\n<div class=\"custom-text \" readability=\"31.056910569106\">\n<p>Y este domingo empezaron a sumarse los futbolistas, entre los que La Tri dej\u00f3 ver aparecen: <a href=\"https:\/\/www.ole.com.ar\/ecuador\/la-tri\/%5Bobject%20Object%5D\" rel=\"noopener noreferrer\" target=\"_blank\"><strong>Mois\u00e9s Caicedo<\/strong><\/a><strong>, <\/strong><a href=\"https:\/\/www.ole.com.ar\/ecuador\/la-tri\/%5Bobject%20Object%5D\" rel=\"noopener noreferrer\" target=\"_blank\"><strong>Carlos Gruezo<\/strong><\/a><strong>, <\/strong><a href=\"https:\/\/www.ole.com.ar\/ecuador\/la-tri\/%5Bobject%20Object%5D\" rel=\"noopener noreferrer\" target=\"_blank\"><strong>Leonardo Campana<\/strong><\/a><strong>, Xavier Arreaga, <\/strong><a href=\"https:\/\/www.ole.com.ar\/ecuador\/la-tri\/%5Bobject%20Object%5D\" rel=\"noopener noreferrer\" target=\"_blank\"><strong>Alan Franco<\/strong><\/a><strong> y Anderson Julio, todos recibidos en la puerta del hotel por el entrenador.<\/strong><\/p>\n<\/div>\n<div class=\"sc-e7b891c4-0 jPbnQF\"><img alt=\"Jos\u00e9 Cifuentes se sum\u00f3 a la concentraci\u00f3n de Ecuador en Estados Unidos (@Latri)\" src=\"http:\/\/hoycordobaweb.com\/wp-content\/uploads\/2023\/06\/la-tri-toma-forma-en-estados-unidos-3.jpg\" width=\"72\" height=\"10\" decoding=\"async\" data-nimg=\"future\" loading=\"lazy\"><span class=\"epigraphe\">Jos\u00e9 Cifuentes se sum\u00f3 a la concentraci\u00f3n de Ecuador en Estados Unidos (@Latri)<\/span><\/div>\n<div class=\"sc-e7b891c4-0 jPbnQF\"><img alt=\"Alan Franco se sum\u00f3 a la concentraci\u00f3n de Ecuador en Estados Unidos (@Latri)\" src=\"http:\/\/hoycordobaweb.com\/wp-content\/uploads\/2023\/06\/la-tri-toma-forma-en-estados-unidos-4.jpg\" width=\"72\" height=\"10\" decoding=\"async\" data-nimg=\"future\" loading=\"lazy\"><span class=\"epigraphe\">Alan Franco se sum\u00f3 a la concentraci\u00f3n de Ecuador en Estados Unidos (@Latri)<\/span><\/div>\n<div class=\"sc-e7b891c4-0 jPbnQF\"><img alt=\"Xavier Arreaga se sum\u00f3 a la concentraci\u00f3n de Ecuador en Estados Unidos (@Latri)\" src=\"http:\/\/hoycordobaweb.com\/wp-content\/uploads\/2023\/06\/la-tri-toma-forma-en-estados-unidos-5.jpg\" width=\"72\" height=\"10\" decoding=\"async\" data-nimg=\"future\" loading=\"lazy\"><span class=\"epigraphe\">Xavier Arreaga se sum\u00f3 a la concentraci\u00f3n de Ecuador en Estados Unidos (@Latri)<\/span><\/div>\n<div class=\"sc-e7b891c4-0 jPbnQF\"><img alt=\"Carlos Gruezo, Anderson Julio y Leonardo Campana se sumaron a la concentraci\u00f3n de Ecuador en Estados Unidos (@Latri)\" src=\"http:\/\/hoycordobaweb.com\/wp-content\/uploads\/2023\/06\/la-tri-toma-forma-en-estados-unidos-6.jpg\" width=\"72\" height=\"10\" decoding=\"async\" data-nimg=\"future\" loading=\"lazy\"><span class=\"epigraphe\">Carlos Gruezo, Anderson Julio y Leonardo Campana se sumaron a la concentraci\u00f3n de Ecuador en Estados Unidos (@Latri)<\/span><\/div>\n<div class=\"custom-text \" readability=\"38\">\n<p>El espa\u00f1ol tiene un balance de una victoria y una derrota como entrenador de La Tri (ambas ante Australia, en marzo), el cual espera mejorarlo en estos amistosos que enfrentar\u00e1n en los pr\u00f3ximos d\u00edas. Esta ser\u00e1 la \u00faltima prueba antes del arranque de las Eliminatorias, donde Ecuador enfrentar\u00e1 a Argentina en Buenos Aires. S\u00e1nchez Bas tendr\u00e1 varios d\u00edas de trabajo para definir un sistema de juego y probar nuevos nombres que podr\u00e1n ser parte del Equipo de Todos en septiembre.<\/p>\n<\/div>\n<div class=\"sc-e7b891c4-0 jPbnQF\"><img alt=\"F\u00e9lix S\u00e1nchez Bas va por su tercer partido al frente de Ecuador.\" src=\"http:\/\/hoycordobaweb.com\/wp-content\/uploads\/2023\/06\/la-tri-toma-forma-en-estados-unidos-7.jpg\" width=\"72\" height=\"10\" decoding=\"async\" data-nimg=\"future\" loading=\"lazy\"><span class=\"epigraphe\">F\u00e9lix S\u00e1nchez Bas va por su tercer partido al frente de Ecuador.<\/span><\/div>\n<p><h2>Atenci\u00f3n a la prensa de Ecuador en Estados Unidos<\/h2>\n<\/p>\n<div class=\"custom-text \" readability=\"34\">\n<p>Seg\u00fan advirtieron desde el seleccionado, el d\u00eda martes 13 de junio habr\u00e1 atenci\u00f3n a prensa en New Jersey.<\/p>\n<\/div>\n<div class=\"custom-text \" readability=\"32\">\n<p>Hablar\u00e1n dos jugadores y los medios presentes tendr\u00e1n acceso a 15 minutos de la pr\u00e1ctica. <\/p>\n<\/div>\n<div class=\"sc-a7166897-0 exHLBh\" readability=\"6\">\n<section readability=\"2\"><picture><img alt=\"Derrota y blooper de Arboleda antes de sumarse a La Tri\" src=\"http:\/\/hoycordobaweb.com\/wp-content\/uploads\/2023\/06\/la-tri-toma-forma-en-estados-unidos-8.jpg\" width=\"29\" height=\"29\" decoding=\"async\" data-nimg=\"future\" loading=\"lazy\"><\/picture>\n<p><span>Mir\u00e1 tambi\u00e9n<\/span><\/p>\n<hr>\n<h3>Derrota y blooper de Arboleda antes de sumarse a La Tri<\/h3>\n<\/p>\n<\/section>\n<\/div>\n<div class=\"sc-a7166897-0 exHLBh\" readability=\"6\">\n<section readability=\"2\"><picture><img alt=\"El cronograma de Ecuador en Estados Unidos\" src=\"http:\/\/hoycordobaweb.com\/wp-content\/uploads\/2023\/06\/la-tri-toma-forma-en-estados-unidos-9.jpg\" width=\"29\" height=\"29\" decoding=\"async\" data-nimg=\"future\" loading=\"lazy\"><\/picture>\n<p><span>Mir\u00e1 tambi\u00e9n<\/span><\/p>\n<hr>\n<h3>El cronograma de Ecuador en Estados Unidos<\/h3>\n<\/p>\n<\/section>\n<\/div>\n<div class=\"sc-a7166897-0 exHLBh\" readability=\"6\">\n<section readability=\"2\"><picture><img alt=\"Los estadios donde jugar\u00e1 La Tri con Bolivia y Costa Rica en la fecha FIFA\" src=\"http:\/\/hoycordobaweb.com\/wp-content\/uploads\/2023\/06\/la-tri-toma-forma-en-estados-unidos-10.jpg\" width=\"29\" height=\"29\" decoding=\"async\" data-nimg=\"future\" loading=\"lazy\"><\/picture>\n<p><span>Mir\u00e1 tambi\u00e9n<\/span><\/p>\n<hr>\n<h3>Los estadios donde jugar\u00e1 La Tri con Bolivia y Costa Rica en la fecha FIFA<\/h3>\n<\/p>\n<\/section>\n<\/div>\n<div class=\"sc-a7166897-0 exHLBh\" readability=\"7\">\n<section readability=\"4\"><picture><img alt=\"Nuevo valor: esto deber\u00e1n pagar Arsenal, Chelsea y Manchester United para fichar a Mois\u00e9s Caicedo\" src=\"http:\/\/hoycordobaweb.com\/wp-content\/uploads\/2023\/06\/la-tri-toma-forma-en-estados-unidos-11.jpg\" width=\"29\" height=\"29\" decoding=\"async\" data-nimg=\"future\" loading=\"lazy\"><\/picture>\n<p><span>Mir\u00e1 tambi\u00e9n<\/span><\/p>\n<hr>\n<h3>Nuevo valor: esto deber\u00e1n pagar Arsenal, Chelsea y Manchester United para fichar a Mois\u00e9s Caicedo<\/h3>\n<\/p>\n<\/section>\n<\/div>\n<div class=\"sc-a7166897-0 exHLBh\" readability=\"6\">\n<section readability=\"2\"><picture><img alt=\"Carlos Gruezo dio una asistencia en la MLS\" src=\"http:\/\/hoycordobaweb.com\/wp-content\/uploads\/2023\/06\/la-tri-toma-forma-en-estados-unidos-12.jpg\" width=\"29\" height=\"29\" decoding=\"async\" data-nimg=\"future\" loading=\"lazy\"><\/picture>\n<p><span>Mir\u00e1 tambi\u00e9n<\/span><\/p>\n<hr>\n<h3>Carlos Gruezo dio una asistencia en la MLS<\/h3>\n<\/p>\n<\/section>\n<\/div>\n<div class=\"sc-a7166897-0 exHLBh\" readability=\"6\">\n<section readability=\"2\"><picture><img alt=\"La Tri: \u00faltimo antecedente en New Jersey y qu\u00e9 jugadores repiten\" src=\"http:\/\/hoycordobaweb.com\/wp-content\/uploads\/2023\/06\/la-tri-toma-forma-en-estados-unidos-13.jpg\" width=\"29\" height=\"29\" decoding=\"async\" data-nimg=\"future\" loading=\"lazy\"><\/picture>\n<p><span>Mir\u00e1 tambi\u00e9n<\/span><\/p>\n<hr>\n<h3>La Tri: \u00faltimo antecedente en New Jersey y qu\u00e9 jugadores repiten<\/h3>\n<\/p>\n<\/section>\n<\/div>\n<\/div>\n","protected":false},"excerpt":{"rendered":"<p>11\/06\/2023 22:51hs. Actualizado al 11\/06\/2023 23:07hs. A lo largo de la tarde de domingo, las redes sociales de La Tri fueron descubriendo la llegada de los distintos jugadores a la concentraci\u00f3n de Ecuador en Estados Unidos: la Selecci\u00f3n se preparar\u00e1 all\u00ed de cara a los amistosos contra Bolivia (el s\u00e1bado 17, en Nueva Jersey) y [&hellip;]<\/p>\n","protected":false},"author":1,"featured_media":61526,"comment_status":"open","ping_status":"closed","sticky":false,"template":"","format":"standard","meta":[],"categories":[16],"tags":[],"_links":{"self":[{"href":"http:\/\/hoycordobaweb.com\/index.php\/wp-json\/wp\/v2\/posts\/61525"}],"collection":[{"href":"http:\/\/hoycordobaweb.com\/index.php\/wp-json\/wp\/v2\/posts"}],"about":[{"href":"http:\/\/hoycordobaweb.com\/index.php\/wp-json\/wp\/v2\/types\/post"}],"author":[{"embeddable":true,"href":"http:\/\/hoycordobaweb.com\/index.php\/wp-json\/wp\/v2\/users\/1"}],"replies":[{"embeddable":true,"href":"http:\/\/hoycordobaweb.com\/index.php\/wp-json\/wp\/v2\/comments?post=61525"}],"version-history":[{"count":0,"href":"http:\/\/hoycordobaweb.com\/index.php\/wp-json\/wp\/v2\/posts\/61525\/revisions"}],"wp:featuredmedia":[{"embeddable":true,"href":"http:\/\/hoycordobaweb.com\/index.php\/wp-json\/wp\/v2\/media\/61526"}],"wp:attachment":[{"href":"http:\/\/hoycordobaweb.com\/index.php\/wp-json\/wp\/v2\/media?parent=61525"}],"wp:term":[{"taxonomy":"category","embeddable":true,"href":"http:\/\/hoycordobaweb.com\/index.php\/wp-json\/wp\/v2\/categories?post=61525"},{"taxonomy":"post_tag","embeddable":true,"href":"http:\/\/hoycordobaweb.com\/index.php\/wp-json\/wp\/v2\/tags?post=61525"}],"curies":[{"name":"wp","href":"https:\/\/api.w.org\/{rel}","templated":true}]}}