{"id":61521,"date":"2023-06-12T02:02:42","date_gmt":"2023-06-12T02:02:42","guid":{"rendered":"https:\/\/www.ole.com.ar\/opinion\/guardiola-messi-champions-qatar_0_iMTLUIsF6Q.html"},"modified":"2023-06-12T02:02:42","modified_gmt":"2023-06-12T02:02:42","slug":"guardiola-y-messi-los-titulos-les-hacen-justicia","status":"publish","type":"post","link":"http:\/\/hoycordobaweb.com\/index.php\/2023\/06\/12\/guardiola-y-messi-los-titulos-les-hacen-justicia\/","title":{"rendered":"Guardiola y Messi: los t\u00edtulos les hacen justicia"},"content":{"rendered":"<p><img src=\"http:\/\/hoycordobaweb.com\/wp-content\/uploads\/2023\/06\/guardiola-y-messi-los-titulos-les-hacen-justicia.jpg\"><\/p>\n<div><img src=\"http:\/\/hoycordobaweb.com\/wp-content\/uploads\/2023\/06\/guardiola-y-messi-los-titulos-les-hacen-justicia.jpg\" class=\"ff-og-image-inserted\"><\/div>\n<p><time class=\"createDate\" datetime=\"2023-06-11T23:02:42-03:00\">11\/06\/2023 23:02hs.<\/time><time class=\"modificatedDate\" datetime=\"2023\/06\/11T23:02:41-03:00\"><\/time><\/p>\n<div id=\"storyBody\">\n<div class=\"custom-text \" readability=\"27.299093655589\">\n<p><strong><a href=\"https:\/\/www.ole.com.ar\/futbol-internacional\/champions\/champions-league-final-manchester-city-inter_0_TVJJ00uxmA.html\" target=\"_blank\" rel=\"noopener noreferrer\">Manchester City era el mejor equipo del mundo antes de ganar la Champions League<\/a><\/strong>. La Selecci\u00f3n Argentina era el mejor equipo del Mundial antes de dar la vuelta en 2022. <strong>Guardiola ya era el t\u00e9cnico m\u00e1s determinante e influyente de los \u00faltimos 15 a\u00f1os antes de Estambul, as\u00ed como Messi ya era el mejor del mundo antes de Qatar.<\/strong><\/p>\n<\/div>\n<div class=\"custom-text \" readability=\"42\">\n<p>M\u00e1s que inflar el pecho, no se puede dejar de decir el orgullo que se siente cuando, as\u00ed como Leo se sienta a charlar con Ol\u00e9, Guardiola le haya concedido un cara a cara a Vicente Muglia, nuestro enviado, tras ganar la Orejona. Pero r\u00e1pidamente salimos de lo autorreferencial para ver que, sin comparaciones como pide Pep, hay paralelismos inevitables que surgen de la conversaci\u00f3n.<\/p>\n<\/div>\n<div class=\"custom-text \" readability=\"35\">\n<p>Las vueltas ol\u00edmpicas en la Premier League tomar\u00e1n otro valor por la Champions, m\u00e1s all\u00e1 de lo inobjetable que se ha vuelto este Manchester City a la hora de los an\u00e1lisis. Y las mil quinientas vueltas ol\u00edmpicas de Messi se revitalizaron con la Copa del Mundo.<\/p>\n<\/div>\n<div class=\"custom-text \" readability=\"40\">\n<p>Es una descripci\u00f3n de la realidad a la que los protagonistas, incluso Pep y Leo, parecen resignarse. Porque sus performances espec\u00edficas ya los pon\u00edan en la historia m\u00e1s all\u00e1 de un \u00faltimo t\u00edtulo. Incluso, as\u00ed como la historia del f\u00fatbol fue \u201cm\u00e1s justa\u201d con Messi campe\u00f3n del mundo, tambi\u00e9n es una sensaci\u00f3n de justicia futbolera que Guardiola levante la Orejona. Que se entienda la idea, en esta mirada no habr\u00eda sido injusto que la ganaran Mbapp\u00e9 o Lautaro.<\/p>\n<\/div>\n<div class=\"custom-text \" readability=\"39\">\n<p>Con los roles protag\u00f3nicos bien diferenciados, tanto en aquel Barcelona bicampe\u00f3n de la Champions del tr\u00edo Messi, Xavi e Iniesta en estado de gracia total por nivel y actualidad (multipremiados antes de conseguir el torneo), como en este Manchester City, hay un entrenador que cambi\u00f3 la historia del juego y que forz\u00f3 al resto a que cambiara.<\/p>\n<\/div>\n<\/div>\n","protected":false},"excerpt":{"rendered":"<p>11\/06\/2023 23:02hs. Manchester City era el mejor equipo del mundo antes de ganar la Champions League. La Selecci\u00f3n Argentina era el mejor equipo del Mundial antes de dar la vuelta en 2022. Guardiola ya era el t\u00e9cnico m\u00e1s determinante e influyente de los \u00faltimos 15 a\u00f1os antes de Estambul, as\u00ed como Messi ya era el [&hellip;]<\/p>\n","protected":false},"author":1,"featured_media":61522,"comment_status":"open","ping_status":"closed","sticky":false,"template":"","format":"standard","meta":[],"categories":[16],"tags":[],"_links":{"self":[{"href":"http:\/\/hoycordobaweb.com\/index.php\/wp-json\/wp\/v2\/posts\/61521"}],"collection":[{"href":"http:\/\/hoycordobaweb.com\/index.php\/wp-json\/wp\/v2\/posts"}],"about":[{"href":"http:\/\/hoycordobaweb.com\/index.php\/wp-json\/wp\/v2\/types\/post"}],"author":[{"embeddable":true,"href":"http:\/\/hoycordobaweb.com\/index.php\/wp-json\/wp\/v2\/users\/1"}],"replies":[{"embeddable":true,"href":"http:\/\/hoycordobaweb.com\/index.php\/wp-json\/wp\/v2\/comments?post=61521"}],"version-history":[{"count":0,"href":"http:\/\/hoycordobaweb.com\/index.php\/wp-json\/wp\/v2\/posts\/61521\/revisions"}],"wp:featuredmedia":[{"embeddable":true,"href":"http:\/\/hoycordobaweb.com\/index.php\/wp-json\/wp\/v2\/media\/61522"}],"wp:attachment":[{"href":"http:\/\/hoycordobaweb.com\/index.php\/wp-json\/wp\/v2\/media?parent=61521"}],"wp:term":[{"taxonomy":"category","embeddable":true,"href":"http:\/\/hoycordobaweb.com\/index.php\/wp-json\/wp\/v2\/categories?post=61521"},{"taxonomy":"post_tag","embeddable":true,"href":"http:\/\/hoycordobaweb.com\/index.php\/wp-json\/wp\/v2\/tags?post=61521"}],"curies":[{"name":"wp","href":"https:\/\/api.w.org\/{rel}","templated":true}]}}