{"id":61515,"date":"2023-06-11T21:31:58","date_gmt":"2023-06-11T21:31:58","guid":{"rendered":"https:\/\/ladecimaweb.com\/?p=16972"},"modified":"2023-06-11T21:31:58","modified_gmt":"2023-06-11T21:31:58","slug":"llaryora-propone-la-creacion-de-un-nuevo-valle-turistico-que-unira-todo-el-noroeste-cordobes","status":"publish","type":"post","link":"http:\/\/hoycordobaweb.com\/index.php\/2023\/06\/11\/llaryora-propone-la-creacion-de-un-nuevo-valle-turistico-que-unira-todo-el-noroeste-cordobes\/","title":{"rendered":"Llaryora propone la creaci\u00f3n de un \u201cnuevo valle tur\u00edstico\u201d que unir\u00e1 todo el noroeste cordob\u00e9s"},"content":{"rendered":"<div class=\"boldgrid-section\">\n<div class=\"container\">\n<div class=\"row\">\n<div class=\"col-md-12 col-xs-12 col-sm-12\">\n<p>En plena campa\u00f1a y de paso por Salsacate, San Carlos Minas, Cruz del Eje, Villa del Totoral y Sinsacate, Mart\u00edn Llaryora anunci\u00f3 este domingo que su gobierno avanzar\u00e1 hacia la integraci\u00f3n de todo el noroeste provincial a trav\u00e9s de un nuevo corredor tur\u00edstico, en una medida apuntada a favorecer y potenciar el desarrollo de las obras y el crecimiento econ\u00f3mico de esa regi\u00f3n de C\u00f3rdoba.<\/p>\n<p>\u201cMi decisi\u00f3n pol\u00edtica es crear un nuevo \u2018valle\u2019 que integre a los departamentos Pocho, Minas, Cruz del Eje e Ischil\u00edn. Y que ah\u00ed pongamos un mont\u00f3n de dinero en infraestructura para extender el gas natural, la conectividad y medidas para que los privados vengan a invertir\u201d, asegur\u00f3 Llaryora. Dijo: \u201cCon inversi\u00f3n e infraestructura, se genera trabajo\u201d.<\/p>\n<p>El candidato de Hacemos Unidos por C\u00f3rdoba propuso llevar adelante en su gobierno \u201cun plan productivo con diferimientos especiales y con una ley de producci\u00f3n especial para la radicaci\u00f3n de empresas, industrias y el fomento del turismo\u201d en estos cuatro departamentos.<\/p>\n<p class=\"\">Dijo Llaryora que as\u00ed \u201cva a ser rentable venir a invertir a esta regi\u00f3n de C\u00f3rdoba\u201d, porque como gobernador ofrecer\u00e1 promociones de exenci\u00f3n impositiva y otras medidas de fomento para quienes quieran construir caba\u00f1as y hospedajes. Los inversores, explic\u00f3, podr\u00e1n destinar a esos fines fondos que de otra manera deber\u00edan dedicar al pago de Ingresos Brutos, \u201cpara que con esa plata, en vez de pagarla en impuestos, vengan y construyan\u201d, indic\u00f3.<\/p>\n<p>Sobre la creaci\u00f3n de este nuevo corredor integrado, Llaryora puso como ejemplo lo que ocurre en los llamados valles de Punilla, Calamuchita, Paravachasca o Sierras Chicas. Y se\u00f1al\u00f3 que en el caso del noroeste \u201ctodav\u00eda no nos hemos organizado como valle tur\u00edstico, apuntando a trabajar como una regi\u00f3n\u201d. En el mismo sentido, propuso que la denominaci\u00f3n del nuevo valle surja de la decisi\u00f3n de los propios vecinos de estos cuatro departamentos cordobeses.<\/p>\n<p class=\"\">Mart\u00edn Llaryora estuvo acompa\u00f1ado por los candidatos a legislador por Pocho, Jorge \u201cPato\u201d Heredia y Patricia Cuello, por Minas, Cristian Fr\u00edas y Miriam Cuenca, por la legisladora Graciela Manzanares, el candidato a intendente de San Carlos Minas, Lucas D\u00edaz y el ex legislador Hugo Cuello.<\/p>\n<p class=\"\">\n<div class=\"ubm_banner\"><a href=\"http:\/\/www.cba.gov.ar\/prevencion-incendios\" target=\"_blank\" rel=\"dofollow noopener noreferrer\"><img src=\"http:\/\/hoycordobaweb.com\/wp-content\/uploads\/2023\/06\/llaryora-propone-la-creacion-de-un-nuevo-valle-turistico-que-unira-todo-el-noroeste-cordobes.gif\" alt=\"\"><\/a><\/div>\n<\/div>\n<\/div>\n<\/div>\n<\/div>\n<p>La entrada <a rel=\"nofollow\" href=\"https:\/\/ladecimaweb.com\/llaryora-propone-la-creacion-de-un-nuevo-valle-turistico-que-unira-todo-el-noroeste-cordobes\/\">Llaryora propone la creaci\u00f3n de un \u201cnuevo valle tur\u00edstico\u201d que unir\u00e1 todo el noroeste cordob\u00e9s<\/a> se public\u00f3 primero en <a rel=\"nofollow\" href=\"https:\/\/ladecimaweb.com\">LaDecima<\/a>.<\/p>\n","protected":false},"excerpt":{"rendered":"<p>En plena campa\u00f1a y de paso por Salsacate, San Carlos Minas, Cruz del Eje, Villa del Totoral y Sinsacate, Mart\u00edn Llaryora anunci\u00f3 este domingo que su gobierno avanzar\u00e1 hacia la integraci\u00f3n de todo el noroeste provincial a trav\u00e9s de un nuevo corredor tur\u00edstico, en una medida apuntada a favorecer y potenciar el desarrollo de las [&hellip;]<\/p>\n","protected":false},"author":1,"featured_media":61516,"comment_status":"closed","ping_status":"closed","sticky":false,"template":"","format":"standard","meta":[],"categories":[19],"tags":[],"_links":{"self":[{"href":"http:\/\/hoycordobaweb.com\/index.php\/wp-json\/wp\/v2\/posts\/61515"}],"collection":[{"href":"http:\/\/hoycordobaweb.com\/index.php\/wp-json\/wp\/v2\/posts"}],"about":[{"href":"http:\/\/hoycordobaweb.com\/index.php\/wp-json\/wp\/v2\/types\/post"}],"author":[{"embeddable":true,"href":"http:\/\/hoycordobaweb.com\/index.php\/wp-json\/wp\/v2\/users\/1"}],"replies":[{"embeddable":true,"href":"http:\/\/hoycordobaweb.com\/index.php\/wp-json\/wp\/v2\/comments?post=61515"}],"version-history":[{"count":0,"href":"http:\/\/hoycordobaweb.com\/index.php\/wp-json\/wp\/v2\/posts\/61515\/revisions"}],"wp:featuredmedia":[{"embeddable":true,"href":"http:\/\/hoycordobaweb.com\/index.php\/wp-json\/wp\/v2\/media\/61516"}],"wp:attachment":[{"href":"http:\/\/hoycordobaweb.com\/index.php\/wp-json\/wp\/v2\/media?parent=61515"}],"wp:term":[{"taxonomy":"category","embeddable":true,"href":"http:\/\/hoycordobaweb.com\/index.php\/wp-json\/wp\/v2\/categories?post=61515"},{"taxonomy":"post_tag","embeddable":true,"href":"http:\/\/hoycordobaweb.com\/index.php\/wp-json\/wp\/v2\/tags?post=61515"}],"curies":[{"name":"wp","href":"https:\/\/api.w.org\/{rel}","templated":true}]}}