{"id":61484,"date":"2023-06-10T14:05:37","date_gmt":"2023-06-10T14:05:37","guid":{"rendered":"https:\/\/www.mujerhoy.com\/moda\/no-te-pierdas\/boda-ricardo-gomez-acebo-botin-vestido-novia-invitadas-mejores-looks-enlace-20230610130525-nt.html"},"modified":"2023-06-10T14:05:37","modified_gmt":"2023-06-10T14:05:37","slug":"la-boda-de-ricardo-gomez-acebo-botin-y-monica-remartinez-el-vestido-de-la-novia-y-las-invitadas-mas-elegantes","status":"publish","type":"post","link":"http:\/\/hoycordobaweb.com\/index.php\/2023\/06\/10\/la-boda-de-ricardo-gomez-acebo-botin-y-monica-remartinez-el-vestido-de-la-novia-y-las-invitadas-mas-elegantes\/","title":{"rendered":"La boda de Ricardo G\u00f3mez-Acebo Bot\u00edn y M\u00f3nica Remart\u00ednez: el vestido de la novia y las invitadas m\u00e1s elegantes"},"content":{"rendered":"<p><!-- AUTHOR --><\/p>\n<div class=\"voc-author-timesocial \"><!-- AUTHOR --><\/p>\n<div class=\"voc-author-timesocial__signature\"><!-- IMAGE AUTHOR --><picture class=\"voc-image-signature\"><img class=\"voc-image-signature__img\" src=\"http:\/\/hoycordobaweb.com\/wp-content\/uploads\/2023\/06\/la-boda-de-ricardo-gomez-acebo-botin-y-monica-remartinez-el-vestido-de-la-novia-y-las-invitadas-mas-elegantes.jpg\" alt=\"Carla Dom\u00ednguez\"><\/picture><!-- INFO AUTHOR --><\/div>\n<\/div>\n<p><!-- COMPONENTS --><\/p>\n<p class=\"voc-paragraph\">Muchas parejas se han animado a dar el &#8216;s\u00ed, quiero&#8217; este a\u00f1o. Desde Tamara Falc\u00f3, <a data-voc-vtm-id=\"in-text-traffic\" href=\"https:\/\/www.mujerhoy.com\/celebrities\/boda-blanca-hija-carlos-sainz-vestido-novia-anillo-looks-invitadas-padrino-20230609184959-nt.html\">las hijas de Carlos Sainz,<\/a> la estilista de Isabel Preysler, y ahora tambi\u00e9n el sobrino de Ana Bot\u00edn, <strong>Ricardo G\u00f3mez-Acebo y Bot\u00edn<\/strong>. Una boda muy esperada donde el nieto de Paloma Bot\u00edn O&#8217;Shea <strong>contraer\u00e1 matrimonio con M\u00f3nica Remart\u00ednez San Pedro.<\/strong><\/p>\n<p class=\"voc-paragraph\"><strong>La boda se ha celebrado en Madrid, concretamente en Colmenar Viejo.<\/strong> Un evento nupcial que se ha llevado a cabo por una ceremonia religiosa y que seg\u00fan ha relevado la revista Vanitatis se celebrar\u00e1 posteriormente en la finca Las Jarillas.\n<\/p>\n<p class=\"voc-paragraph\">La finca <strong>Las Jarillas est\u00e1 situada en Colmenar Viejo (Madrid)<\/strong> donde los novios har\u00e1n una comida con todos los invitados. Se trata de una finca grande que era propiedad del marqu\u00e9s de Urquijo, y que posteriormente fue convirti\u00f3 el internado del rey Juan Carlos I.\n<\/p>\n<div class=\"voc-detail-photo-zoom\"><picture data-toggle=\"modal\" data-target=\"#photoZoomModal-746\" target=\"modal\">\n<div class=\"voc-img-icon-link\"><img loading=\"lazy\" data-original=\"\/\/static1.mujerhoy.com\/www\/multimedia\/202306\/10\/media\/cortadas\/vestido-novia-monica-remartinez-kE2C--460x637@MujerHoy.jpg\" class=\"lazy\" alt=\"El vestido de novia de M\u00f3nica Remartinez. Foto: Gtres.\"><noscript><img src=\"http:\/\/hoycordobaweb.com\/wp-content\/uploads\/2023\/06\/la-boda-de-ricardo-gomez-acebo-botin-y-monica-remartinez-el-vestido-de-la-novia-y-las-invitadas-mas-elegantes-1.jpg\" alt=\"El vestido de novia de M\u00f3nica Remartinez. Foto: Gtres.\"><\/noscript><i class=\"voc-icons zoom voc-multimedia-box voc-ico-l\"><\/i><\/div><figcaption class=\"figure-caption\">El vestido de novia de M\u00f3nica Remartinez. Foto: Gtres.<\/figcaption><\/picture><\/div>\n<div id=\"photoZoomModal-746\" class=\"voc-lightbox modal fade voc-lightbox--photo-zoom\" role=\"dialog\" data-voc-photozoom-lightbox>\n<div class=\"voc-lightbox__dialog\" role=\"document\">\n<div class=\"voc-lightbox__content\"><!-- Modal header --><!-- Modal content --><\/p>\n<div class=\"voc-lightbox__photo-container\"><picture class><img loading=\"lazy\" data-original=\"\/\/static1.mujerhoy.com\/www\/multimedia\/202306\/10\/media\/cortadas\/vestido-novia-monica-remartinez-kE2C--460x637@MujerHoy.jpg\" alt=\"El vestido de novia de M\u00f3nica Remartinez. Foto: Gtres.\" class=\"lazy\"><noscript><img src=\"http:\/\/hoycordobaweb.com\/wp-content\/uploads\/2023\/06\/la-boda-de-ricardo-gomez-acebo-botin-y-monica-remartinez-el-vestido-de-la-novia-y-las-invitadas-mas-elegantes-1.jpg\" alt=\"El vestido de novia de M\u00f3nica Remartinez. Foto: Gtres.\"><\/noscript><\/picture><\/div>\n<\/div>\n<\/div>\n<\/div>\n<p class=\"voc-paragraph\">La novia ha sido la protagonista acompa\u00f1ada de su padrino de boda. Luce un <strong>vestido sencillo, con faj\u00edn en la cintura y escote en pico con hombros semidescubiertos.<\/strong> Un dise\u00f1o elegante con manga francesa y una falda con larga cola. Aunque lo m\u00e1s impactante ha sido su velo de tul transparente sobre lar larga cola del vestido.\n<\/p>\n<div class=\"voc-detail-photo-zoom\"><picture data-toggle=\"modal\" data-target=\"#photoZoomModal-803\" target=\"modal\">\n<div class=\"voc-img-icon-link\"><img loading=\"lazy\" data-original=\"\/\/static1.mujerhoy.com\/www\/multimedia\/202306\/10\/media\/cortadas\/boda-novia-ricardo-gomez-botin-monica-remartinez-kE2C--460x637@MujerHoy.jpg\" class=\"lazy\" alt=\"M\u00f3nica Remart\u00ednez entrando a la iglesia el d\u00eda de su boda. Foto: Gtres.\"><noscript><img src=\"http:\/\/hoycordobaweb.com\/wp-content\/uploads\/2023\/06\/la-boda-de-ricardo-gomez-acebo-botin-y-monica-remartinez-el-vestido-de-la-novia-y-las-invitadas-mas-elegantes-2.jpg\" alt=\"M\u00f3nica Remart\u00ednez entrando a la iglesia el d\u00eda de su boda. Foto: Gtres.\"><\/noscript><i class=\"voc-icons zoom voc-multimedia-box voc-ico-l\"><\/i><\/div><figcaption class=\"figure-caption\">M\u00f3nica Remart\u00ednez entrando a la iglesia el d\u00eda de su boda. Foto: Gtres.<\/figcaption><\/picture><\/div>\n<div id=\"photoZoomModal-803\" class=\"voc-lightbox modal fade voc-lightbox--photo-zoom\" role=\"dialog\" data-voc-photozoom-lightbox>\n<div class=\"voc-lightbox__dialog\" role=\"document\">\n<div class=\"voc-lightbox__content\"><!-- Modal header --><!-- Modal content --><\/p>\n<div class=\"voc-lightbox__photo-container\"><picture class><img loading=\"lazy\" data-original=\"\/\/static1.mujerhoy.com\/www\/multimedia\/202306\/10\/media\/cortadas\/boda-novia-ricardo-gomez-botin-monica-remartinez-kE2C--460x637@MujerHoy.jpg\" alt=\"M\u00f3nica Remart\u00ednez entrando a la iglesia el d\u00eda de su boda. Foto: Gtres.\" class=\"lazy\"><noscript><img src=\"http:\/\/hoycordobaweb.com\/wp-content\/uploads\/2023\/06\/la-boda-de-ricardo-gomez-acebo-botin-y-monica-remartinez-el-vestido-de-la-novia-y-las-invitadas-mas-elegantes-2.jpg\" alt=\"M\u00f3nica Remart\u00ednez entrando a la iglesia el d\u00eda de su boda. Foto: Gtres.\"><\/noscript><\/picture><\/div>\n<\/div>\n<\/div>\n<\/div>\n<p class=\"voc-paragraph\">Los novios tambi\u00e9n han estado acompa\u00f1ados en este d\u00eda tan especial por familiares y amigos. Entre los asistentes hemos visto muchos <a data-voc-vtm-id=\"in-text-traffic\" href=\"https:\/\/www.mujerhoy.com\/moda\/no-te-pierdas\/looks-invitada-made-in-spain-favoritos-influencers-bodas-bautizos-20230226124637-nt.html\">looks de invitada<\/a> muy inspiradores. Al ser una boda de d\u00eda, la mayor\u00eda se ha ce\u00f1ido al protocolo y ha elegido propuestas de corte midi.\n<\/p>\n<div class=\"voc-detail-photo-zoom\"><picture data-toggle=\"modal\" data-target=\"#photoZoomModal-389\" target=\"modal\">\n<div class=\"voc-img-icon-link\"><img loading=\"lazy\" data-original=\"\/\/static2.mujerhoy.com\/www\/multimedia\/202306\/10\/media\/cortadas\/gomez-acebo-boda-invitadas-vestido-estampado-kE2C--460x637@MujerHoy.jpg\" class=\"lazy\" alt=\"Una invitada a la boda con vestido de Cherubina. Foto: Gtres.\"><noscript><img src=\"http:\/\/hoycordobaweb.com\/wp-content\/uploads\/2023\/06\/la-boda-de-ricardo-gomez-acebo-botin-y-monica-remartinez-el-vestido-de-la-novia-y-las-invitadas-mas-elegantes-3.jpg\" alt=\"Una invitada a la boda con vestido de Cherubina. Foto: Gtres.\"><\/noscript><i class=\"voc-icons zoom voc-multimedia-box voc-ico-l\"><\/i><\/div><figcaption class=\"figure-caption\">Una invitada a la boda con vestido de Cherubina. Foto: Gtres.<\/figcaption><\/picture><\/div>\n<div id=\"photoZoomModal-389\" class=\"voc-lightbox modal fade voc-lightbox--photo-zoom\" role=\"dialog\" data-voc-photozoom-lightbox>\n<div class=\"voc-lightbox__dialog\" role=\"document\">\n<div class=\"voc-lightbox__content\"><!-- Modal header --><!-- Modal content --><\/p>\n<div class=\"voc-lightbox__photo-container\"><picture class><img loading=\"lazy\" data-original=\"\/\/static2.mujerhoy.com\/www\/multimedia\/202306\/10\/media\/cortadas\/gomez-acebo-boda-invitadas-vestido-estampado-kE2C--460x637@MujerHoy.jpg\" alt=\"Una invitada a la boda con vestido de Cherubina. Foto: Gtres.\" class=\"lazy\"><noscript><img src=\"http:\/\/hoycordobaweb.com\/wp-content\/uploads\/2023\/06\/la-boda-de-ricardo-gomez-acebo-botin-y-monica-remartinez-el-vestido-de-la-novia-y-las-invitadas-mas-elegantes-3.jpg\" alt=\"Una invitada a la boda con vestido de Cherubina. Foto: Gtres.\"><\/noscript><\/picture><\/div>\n<\/div>\n<\/div>\n<\/div>\n<p class=\"voc-paragraph\">Una de las invitadas a la cita escogi\u00f3 un vestido midi cruzado con volantes en el bajo y tambi\u00e9n en las mangas. Es un vestido de firma espa\u00f1ola. Se trata de un dise\u00f1o de la marca Cherubina con estampado multicolor en tonos marrones, blancos y negros.\n<\/p>\n<div class=\"voc-detail-photo-zoom\"><picture data-toggle=\"modal\" data-target=\"#photoZoomModal-408\" target=\"modal\">\n<div class=\"voc-img-icon-link\"><img loading=\"lazy\" data-original=\"\/\/static3.mujerhoy.com\/www\/multimedia\/202306\/10\/media\/cortadas\/vestido-multicolor-gomez-acebo-boda-kE2C--460x637@MujerHoy.jpg\" class=\"lazy\" alt=\"Una invitada a la boda con vestido multicolor. Foto: Gtres.\"><noscript><img src=\"http:\/\/hoycordobaweb.com\/wp-content\/uploads\/2023\/06\/la-boda-de-ricardo-gomez-acebo-botin-y-monica-remartinez-el-vestido-de-la-novia-y-las-invitadas-mas-elegantes-4.jpg\" alt=\"Una invitada a la boda con vestido multicolor. Foto: Gtres.\"><\/noscript><i class=\"voc-icons zoom voc-multimedia-box voc-ico-l\"><\/i><\/div><figcaption class=\"figure-caption\">Una invitada a la boda con vestido multicolor. Foto: Gtres.<\/figcaption><\/picture><\/div>\n<div id=\"photoZoomModal-408\" class=\"voc-lightbox modal fade voc-lightbox--photo-zoom\" role=\"dialog\" data-voc-photozoom-lightbox>\n<div class=\"voc-lightbox__dialog\" role=\"document\">\n<div class=\"voc-lightbox__content\"><!-- Modal header --><!-- Modal content --><\/p>\n<div class=\"voc-lightbox__photo-container\"><picture class><img loading=\"lazy\" data-original=\"\/\/static3.mujerhoy.com\/www\/multimedia\/202306\/10\/media\/cortadas\/vestido-multicolor-gomez-acebo-boda-kE2C--460x637@MujerHoy.jpg\" alt=\"Una invitada a la boda con vestido multicolor. Foto: Gtres.\" class=\"lazy\"><noscript><img src=\"http:\/\/hoycordobaweb.com\/wp-content\/uploads\/2023\/06\/la-boda-de-ricardo-gomez-acebo-botin-y-monica-remartinez-el-vestido-de-la-novia-y-las-invitadas-mas-elegantes-4.jpg\" alt=\"Una invitada a la boda con vestido multicolor. Foto: Gtres.\"><\/noscript><\/picture><\/div>\n<\/div>\n<\/div>\n<\/div>\n<p class=\"voc-paragraph\">Otra invitada a la boda quiso lucir un vestido con estampado \u00e9tnico ideal y de corte midi. Luci\u00f3 complementos en tonos nude, como las sandalias. Aunque es cierto que quiso seguiri con el toque colorido en detalles como el clutch y el pa\u00f1uelo.\n<\/p>\n<div class=\"voc-detail-photo-zoom\"><picture data-toggle=\"modal\" data-target=\"#photoZoomModal-959\" target=\"modal\">\n<div class=\"voc-img-icon-link\"><img loading=\"lazy\" data-original=\"\/\/static3.mujerhoy.com\/www\/multimedia\/202306\/10\/media\/cortadas\/vestido-midi-boda-gomez-acebo-kE2C--460x637@MujerHoy.jpg\" class=\"lazy\" alt=\"Una invitada con un vestido de encaje en negro.\"><noscript><img src=\"http:\/\/hoycordobaweb.com\/wp-content\/uploads\/2023\/06\/la-boda-de-ricardo-gomez-acebo-botin-y-monica-remartinez-el-vestido-de-la-novia-y-las-invitadas-mas-elegantes-5.jpg\" alt=\"Una invitada con un vestido de encaje en negro.\"><\/noscript><i class=\"voc-icons zoom voc-multimedia-box voc-ico-l\"><\/i><\/div><figcaption class=\"figure-caption\">Una invitada con un vestido de encaje en negro.<\/figcaption><\/picture><\/div>\n<div id=\"photoZoomModal-959\" class=\"voc-lightbox modal fade voc-lightbox--photo-zoom\" role=\"dialog\" data-voc-photozoom-lightbox>\n<div class=\"voc-lightbox__dialog\" role=\"document\">\n<div class=\"voc-lightbox__content\"><!-- Modal header --><!-- Modal content --><\/p>\n<div class=\"voc-lightbox__photo-container\"><picture class><img loading=\"lazy\" data-original=\"\/\/static3.mujerhoy.com\/www\/multimedia\/202306\/10\/media\/cortadas\/vestido-midi-boda-gomez-acebo-kE2C--460x637@MujerHoy.jpg\" alt=\"Una invitada con un vestido de encaje en negro.\" class=\"lazy\"><noscript><img src=\"http:\/\/hoycordobaweb.com\/wp-content\/uploads\/2023\/06\/la-boda-de-ricardo-gomez-acebo-botin-y-monica-remartinez-el-vestido-de-la-novia-y-las-invitadas-mas-elegantes-5.jpg\" alt=\"Una invitada con un vestido de encaje en negro.\"><\/noscript><\/picture><\/div>\n<\/div>\n<\/div>\n<\/div>\n<p class=\"voc-paragraph\">Aunque la boda era de d\u00eda, esta invitada preferi\u00f3 elegir un vestido negro para la ocasi\u00f3n con bordados. Una opci\u00f3n elegante que acompa\u00f1\u00f3 con notas de color a trav\u00e9s de las sandalias de tac\u00f3n en color marr\u00f3n, bolso en color crudo y pendientes en dorado.\n<\/p>\n<div class=\"voc-detail-photo-zoom\"><picture data-toggle=\"modal\" data-target=\"#photoZoomModal-311\" target=\"modal\">\n<div class=\"voc-img-icon-link\"><img loading=\"lazy\" data-original=\"\/\/static.mujerhoy.com\/www\/multimedia\/202306\/10\/media\/cortadas\/vestido-invitadas-boda-gomez-acebo-kE2C--460x637@MujerHoy.jpg\" class=\"lazy\" alt=\"Una invitada con vestido de Esfascinante. Foto: Gtres.\"><noscript><img src=\"http:\/\/hoycordobaweb.com\/wp-content\/uploads\/2023\/06\/la-boda-de-ricardo-gomez-acebo-botin-y-monica-remartinez-el-vestido-de-la-novia-y-las-invitadas-mas-elegantes-6.jpg\" alt=\"Una invitada con vestido de Esfascinante. Foto: Gtres.\"><\/noscript><i class=\"voc-icons zoom voc-multimedia-box voc-ico-l\"><\/i><\/div><figcaption class=\"figure-caption\">Una invitada con vestido de Esfascinante. Foto: Gtres.<\/figcaption><\/picture><\/div>\n<div id=\"photoZoomModal-311\" class=\"voc-lightbox modal fade voc-lightbox--photo-zoom\" role=\"dialog\" data-voc-photozoom-lightbox>\n<div class=\"voc-lightbox__dialog\" role=\"document\">\n<div class=\"voc-lightbox__content\"><!-- Modal header --><!-- Modal content --><\/p>\n<div class=\"voc-lightbox__photo-container\"><picture class><img loading=\"lazy\" data-original=\"\/\/static.mujerhoy.com\/www\/multimedia\/202306\/10\/media\/cortadas\/vestido-invitadas-boda-gomez-acebo-kE2C--460x637@MujerHoy.jpg\" alt=\"Una invitada con vestido de Esfascinante. Foto: Gtres.\" class=\"lazy\"><noscript><img src=\"http:\/\/hoycordobaweb.com\/wp-content\/uploads\/2023\/06\/la-boda-de-ricardo-gomez-acebo-botin-y-monica-remartinez-el-vestido-de-la-novia-y-las-invitadas-mas-elegantes-6.jpg\" alt=\"Una invitada con vestido de Esfascinante. Foto: Gtres.\"><\/noscript><\/picture><\/div>\n<\/div>\n<\/div>\n<\/div>\n<p class=\"voc-paragraph\">Esta invitada quiso arriesgar con un vestido con fondo blanco, pero con detalles en negro, azul y verde. Una elecci\u00f3n que encontr\u00f3 en la multimarca Esfascinante. Combin\u00f3 est vestido ce\u00f1ido y de corte recto con sandalias de tac\u00f3n en teja.\n<\/p>\n<div class=\"voc-detail-photo-zoom\"><picture data-toggle=\"modal\" data-target=\"#photoZoomModal-968\" target=\"modal\">\n<div class=\"voc-img-icon-link\"><img loading=\"lazy\" data-original=\"\/\/static3.mujerhoy.com\/www\/multimedia\/202306\/10\/media\/cortadas\/vestido-cinturon-boda-gomez-acebo-kE2C--460x637@MujerHoy.jpg\" class=\"lazy\" alt=\"Una invitada a la boda con vestido verde. Foto: Gtres.\"><noscript><img src=\"http:\/\/hoycordobaweb.com\/wp-content\/uploads\/2023\/06\/la-boda-de-ricardo-gomez-acebo-botin-y-monica-remartinez-el-vestido-de-la-novia-y-las-invitadas-mas-elegantes-7.jpg\" alt=\"Una invitada a la boda con vestido verde. Foto: Gtres.\"><\/noscript><i class=\"voc-icons zoom voc-multimedia-box voc-ico-l\"><\/i><\/div><figcaption class=\"figure-caption\">Una invitada a la boda con vestido verde. Foto: Gtres.<\/figcaption><\/picture><\/div>\n<div id=\"photoZoomModal-968\" class=\"voc-lightbox modal fade voc-lightbox--photo-zoom\" role=\"dialog\" data-voc-photozoom-lightbox>\n<div class=\"voc-lightbox__dialog\" role=\"document\">\n<div class=\"voc-lightbox__content\"><!-- Modal header --><!-- Modal content --><\/p>\n<div class=\"voc-lightbox__photo-container\"><picture class><img loading=\"lazy\" data-original=\"\/\/static3.mujerhoy.com\/www\/multimedia\/202306\/10\/media\/cortadas\/vestido-cinturon-boda-gomez-acebo-kE2C--460x637@MujerHoy.jpg\" alt=\"Una invitada a la boda con vestido verde. Foto: Gtres.\" class=\"lazy\"><noscript><img src=\"http:\/\/hoycordobaweb.com\/wp-content\/uploads\/2023\/06\/la-boda-de-ricardo-gomez-acebo-botin-y-monica-remartinez-el-vestido-de-la-novia-y-las-invitadas-mas-elegantes-7.jpg\" alt=\"Una invitada a la boda con vestido verde. Foto: Gtres.\"><\/noscript><\/picture><\/div>\n<\/div>\n<\/div>\n<\/div>\n<p class=\"voc-paragraph\">Con cintur\u00f3n y en color verde. Esta invitada a la boda de la pareja quiso apostar por un vestido colorido y enfatizar la silueta con la ayuda de un cintur\u00f3n ancho. Acompa\u00f1o el look con unos pendientes en el mismo color del vestido y un bolso de mano.\n<\/p>\n<p><!-- TOPICS --><\/p>\n","protected":false},"excerpt":{"rendered":"<p>Muchas parejas se han animado a dar el &#8216;s\u00ed, quiero&#8217; este a\u00f1o. Desde Tamara Falc\u00f3, las hijas de Carlos Sainz, la estilista de Isabel Preysler, y ahora tambi\u00e9n el sobrino de Ana Bot\u00edn, Ricardo G\u00f3mez-Acebo y Bot\u00edn. Una boda muy esperada donde el nieto de Paloma Bot\u00edn O&#8217;Shea contraer\u00e1 matrimonio con M\u00f3nica Remart\u00ednez San Pedro. [&hellip;]<\/p>\n","protected":false},"author":1,"featured_media":61485,"comment_status":"closed","ping_status":"closed","sticky":false,"template":"","format":"standard","meta":[],"categories":[1],"tags":[],"_links":{"self":[{"href":"http:\/\/hoycordobaweb.com\/index.php\/wp-json\/wp\/v2\/posts\/61484"}],"collection":[{"href":"http:\/\/hoycordobaweb.com\/index.php\/wp-json\/wp\/v2\/posts"}],"about":[{"href":"http:\/\/hoycordobaweb.com\/index.php\/wp-json\/wp\/v2\/types\/post"}],"author":[{"embeddable":true,"href":"http:\/\/hoycordobaweb.com\/index.php\/wp-json\/wp\/v2\/users\/1"}],"replies":[{"embeddable":true,"href":"http:\/\/hoycordobaweb.com\/index.php\/wp-json\/wp\/v2\/comments?post=61484"}],"version-history":[{"count":0,"href":"http:\/\/hoycordobaweb.com\/index.php\/wp-json\/wp\/v2\/posts\/61484\/revisions"}],"wp:featuredmedia":[{"embeddable":true,"href":"http:\/\/hoycordobaweb.com\/index.php\/wp-json\/wp\/v2\/media\/61485"}],"wp:attachment":[{"href":"http:\/\/hoycordobaweb.com\/index.php\/wp-json\/wp\/v2\/media?parent=61484"}],"wp:term":[{"taxonomy":"category","embeddable":true,"href":"http:\/\/hoycordobaweb.com\/index.php\/wp-json\/wp\/v2\/categories?post=61484"},{"taxonomy":"post_tag","embeddable":true,"href":"http:\/\/hoycordobaweb.com\/index.php\/wp-json\/wp\/v2\/tags?post=61484"}],"curies":[{"name":"wp","href":"https:\/\/api.w.org\/{rel}","templated":true}]}}