{"id":61464,"date":"2023-06-10T13:17:41","date_gmt":"2023-06-10T13:17:41","guid":{"rendered":"https:\/\/ladecimaweb.com\/?p=16966"},"modified":"2023-06-10T13:17:41","modified_gmt":"2023-06-10T13:17:41","slug":"desarticulan-una-banda-que-cometia-robos-en-alta-gracia","status":"publish","type":"post","link":"http:\/\/hoycordobaweb.com\/index.php\/2023\/06\/10\/desarticulan-una-banda-que-cometia-robos-en-alta-gracia\/","title":{"rendered":"Desarticulan una banda que comet\u00eda robos en Alta Gracia"},"content":{"rendered":"<div class=\"boldgrid-section\">\n<div class=\"container\">\n<div class=\"row\">\n<div class=\"col-md-12 col-xs-12 col-sm-12\">\n<p class=\"\">La Fiscal\u00eda de Instrucci\u00f3n de Primer Turno de Alta Gracia, orden\u00f3 la prisi\u00f3n preventiva de dos imputados de 30 y 31 a\u00f1os, ambos con domicilio en la ciudad de C\u00f3rdoba, a quienes se los acusa de diversos robos a comercios de las ciudades de Despe\u00f1aderos y Alta Gracia, Monte Cristo y Rio Primero. Los hechos ocurrieron entre los meses de marzo y abril de 2023, cuya caracter\u00edstica esencial era que los ejecutaban en horas de la madrugada mientras no hab\u00eda persona alguna, modalidad denominada com\u00fanmente como \u201cescruche\u201d.<\/p>\n<p class=\"\">En la pesquisa se pudo determinar que se trasladaban en veh\u00edculos tipo utilitarios a los que le sustitu\u00edan su chapa patente original para evitar ser reconocidos por las c\u00e1maras de seguridad y, tras seleccionar el comercio que iban a robar, con alg\u00fan elemento forzaban la cerradura de la puerta principal y acced\u00edan al interior de los locales comerciales, donde se apoderaban de gran cantidad de cosas de valor econ\u00f3mico.<\/p>\n<p class=\"\">Se presume que los malvivientes operaban esencialmente en la periferia de la ciudad de C\u00f3rdoba y que con las detenciones se desarticul\u00f3 la sociedad criminal, no obstante, prosigue la investigaci\u00f3n y no se descartan nuevas imputaciones y detenciones.<\/p>\n<p>Los imputados permanecen alojados en el Establecimiento Penitenciario de Bouwer.<\/p>\n<div class=\"ubm_banner\"><a href=\"http:\/\/www.cba.gov.ar\/prevencion-incendios\" target=\"_blank\" rel=\"dofollow noopener noreferrer\"><img src=\"http:\/\/hoycordobaweb.com\/wp-content\/uploads\/2023\/06\/desarticulan-una-banda-que-cometia-robos-en-alta-gracia.gif\" alt=\"\"><\/a><\/div>\n<\/div>\n<\/div>\n<\/div>\n<\/div>\n<p>La entrada <a rel=\"nofollow\" href=\"https:\/\/ladecimaweb.com\/desarticulan-una-banda-que-cometia-robos-en-alta-gracia\/\">Desarticulan una banda que comet\u00eda robos en Alta Gracia<\/a> se public\u00f3 primero en <a rel=\"nofollow\" href=\"https:\/\/ladecimaweb.com\">LaDecima<\/a>.<\/p>\n","protected":false},"excerpt":{"rendered":"<p>La Fiscal\u00eda de Instrucci\u00f3n de Primer Turno de Alta Gracia, orden\u00f3 la prisi\u00f3n preventiva de dos imputados de 30 y 31 a\u00f1os, ambos con domicilio en la ciudad de C\u00f3rdoba, a quienes se los acusa de diversos robos a comercios de las ciudades de Despe\u00f1aderos y Alta Gracia, Monte Cristo y Rio Primero. Los hechos [&hellip;]<\/p>\n","protected":false},"author":1,"featured_media":61465,"comment_status":"closed","ping_status":"closed","sticky":false,"template":"","format":"standard","meta":[],"categories":[19],"tags":[],"_links":{"self":[{"href":"http:\/\/hoycordobaweb.com\/index.php\/wp-json\/wp\/v2\/posts\/61464"}],"collection":[{"href":"http:\/\/hoycordobaweb.com\/index.php\/wp-json\/wp\/v2\/posts"}],"about":[{"href":"http:\/\/hoycordobaweb.com\/index.php\/wp-json\/wp\/v2\/types\/post"}],"author":[{"embeddable":true,"href":"http:\/\/hoycordobaweb.com\/index.php\/wp-json\/wp\/v2\/users\/1"}],"replies":[{"embeddable":true,"href":"http:\/\/hoycordobaweb.com\/index.php\/wp-json\/wp\/v2\/comments?post=61464"}],"version-history":[{"count":0,"href":"http:\/\/hoycordobaweb.com\/index.php\/wp-json\/wp\/v2\/posts\/61464\/revisions"}],"wp:featuredmedia":[{"embeddable":true,"href":"http:\/\/hoycordobaweb.com\/index.php\/wp-json\/wp\/v2\/media\/61465"}],"wp:attachment":[{"href":"http:\/\/hoycordobaweb.com\/index.php\/wp-json\/wp\/v2\/media?parent=61464"}],"wp:term":[{"taxonomy":"category","embeddable":true,"href":"http:\/\/hoycordobaweb.com\/index.php\/wp-json\/wp\/v2\/categories?post=61464"},{"taxonomy":"post_tag","embeddable":true,"href":"http:\/\/hoycordobaweb.com\/index.php\/wp-json\/wp\/v2\/tags?post=61464"}],"curies":[{"name":"wp","href":"https:\/\/api.w.org\/{rel}","templated":true}]}}