{"id":61451,"date":"2023-06-10T11:25:00","date_gmt":"2023-06-10T11:25:00","guid":{"rendered":"https:\/\/fm-comunicar.com.ar\/contenido\/20316\/el-instituto-especial-nino-jesus-paso-a-ser-escuela-publica-provincial"},"modified":"2023-06-10T11:25:00","modified_gmt":"2023-06-10T11:25:00","slug":"el-instituto-especial-nino-jesus-paso-a-ser-escuela-publica-provincial","status":"publish","type":"post","link":"http:\/\/hoycordobaweb.com\/index.php\/2023\/06\/10\/el-instituto-especial-nino-jesus-paso-a-ser-escuela-publica-provincial\/","title":{"rendered":"El Instituto Especial Ni\u00f1o Jes\u00fas pas\u00f3 a ser Escuela P\u00fablica Provincial"},"content":{"rendered":"<p>Esta semana se firm\u00f3 el decreto despu\u00e9s de ocho a\u00f1os de gestiones y se hizo el acto el viernes. El colegio ahora trabajar\u00e1 para crear su cooperadora y pedir su inclusi\u00f3n al Festival de Doma y Folklore.<img src=\"http:\/\/hoycordobaweb.com\/wp-content\/uploads\/2023\/06\/el-instituto-especial-nino-jesus-paso-a-ser-escuela-publica-provincial.jpg\"><\/p>\n","protected":false},"excerpt":{"rendered":"<p>Esta semana se firm\u00f3 el decreto despu\u00e9s de ocho a\u00f1os de gestiones y se hizo el acto el viernes. El colegio ahora trabajar\u00e1 para crear su cooperadora y pedir su inclusi\u00f3n al Festival de Doma y Folklore.<\/p>\n","protected":false},"author":1,"featured_media":61452,"comment_status":"closed","ping_status":"closed","sticky":false,"template":"","format":"standard","meta":[],"categories":[18],"tags":[],"_links":{"self":[{"href":"http:\/\/hoycordobaweb.com\/index.php\/wp-json\/wp\/v2\/posts\/61451"}],"collection":[{"href":"http:\/\/hoycordobaweb.com\/index.php\/wp-json\/wp\/v2\/posts"}],"about":[{"href":"http:\/\/hoycordobaweb.com\/index.php\/wp-json\/wp\/v2\/types\/post"}],"author":[{"embeddable":true,"href":"http:\/\/hoycordobaweb.com\/index.php\/wp-json\/wp\/v2\/users\/1"}],"replies":[{"embeddable":true,"href":"http:\/\/hoycordobaweb.com\/index.php\/wp-json\/wp\/v2\/comments?post=61451"}],"version-history":[{"count":0,"href":"http:\/\/hoycordobaweb.com\/index.php\/wp-json\/wp\/v2\/posts\/61451\/revisions"}],"wp:featuredmedia":[{"embeddable":true,"href":"http:\/\/hoycordobaweb.com\/index.php\/wp-json\/wp\/v2\/media\/61452"}],"wp:attachment":[{"href":"http:\/\/hoycordobaweb.com\/index.php\/wp-json\/wp\/v2\/media?parent=61451"}],"wp:term":[{"taxonomy":"category","embeddable":true,"href":"http:\/\/hoycordobaweb.com\/index.php\/wp-json\/wp\/v2\/categories?post=61451"},{"taxonomy":"post_tag","embeddable":true,"href":"http:\/\/hoycordobaweb.com\/index.php\/wp-json\/wp\/v2\/tags?post=61451"}],"curies":[{"name":"wp","href":"https:\/\/api.w.org\/{rel}","templated":true}]}}