{"id":61362,"date":"2023-06-09T02:11:01","date_gmt":"2023-06-09T02:11:01","guid":{"rendered":"https:\/\/www.ole.com.ar\/racing\/racing-flamengo-libertadores-primero-necesita_0_mw9gxo74IY.html"},"modified":"2023-06-09T02:11:01","modified_gmt":"2023-06-09T02:11:01","slug":"que-necesita-racing-para-ganar-el-grupo","status":"publish","type":"post","link":"http:\/\/hoycordobaweb.com\/index.php\/2023\/06\/09\/que-necesita-racing-para-ganar-el-grupo\/","title":{"rendered":"\u00bfQu\u00e9 necesita Racing para ganar el grupo?"},"content":{"rendered":"<p><img src=\"http:\/\/hoycordobaweb.com\/wp-content\/uploads\/2023\/06\/que-necesita-racing-para-ganar-el-grupo.jpg\"><\/p>\n<p><time class=\"createDate\" datetime=\"2023-06-08T23:11:01-03:00\">08\/06\/2023 23:11hs.<\/time><time class=\"modificatedDate\" datetime=\"2023\/06\/08T23:11:00-03:00\"><\/time><\/p>\n<div id=\"storyBody\">\n<div class=\"custom-text \" readability=\"9.8297872340426\">\n<p><a href=\"https:\/\/www.ole.com.ar\/racing\/racing-flamengo-copa-libertadores_0_FNyKSt5YOH.html\" target=\"_blank\" rel=\"noopener noreferrer\">Racing cay\u00f3 2 a 1 ante Flamengo <\/a>en el Maracan\u00e1 por la quinta fecha de la fase de grupos de la <a href=\"https:\/\/www.ole.com.ar\/racing\/%5Bobject%20Object%5D\" rel=\"noopener noreferrer\" target=\"_blank\">Copa Libertadores<\/a><a href=\"https:\/\/www.ole.com.ar\/racing\/%5Bobject%20Object%5D\" target=\"_blank\" rel=\"noopener noreferrer\">.<\/a> El equipo de Fernando Gago sali\u00f3 a jugar con la tranquilidad de que ya estaba clasificado para los octavos de final de la competencia. Y la derrota no tuvo consecuencias graves: sigue l\u00edder en su zona. Lo que el hincha de la Academia quiere saber es qu\u00e9 necesita para terminar primero, lo que lo llevar\u00eda a enfrentar a un segundo en la siguiente fase.<\/p>\n<\/div>\n<p><h2><strong>Las opciones<\/strong><\/h2>\n<\/p>\n<div class=\"custom-text \" readability=\"15.6726342711\">\n<p> Racing cerrar\u00e1 su participaci\u00f3n en la fase con el match ante \u00d1ublense, de Chile, el 28 de junio en el Cilindr<strong>o. De ganar ante los chilenos, se asegurar\u00e1 el primer lugar<\/strong>. <strong>Tambi\u00e9n, si <\/strong><a href=\"https:\/\/www.ole.com.ar\/racing\/%5Bobject%20Object%5D\" rel=\"noopener noreferrer\" target=\"_blank\"><strong>Flamengo <\/strong><\/a><strong>no supera a Aucas, <\/strong>el mismo d\u00eda en el Maracan\u00e1. \u00bfQu\u00e9 ocurrir\u00e1 si el equipo argentino empata y el brasile\u00f1o gana? Habr\u00e1 igualdad en 11 puntos, por lo que se definir\u00e1 por diferencia de gol.<\/p>\n<\/div>\n<div class=\"custom-text \" readability=\"15\">\n<p><strong>En esa circunstancia, en caso de que Flamengo gane por un gol de diferencia, ambos equipos quedar\u00edan con m\u00e1s tres de diferencia de gol, pero Racing posee mayor cantidad de tantos (9) a (7). Por eso, pasar\u00eda la Academia si empata 0 a 0 y Flamengo vence 1 a 0.<\/strong> Si el equipo de R\u00edo de Janeiro gana por dos o m\u00e1s goles de diferencia ante los ecuatorianos y el de Avellaneda iguala con los trasandinos, el primer lugar ser\u00e1 para los brasile\u00f1os.<\/p>\n<\/div>\n<div class=\"custom-text \" readability=\"14\">\n<p><strong>\u00bfQu\u00e9 ocurrir\u00e1 si Flamengo gana 2 a 1 y Racing empata 0 a 0?<\/strong> En ese caso, habr\u00eda igualdad tanto en diferencia de gol (+3) como en goles a favor (9). Pero<strong> los de Gago terminar\u00edan primeros porque se aplica el criterio de goles de visitante<\/strong>: la Academia acumula 5 y el Fla, 3. Y, como ambos definen de local, ese \u00edtem no puede modificarse. <\/p>\n<\/div>\n<div class=\"sc-e7b891c4-0 jPbnQF\"><img alt=\"Paolo Guerrero, de Racing, ante Flamengo.\" src=\"http:\/\/hoycordobaweb.com\/wp-content\/uploads\/2023\/06\/que-necesita-racing-para-ganar-el-grupo-2.jpg\" width=\"72\" height=\"10\" decoding=\"async\" data-nimg=\"future\" loading=\"lazy\"><span class=\"epigraphe\">Paolo Guerrero, de Racing, ante Flamengo.<\/span><\/div>\n<div class=\"sc-e7b891c4-0 jPbnQF\"><img alt=\"El festejo del gol de Rojas: sirve para definir el primer lugar. \" src=\"http:\/\/hoycordobaweb.com\/wp-content\/uploads\/2023\/06\/que-necesita-racing-para-ganar-el-grupo-3.jpg\" width=\"72\" height=\"10\" decoding=\"async\" data-nimg=\"future\" loading=\"lazy\"><span class=\"epigraphe\">El festejo del gol de Rojas: sirve para definir el primer lugar. <\/span><\/div>\n<div class=\"sc-7ce6049-0 dwIKul\">\n<div class=\"sc-7ce6049-1 bdcBBS videoText\" id=\"contentTitleundefinedIorEYHMi\" readability=\"6\"><svg fill=\"#ffffff\"><symbol id=\"play\" viewBox=\"0 0 512 512\"><path d=\"M512 256C512 397.4 397.4 512 256 512C114.6 512 0 397.4 0 256C0 114.6 114.6 0 256 0C397.4 0 512 114.6 512 256zM176 168V344C176 352.7 180.7 360.7 188.3 364.9C195.8 369.2 205.1 369 212.5 364.5L356.5 276.5C363.6 272.1 368 264.4 368 256C368 247.6 363.6 239.9 356.5 235.5L212.5 147.5C205.1 142.1 195.8 142.8 188.3 147.1C180.7 151.3 176 159.3 176 168V168z\" \/><\/symbol><use xlink:href=\"#play\" \/><\/svg><\/p>\n<div class=\"right\" readability=\"7\">\n<p>Copa Libertadores<!-- --> &#8211;<!-- --> <span>8-6-2023<\/span><\/p>\n<h2 class=\"title-vid\">Rojas lo empat\u00f3 para Racing<\/h2>\n<\/div>\n<\/div>\n<p><span class=\"back\" id=\"spanBackundefinedIorEYHMi\"><\/span><\/div>\n<div class=\"sc-a7166897-0 exHLBh\" readability=\"6\">\n<section readability=\"2\"><picture><img alt=\"Video: el golazo de Rojas en el Maracan\u00e1 a poco de irse\" src=\"http:\/\/hoycordobaweb.com\/wp-content\/uploads\/2023\/06\/que-necesita-racing-para-ganar-el-grupo-4.jpg\" width=\"29\" height=\"29\" decoding=\"async\" data-nimg=\"future\" loading=\"lazy\"><\/picture>\n<p><span>Mir\u00e1 tambi\u00e9n<\/span><\/p>\n<hr>\n<h3>Video: el golazo de Rojas en el Maracan\u00e1 a poco de irse<\/h3>\n<\/p>\n<\/section>\n<\/div>\n<div class=\"sc-a7166897-0 exHLBh\" readability=\"6\">\n<section readability=\"2\"><picture><img alt=\"Racing perdi\u00f3 y no se asegur\u00f3 ser primero\" src=\"http:\/\/hoycordobaweb.com\/wp-content\/uploads\/2023\/06\/que-necesita-racing-para-ganar-el-grupo-5.jpg\" width=\"29\" height=\"29\" decoding=\"async\" data-nimg=\"future\" loading=\"lazy\"><\/picture>\n<p><span>Mir\u00e1 tambi\u00e9n<\/span><\/p>\n<hr>\n<h3>Racing perdi\u00f3 y no se asegur\u00f3 ser primero<\/h3>\n<\/p>\n<\/section>\n<\/div>\n<\/div>\n","protected":false},"excerpt":{"rendered":"<p>08\/06\/2023 23:11hs. Racing cay\u00f3 2 a 1 ante Flamengo en el Maracan\u00e1 por la quinta fecha de la fase de grupos de la Copa Libertadores. El equipo de Fernando Gago sali\u00f3 a jugar con la tranquilidad de que ya estaba clasificado para los octavos de final de la competencia. Y la derrota no tuvo consecuencias [&hellip;]<\/p>\n","protected":false},"author":1,"featured_media":61363,"comment_status":"open","ping_status":"closed","sticky":false,"template":"","format":"standard","meta":[],"categories":[16],"tags":[],"_links":{"self":[{"href":"http:\/\/hoycordobaweb.com\/index.php\/wp-json\/wp\/v2\/posts\/61362"}],"collection":[{"href":"http:\/\/hoycordobaweb.com\/index.php\/wp-json\/wp\/v2\/posts"}],"about":[{"href":"http:\/\/hoycordobaweb.com\/index.php\/wp-json\/wp\/v2\/types\/post"}],"author":[{"embeddable":true,"href":"http:\/\/hoycordobaweb.com\/index.php\/wp-json\/wp\/v2\/users\/1"}],"replies":[{"embeddable":true,"href":"http:\/\/hoycordobaweb.com\/index.php\/wp-json\/wp\/v2\/comments?post=61362"}],"version-history":[{"count":0,"href":"http:\/\/hoycordobaweb.com\/index.php\/wp-json\/wp\/v2\/posts\/61362\/revisions"}],"wp:featuredmedia":[{"embeddable":true,"href":"http:\/\/hoycordobaweb.com\/index.php\/wp-json\/wp\/v2\/media\/61363"}],"wp:attachment":[{"href":"http:\/\/hoycordobaweb.com\/index.php\/wp-json\/wp\/v2\/media?parent=61362"}],"wp:term":[{"taxonomy":"category","embeddable":true,"href":"http:\/\/hoycordobaweb.com\/index.php\/wp-json\/wp\/v2\/categories?post=61362"},{"taxonomy":"post_tag","embeddable":true,"href":"http:\/\/hoycordobaweb.com\/index.php\/wp-json\/wp\/v2\/tags?post=61362"}],"curies":[{"name":"wp","href":"https:\/\/api.w.org\/{rel}","templated":true}]}}